{"id":881,"date":"2010-05-15T22:37:40","date_gmt":"2010-05-15T20:37:40","guid":{"rendered":"http:\/\/www.tenis-krka.org\/?p=881"},"modified":"2019-05-27T15:16:54","modified_gmt":"2019-05-27T13:16:54","slug":"veteranska-teniska-reprezentanca-izgubila-povratno-srecanje","status":"publish","type":"post","link":"https:\/\/www.tenis-krka.org\/?p=881","title":{"rendered":"Veteranska teni\u0161ka reprezentanca izgubila povratno sre\u010danje"},"content":{"rendered":"<p>Tudi 2. tradicionalno sre\u010danje\u00a0 teni\u0161kih veteranov\u00a0 Slovenije in Hrva\u0161ke Istre, ki ga je organiziral TK Oto\u010dec pod pokroviteljstvom TZS in Terme Oto\u010dec zadnjo aprilsko soboto, so dobili gostje z rezultatom <strong>4\/6<\/strong>. Kljub porazu pa so tako slovenski reprezentantje kot gostje iz Hrva\u0161ke Istre,\u00a0 domov od\u0161li prijetno presene\u010deni in nadvse zadovoljni z lepo urejenim \u0161portnimi\u00a0 objekti in napravami, vljudnostjo osebja in maksimalnim\u00a0 gostoljubjem.<\/p>\n<p>Doma\u010dini so se zares izkazali. Manjkal je samo rezultat, pa tudi ta bo pri\u0161el. \u017de v naprej napovedano gostovanje slovenske reprezentance na 3. tovrstnem sre\u010danju\u00a0 na Brionih v mesecu oktobru 2010, bo prilika za ugodnej\u0161i rezultat. \u017de sam rezultat nakazuje izena\u010denost ekip.\u00a0 V opravi\u010dilo porazu slovenskih reprezentatov, pa je potrebno po\u0161teno priznati, da so reprezentantje Istre bolj\u0161i, vi\u0161je kotirajo na mednarodnih lestvicah za veterane, na vse zadnje pa imajo zelo izena\u010deno reprezentanco.<\/p>\n<p>Selektor slovenskih reprezentantov Sa\u0161o Svolj\u0161ak in njegov namestnik Franci Hrovat sta tako pred te\u017eko nalogo.<\/p>\n<p>Majda Srebrnjak<\/p>\n<p>Koper, 3.5.2010<!--more--><\/p>\n<p><strong>Rezultati:<\/strong><\/p>\n<p>Posami\u010dni dvoboji:<\/p>\n<p>+35\u00a0\u00a0\u00a0\u00a0\u00a0 Aleksander BRADA\u010c (NM) : Darko CERNEHA ( Buzet)\u00a0\u00a0\u00a0\u00a0\u00a0\u00a0\u00a0\u00a0\u00a0\u00a0\u00a0 6\/1, 6\/1\u00a0\u00a0\u00a0\u00a0\u00a0\u00a0\u00a0\u00a0\u00a0\u00a0\u00a0\u00a0\u00a0\u00a0\u00a0\u00a0\u00a0\u00a0\u00a0\u00a0\u00a0 1\/0<\/p>\n<p>+40\u00a0\u00a0\u00a0\u00a0\u00a0 Sandi PETKOV\u0160EK (LJ) :\u00a0 Petar BA\u010cI\u010c (Pula)\u00a0\u00a0\u00a0\u00a0\u00a0\u00a0\u00a0\u00a0\u00a0\u00a0\u00a0\u00a0\u00a0\u00a0\u00a0\u00a0\u00a0\u00a0\u00a0\u00a0\u00a0\u00a0\u00a0\u00a0\u00a0\u00a0\u00a0\u00a0 1\/6, 4\/6\u00a0\u00a0\u00a0\u00a0\u00a0\u00a0\u00a0\u00a0\u00a0 \u00a0\u00a0\u00a0\u00a0\u00a0\u00a0\u00a0\u00a0\u00a0\u00a0 \u00a0 1\/1<\/p>\n<p>+45\u00a0\u00a0\u00a0\u00a0\u00a0 Ivo BELI\u0160 ( SL.GR) : Davor BRENKO\u00a0 (Pula)\u00a0\u00a0\u00a0\u00a0\u00a0\u00a0\u00a0\u00a0\u00a0\u00a0\u00a0\u00a0\u00a0\u00a0\u00a0\u00a0\u00a0\u00a0\u00a0\u00a0\u00a0\u00a0\u00a0\u00a0\u00a0\u00a0\u00a0\u00a0\u00a0\u00a0\u00a0 6\/1, 6\/1\u00a0\u00a0\u00a0\u00a0\u00a0\u00a0\u00a0\u00a0\u00a0\u00a0\u00a0\u00a0\u00a0\u00a0\u00a0\u00a0\u00a0\u00a0\u00a0\u00a0 \u00a0\u00a0 2\/1<\/p>\n<p>+50\u00a0\u00a0\u00a0\u00a0\u00a0 Giuliano NEMARNIK (KP) : Arone JANKO ( Pula)\u00a0\u00a0\u00a0\u00a0\u00a0\u00a0\u00a0\u00a0\u00a0\u00a0\u00a0\u00a0\u00a0\u00a0\u00a0\u00a0\u00a0\u00a0 2\/6, 6\/4, 2\/10\u00a0\u00a0\u00a0\u00a0\u00a0\u00a0\u00a0\u00a0\u00a0\u00a0 2\/2<\/p>\n<p>+55\u00a0\u00a0\u00a0\u00a0\u00a0 Igor RAKUN ( LJ) : \u010cedomir MILEVOJ (Buje)\u00a0\u00a0\u00a0\u00a0\u00a0\u00a0\u00a0\u00a0\u00a0\u00a0\u00a0\u00a0\u00a0\u00a0\u00a0\u00a0\u00a0\u00a0\u00a0\u00a0\u00a0\u00a0\u00a0\u00a0\u00a0\u00a0 2\/6, 3\/6\u00a0\u00a0\u00a0\u00a0\u00a0\u00a0\u00a0\u00a0\u00a0\u00a0\u00a0\u00a0\u00a0\u00a0\u00a0\u00a0\u00a0\u00a0\u00a0\u00a0 \u00a0\u00a0 2\/3<\/p>\n<p>+60\u00a0\u00a0\u00a0\u00a0\u00a0 Du\u0161an ILOVAR ( NM): Romano ORLI\u010c (Pula)\u00a0\u00a0\u00a0\u00a0\u00a0\u00a0\u00a0\u00a0\u00a0\u00a0\u00a0\u00a0\u00a0\u00a0\u00a0\u00a0\u00a0\u00a0\u00a0\u00a0\u00a0\u00a0\u00a0\u00a0\u00a0\u00a0 2\/6, 2\/6\u00a0\u00a0\u00a0\u00a0\u00a0\u00a0\u00a0\u00a0\u00a0\u00a0\u00a0\u00a0\u00a0\u00a0\u00a0\u00a0\u00a0\u00a0\u00a0\u00a0\u00a0\u00a0\u00a0\u00a0 2\/4<\/p>\n<p>+65\u00a0\u00a0\u00a0\u00a0\u00a0 Bogdan ANDREJA\u0160I\u010c : Viktor KRI\u017dMAN (Pula)\u00a0\u00a0\u00a0\u00a0\u00a0\u00a0\u00a0\u00a0\u00a0\u00a0\u00a0 \u00a0 \u00a0 \u00a0 \u00a0 \u00a0 6\/0, 6\/1\u00a0\u00a0\u00a0\u00a0\u00a0\u00a0\u00a0\u00a0\u00a0\u00a0\u00a0\u00a0\u00a0\u00a0\u00a0\u00a0\u00a0\u00a0\u00a0\u00a0\u00a0\u00a0\u00a0\u00a0 3\/4<\/p>\n<p><strong>Dvojice:<\/strong><\/p>\n<p>Brada\u010d\/ Petkov\u0161ek : Cerneha\/ Ba\u010di\u010d\u00a0\u00a0\u00a0\u00a0\u00a0\u00a0\u00a0\u00a0\u00a0\u00a0\u00a0\u00a0\u00a0\u00a0\u00a0\u00a0\u00a0\u00a0\u00a0\u00a0\u00a0\u00a0\u00a0\u00a0 \u00a0 \u00a0 \u00a0 4\/6, 6\/4, 9\/11\u00a0\u00a0\u00a0\u00a0\u00a0\u00a0\u00a0\u00a0\u00a0\u00a0\u00a0\u00a0\u00a0\u00a0\u00a0\u00a0\u00a0\u00a0\u00a0\u00a0\u00a0\u00a0\u00a0\u00a0\u00a0\u00a0\u00a0\u00a0\u00a0\u00a0\u00a0\u00a0\u00a0\u00a0\u00a0 3\/5<\/p>\n<p>Beli\u0161\/ Nemarnik\u00a0\u00a0 : Janko\/Brenko\u00a0\u00a0\u00a0\u00a0\u00a0\u00a0\u00a0\u00a0\u00a0\u00a0\u00a0\u00a0\u00a0\u00a0\u00a0\u00a0\u00a0\u00a0\u00a0\u00a0\u00a0\u00a0\u00a0 \u00a0\u00a0\u00a0\u00a0\u00a0\u00a0\u00a0\u00a0\u00a0\u00a0\u00a0 3\/6, 6\/4, 10\/4\u00a0\u00a0\u00a0\u00a0\u00a0\u00a0\u00a0\u00a0\u00a0\u00a0\u00a0\u00a0\u00a0\u00a0\u00a0\u00a0\u00a0\u00a0\u00a0\u00a0\u00a0\u00a0\u00a0\u00a0\u00a0\u00a0\u00a0\u00a0\u00a0\u00a0\u00a0\u00a0\u00a0\u00a0\u00a0 4\/5<\/p>\n<p>Rakun\/Ilovar : Orli\u010d\/Mileti\u010d\u00a0\u00a0\u00a0\u00a0\u00a0\u00a0\u00a0\u00a0\u00a0\u00a0\u00a0\u00a0\u00a0\u00a0\u00a0\u00a0\u00a0\u00a0\u00a0\u00a0\u00a0\u00a0\u00a0\u00a0\u00a0\u00a0\u00a0\u00a0\u00a0\u00a0\u00a0\u00a0 \u00a0\u00a0\u00a0\u00a0\u00a0 \u00a0\u00a0\u00a0\u00a0\u00a0 \/4,6\/7, 5\/10 \u00a0\u00a0\u00a0\u00a0\u00a0\u00a0\u00a0\u00a0\u00a0\u00a0\u00a0\u00a0\u00a0\u00a0\u00a0\u00a0\u00a0\u00a0\u00a0\u00a0\u00a0\u00a0\u00a0\u00a0\u00a0\u00a0\u00a0\u00a0\u00a0\u00a0\u00a0 \u00a0 \u00a0\u00a0 \u00a0 4\/6<\/p>\nngg_shortcode_0_placeholder\n","protected":false},"excerpt":{"rendered":"<p>Tudi 2. tradicionalno sre\u010danje\u00a0 teni\u0161kih veteranov\u00a0 Slovenije in Hrva\u0161ke Istre, ki ga je organiziral TK Oto\u010dec pod pokroviteljstvom TZS in Terme Oto\u010dec zadnjo aprilsko soboto, so dobili gostje z rezultatom 4\/6. Kljub porazu pa so tako slovenski reprezentantje kot gostje iz Hrva\u0161ke Istre,\u00a0 domov od\u0161li prijetno presene\u010deni in nadvse zadovoljni z lepo urejenim \u0161portnimi\u00a0 objekti [&hellip;]<\/p>\n","protected":false},"author":1,"featured_media":0,"comment_status":"closed","ping_status":"closed","sticky":false,"template":"","format":"standard","meta":{"ngg_post_thumbnail":0,"footnotes":""},"categories":[4,32],"tags":[],"class_list":["post-881","post","type-post","status-publish","format-standard","hentry","category-dog","category-veteranska-sekcija"],"aioseo_notices":[],"aioseo_head":"\n\t\t<!-- All in One SEO 4.9.10 - aioseo.com -->\n\t<meta name=\"description\" content=\"Tudi 2. tradicionalno sre\u010danje teni\u0161kih veteranov Slovenije in Hrva\u0161ke Istre, ki ga je organiziral TK Oto\u010dec pod pokroviteljstvom TZS in Terme Oto\u010dec zadnjo aprilsko soboto, so dobili gostje z rezultatom 4\/6. Kljub porazu pa so tako slovenski reprezentantje kot gostje iz Hrva\u0161ke Istre, domov od\u0161li prijetno presene\u010deni in nadvse zadovoljni z lepo urejenim \u0161portnimi objekti\" \/>\n\t<meta name=\"robots\" content=\"max-image-preview:large\" \/>\n\t<meta name=\"author\" content=\"admin\"\/>\n\t<link rel=\"canonical\" href=\"https:\/\/www.tenis-krka.org\/?p=881\" \/>\n\t<meta name=\"generator\" content=\"All in One SEO (AIOSEO) 4.9.10\" \/>\n\t\t<meta property=\"og:locale\" content=\"sl_SI\" \/>\n\t\t<meta property=\"og:site_name\" content=\"Teni\u0161ki klub Krka Oto\u010dec | Vse o klubu, novice, dogodki, rezultati in \u0161e veliko ve\u010d...\" \/>\n\t\t<meta property=\"og:type\" content=\"article\" \/>\n\t\t<meta property=\"og:title\" content=\"Veteranska teni\u0161ka reprezentanca izgubila povratno sre\u010danje | Teni\u0161ki klub Krka Oto\u010dec\" \/>\n\t\t<meta property=\"og:description\" content=\"Tudi 2. tradicionalno sre\u010danje teni\u0161kih veteranov Slovenije in Hrva\u0161ke Istre, ki ga je organiziral TK Oto\u010dec pod pokroviteljstvom TZS in Terme Oto\u010dec zadnjo aprilsko soboto, so dobili gostje z rezultatom 4\/6. Kljub porazu pa so tako slovenski reprezentantje kot gostje iz Hrva\u0161ke Istre, domov od\u0161li prijetno presene\u010deni in nadvse zadovoljni z lepo urejenim \u0161portnimi objekti\" \/>\n\t\t<meta property=\"og:url\" content=\"https:\/\/www.tenis-krka.org\/?p=881\" \/>\n\t\t<meta property=\"article:published_time\" content=\"2010-05-15T20:37:40+00:00\" \/>\n\t\t<meta property=\"article:modified_time\" content=\"2019-05-27T13:16:54+00:00\" \/>\n\t\t<meta name=\"twitter:card\" content=\"summary_large_image\" \/>\n\t\t<meta name=\"twitter:title\" content=\"Veteranska teni\u0161ka reprezentanca izgubila povratno sre\u010danje | Teni\u0161ki klub Krka Oto\u010dec\" \/>\n\t\t<meta name=\"twitter:description\" content=\"Tudi 2. tradicionalno sre\u010danje teni\u0161kih veteranov Slovenije in Hrva\u0161ke Istre, ki ga je organiziral TK Oto\u010dec pod pokroviteljstvom TZS in Terme Oto\u010dec zadnjo aprilsko soboto, so dobili gostje z rezultatom 4\/6. Kljub porazu pa so tako slovenski reprezentantje kot gostje iz Hrva\u0161ke Istre, domov od\u0161li prijetno presene\u010deni in nadvse zadovoljni z lepo urejenim \u0161portnimi objekti\" \/>\n\t\t<script type=\"application\/ld+json\" class=\"aioseo-schema\">\n\t\t\t{\"@context\":\"https:\\\/\\\/schema.org\",\"@graph\":[{\"@type\":\"Article\",\"@id\":\"https:\\\/\\\/www.tenis-krka.org\\\/?p=881#article\",\"name\":\"Veteranska teni\\u0161ka reprezentanca izgubila povratno sre\\u010danje | Teni\\u0161ki klub Krka Oto\\u010dec\",\"headline\":\"Veteranska teni\\u0161ka reprezentanca izgubila povratno sre\\u010danje\",\"author\":{\"@id\":\"https:\\\/\\\/www.tenis-krka.org\\\/?author=1#author\"},\"publisher\":{\"@id\":\"https:\\\/\\\/www.tenis-krka.org\\\/#organization\"},\"datePublished\":\"2010-05-15T22:37:40+02:00\",\"dateModified\":\"2019-05-27T15:16:54+02:00\",\"inLanguage\":\"sl-SI\",\"mainEntityOfPage\":{\"@id\":\"https:\\\/\\\/www.tenis-krka.org\\\/?p=881#webpage\"},\"isPartOf\":{\"@id\":\"https:\\\/\\\/www.tenis-krka.org\\\/?p=881#webpage\"},\"articleSection\":\"Dogodki, Veteranska sekcija\"},{\"@type\":\"BreadcrumbList\",\"@id\":\"https:\\\/\\\/www.tenis-krka.org\\\/?p=881#breadcrumblist\",\"itemListElement\":[{\"@type\":\"ListItem\",\"@id\":\"https:\\\/\\\/www.tenis-krka.org#listItem\",\"position\":1,\"name\":\"Domov\",\"item\":\"https:\\\/\\\/www.tenis-krka.org\",\"nextItem\":{\"@type\":\"ListItem\",\"@id\":\"https:\\\/\\\/www.tenis-krka.org\\\/?cat=4#listItem\",\"name\":\"Dogodki\"}},{\"@type\":\"ListItem\",\"@id\":\"https:\\\/\\\/www.tenis-krka.org\\\/?cat=4#listItem\",\"position\":2,\"name\":\"Dogodki\",\"item\":\"https:\\\/\\\/www.tenis-krka.org\\\/?cat=4\",\"nextItem\":{\"@type\":\"ListItem\",\"@id\":\"https:\\\/\\\/www.tenis-krka.org\\\/?p=881#listItem\",\"name\":\"Veteranska teni\\u0161ka reprezentanca izgubila povratno sre\\u010danje\"},\"previousItem\":{\"@type\":\"ListItem\",\"@id\":\"https:\\\/\\\/www.tenis-krka.org#listItem\",\"name\":\"Domov\"}},{\"@type\":\"ListItem\",\"@id\":\"https:\\\/\\\/www.tenis-krka.org\\\/?p=881#listItem\",\"position\":3,\"name\":\"Veteranska teni\\u0161ka reprezentanca izgubila povratno sre\\u010danje\",\"previousItem\":{\"@type\":\"ListItem\",\"@id\":\"https:\\\/\\\/www.tenis-krka.org\\\/?cat=4#listItem\",\"name\":\"Dogodki\"}}]},{\"@type\":\"Organization\",\"@id\":\"https:\\\/\\\/www.tenis-krka.org\\\/#organization\",\"name\":\"Teni\\u0161ki klub Krka Oto\\u010dec\",\"description\":\"Vse o klubu, novice, dogodki, rezultati in \\u0161e veliko ve\\u010d...\",\"url\":\"https:\\\/\\\/www.tenis-krka.org\\\/\"},{\"@type\":\"Person\",\"@id\":\"https:\\\/\\\/www.tenis-krka.org\\\/?author=1#author\",\"url\":\"https:\\\/\\\/www.tenis-krka.org\\\/?author=1\",\"name\":\"admin\",\"image\":{\"@type\":\"ImageObject\",\"@id\":\"https:\\\/\\\/www.tenis-krka.org\\\/?p=881#authorImage\",\"url\":\"https:\\\/\\\/secure.gravatar.com\\\/avatar\\\/9e60ad079c111140ec6df07f7c8d348b27680a6649653907523325cecd07935e?s=96&d=mm&r=g\",\"width\":96,\"height\":96,\"caption\":\"admin\"}},{\"@type\":\"WebPage\",\"@id\":\"https:\\\/\\\/www.tenis-krka.org\\\/?p=881#webpage\",\"url\":\"https:\\\/\\\/www.tenis-krka.org\\\/?p=881\",\"name\":\"Veteranska teni\\u0161ka reprezentanca izgubila povratno sre\\u010danje | Teni\\u0161ki klub Krka Oto\\u010dec\",\"description\":\"Tudi 2. tradicionalno sre\\u010danje teni\\u0161kih veteranov Slovenije in Hrva\\u0161ke Istre, ki ga je organiziral TK Oto\\u010dec pod pokroviteljstvom TZS in Terme Oto\\u010dec zadnjo aprilsko soboto, so dobili gostje z rezultatom 4\\\/6. Kljub porazu pa so tako slovenski reprezentantje kot gostje iz Hrva\\u0161ke Istre, domov od\\u0161li prijetno presene\\u010deni in nadvse zadovoljni z lepo urejenim \\u0161portnimi objekti\",\"inLanguage\":\"sl-SI\",\"isPartOf\":{\"@id\":\"https:\\\/\\\/www.tenis-krka.org\\\/#website\"},\"breadcrumb\":{\"@id\":\"https:\\\/\\\/www.tenis-krka.org\\\/?p=881#breadcrumblist\"},\"author\":{\"@id\":\"https:\\\/\\\/www.tenis-krka.org\\\/?author=1#author\"},\"creator\":{\"@id\":\"https:\\\/\\\/www.tenis-krka.org\\\/?author=1#author\"},\"datePublished\":\"2010-05-15T22:37:40+02:00\",\"dateModified\":\"2019-05-27T15:16:54+02:00\"},{\"@type\":\"WebSite\",\"@id\":\"https:\\\/\\\/www.tenis-krka.org\\\/#website\",\"url\":\"https:\\\/\\\/www.tenis-krka.org\\\/\",\"name\":\"Teni\\u0161ki klub Krka Oto\\u010dec\",\"description\":\"Vse o klubu, novice, dogodki, rezultati in \\u0161e veliko ve\\u010d...\",\"inLanguage\":\"sl-SI\",\"publisher\":{\"@id\":\"https:\\\/\\\/www.tenis-krka.org\\\/#organization\"}}]}\n\t\t<\/script>\n\t\t<!-- All in One SEO -->\n\n","aioseo_head_json":{"title":"Veteranska teni\u0161ka reprezentanca izgubila povratno sre\u010danje | Teni\u0161ki klub Krka Oto\u010dec","description":"Tudi 2. tradicionalno sre\u010danje teni\u0161kih veteranov Slovenije in Hrva\u0161ke Istre, ki ga je organiziral TK Oto\u010dec pod pokroviteljstvom TZS in Terme Oto\u010dec zadnjo aprilsko soboto, so dobili gostje z rezultatom 4\/6. Kljub porazu pa so tako slovenski reprezentantje kot gostje iz Hrva\u0161ke Istre, domov od\u0161li prijetno presene\u010deni in nadvse zadovoljni z lepo urejenim \u0161portnimi objekti","canonical_url":"https:\/\/www.tenis-krka.org\/?p=881","robots":"max-image-preview:large","keywords":"","webmasterTools":{"miscellaneous":""},"schema":{"@context":"https:\/\/schema.org","@graph":[{"@type":"Article","@id":"https:\/\/www.tenis-krka.org\/?p=881#article","name":"Veteranska teni\u0161ka reprezentanca izgubila povratno sre\u010danje | Teni\u0161ki klub Krka Oto\u010dec","headline":"Veteranska teni\u0161ka reprezentanca izgubila povratno sre\u010danje","author":{"@id":"https:\/\/www.tenis-krka.org\/?author=1#author"},"publisher":{"@id":"https:\/\/www.tenis-krka.org\/#organization"},"datePublished":"2010-05-15T22:37:40+02:00","dateModified":"2019-05-27T15:16:54+02:00","inLanguage":"sl-SI","mainEntityOfPage":{"@id":"https:\/\/www.tenis-krka.org\/?p=881#webpage"},"isPartOf":{"@id":"https:\/\/www.tenis-krka.org\/?p=881#webpage"},"articleSection":"Dogodki, Veteranska sekcija"},{"@type":"BreadcrumbList","@id":"https:\/\/www.tenis-krka.org\/?p=881#breadcrumblist","itemListElement":[{"@type":"ListItem","@id":"https:\/\/www.tenis-krka.org#listItem","position":1,"name":"Domov","item":"https:\/\/www.tenis-krka.org","nextItem":{"@type":"ListItem","@id":"https:\/\/www.tenis-krka.org\/?cat=4#listItem","name":"Dogodki"}},{"@type":"ListItem","@id":"https:\/\/www.tenis-krka.org\/?cat=4#listItem","position":2,"name":"Dogodki","item":"https:\/\/www.tenis-krka.org\/?cat=4","nextItem":{"@type":"ListItem","@id":"https:\/\/www.tenis-krka.org\/?p=881#listItem","name":"Veteranska teni\u0161ka reprezentanca izgubila povratno sre\u010danje"},"previousItem":{"@type":"ListItem","@id":"https:\/\/www.tenis-krka.org#listItem","name":"Domov"}},{"@type":"ListItem","@id":"https:\/\/www.tenis-krka.org\/?p=881#listItem","position":3,"name":"Veteranska teni\u0161ka reprezentanca izgubila povratno sre\u010danje","previousItem":{"@type":"ListItem","@id":"https:\/\/www.tenis-krka.org\/?cat=4#listItem","name":"Dogodki"}}]},{"@type":"Organization","@id":"https:\/\/www.tenis-krka.org\/#organization","name":"Teni\u0161ki klub Krka Oto\u010dec","description":"Vse o klubu, novice, dogodki, rezultati in \u0161e veliko ve\u010d...","url":"https:\/\/www.tenis-krka.org\/"},{"@type":"Person","@id":"https:\/\/www.tenis-krka.org\/?author=1#author","url":"https:\/\/www.tenis-krka.org\/?author=1","name":"admin","image":{"@type":"ImageObject","@id":"https:\/\/www.tenis-krka.org\/?p=881#authorImage","url":"https:\/\/secure.gravatar.com\/avatar\/9e60ad079c111140ec6df07f7c8d348b27680a6649653907523325cecd07935e?s=96&d=mm&r=g","width":96,"height":96,"caption":"admin"}},{"@type":"WebPage","@id":"https:\/\/www.tenis-krka.org\/?p=881#webpage","url":"https:\/\/www.tenis-krka.org\/?p=881","name":"Veteranska teni\u0161ka reprezentanca izgubila povratno sre\u010danje | Teni\u0161ki klub Krka Oto\u010dec","description":"Tudi 2. tradicionalno sre\u010danje teni\u0161kih veteranov Slovenije in Hrva\u0161ke Istre, ki ga je organiziral TK Oto\u010dec pod pokroviteljstvom TZS in Terme Oto\u010dec zadnjo aprilsko soboto, so dobili gostje z rezultatom 4\/6. Kljub porazu pa so tako slovenski reprezentantje kot gostje iz Hrva\u0161ke Istre, domov od\u0161li prijetno presene\u010deni in nadvse zadovoljni z lepo urejenim \u0161portnimi objekti","inLanguage":"sl-SI","isPartOf":{"@id":"https:\/\/www.tenis-krka.org\/#website"},"breadcrumb":{"@id":"https:\/\/www.tenis-krka.org\/?p=881#breadcrumblist"},"author":{"@id":"https:\/\/www.tenis-krka.org\/?author=1#author"},"creator":{"@id":"https:\/\/www.tenis-krka.org\/?author=1#author"},"datePublished":"2010-05-15T22:37:40+02:00","dateModified":"2019-05-27T15:16:54+02:00"},{"@type":"WebSite","@id":"https:\/\/www.tenis-krka.org\/#website","url":"https:\/\/www.tenis-krka.org\/","name":"Teni\u0161ki klub Krka Oto\u010dec","description":"Vse o klubu, novice, dogodki, rezultati in \u0161e veliko ve\u010d...","inLanguage":"sl-SI","publisher":{"@id":"https:\/\/www.tenis-krka.org\/#organization"}}]},"og:locale":"sl_SI","og:site_name":"Teni\u0161ki klub Krka Oto\u010dec | Vse o klubu, novice, dogodki, rezultati in \u0161e veliko ve\u010d...","og:type":"article","og:title":"Veteranska teni\u0161ka reprezentanca izgubila povratno sre\u010danje | Teni\u0161ki klub Krka Oto\u010dec","og:description":"Tudi 2. tradicionalno sre\u010danje teni\u0161kih veteranov Slovenije in Hrva\u0161ke Istre, ki ga je organiziral TK Oto\u010dec pod pokroviteljstvom TZS in Terme Oto\u010dec zadnjo aprilsko soboto, so dobili gostje z rezultatom 4\/6. Kljub porazu pa so tako slovenski reprezentantje kot gostje iz Hrva\u0161ke Istre, domov od\u0161li prijetno presene\u010deni in nadvse zadovoljni z lepo urejenim \u0161portnimi objekti","og:url":"https:\/\/www.tenis-krka.org\/?p=881","article:published_time":"2010-05-15T20:37:40+00:00","article:modified_time":"2019-05-27T13:16:54+00:00","twitter:card":"summary_large_image","twitter:title":"Veteranska teni\u0161ka reprezentanca izgubila povratno sre\u010danje | Teni\u0161ki klub Krka Oto\u010dec","twitter:description":"Tudi 2. tradicionalno sre\u010danje teni\u0161kih veteranov Slovenije in Hrva\u0161ke Istre, ki ga je organiziral TK Oto\u010dec pod pokroviteljstvom TZS in Terme Oto\u010dec zadnjo aprilsko soboto, so dobili gostje z rezultatom 4\/6. Kljub porazu pa so tako slovenski reprezentantje kot gostje iz Hrva\u0161ke Istre, domov od\u0161li prijetno presene\u010deni in nadvse zadovoljni z lepo urejenim \u0161portnimi objekti"},"aioseo_meta_data":{"post_id":"881","title":null,"description":null,"keywords":null,"keyphrases":null,"primary_term":null,"canonical_url":null,"og_title":null,"og_description":null,"og_object_type":"default","og_image_type":"default","og_image_url":null,"og_image_width":null,"og_image_height":null,"og_image_custom_url":null,"og_image_custom_fields":null,"og_video":null,"og_custom_url":null,"og_article_section":null,"og_article_tags":null,"twitter_use_og":false,"twitter_card":"default","twitter_image_type":"default","twitter_image_url":null,"twitter_image_custom_url":null,"twitter_image_custom_fields":null,"twitter_title":null,"twitter_description":null,"schema":{"blockGraphs":[],"customGraphs":[],"default":{"data":{"Article":[],"Course":[],"Dataset":[],"FAQPage":[],"Movie":[],"Person":[],"Product":[],"ProductReview":[],"Car":[],"Recipe":[],"Service":[],"SoftwareApplication":[],"WebPage":[]},"graphName":"","isEnabled":true},"graphs":[]},"schema_type":"default","schema_type_options":null,"pillar_content":false,"robots_default":true,"robots_noindex":false,"robots_noarchive":false,"robots_nosnippet":false,"robots_nofollow":false,"robots_noimageindex":false,"robots_noodp":false,"robots_notranslate":false,"robots_max_snippet":null,"robots_max_videopreview":null,"robots_max_imagepreview":"large","priority":null,"frequency":null,"local_seo":null,"breadcrumb_settings":null,"limit_modified_date":false,"ai":null,"created":"2024-08-30 09:11:43","updated":"2025-10-22 00:37:23","seo_analyzer_scan_date":null},"aioseo_breadcrumb":"<div class=\"aioseo-breadcrumbs\"><span class=\"aioseo-breadcrumb\">\n\t\t\t<a href=\"https:\/\/www.tenis-krka.org\" title=\"Domov\">Domov<\/a>\n\t\t<\/span><span class=\"aioseo-breadcrumb-separator\">&raquo;<\/span><span class=\"aioseo-breadcrumb\">\n\t\t\t<a href=\"https:\/\/www.tenis-krka.org\/?cat=4\" title=\"Dogodki\">Dogodki<\/a>\n\t\t<\/span><span class=\"aioseo-breadcrumb-separator\">&raquo;<\/span><span class=\"aioseo-breadcrumb\">\n\t\t\tVeteranska teni\u0161ka reprezentanca izgubila povratno sre\u010danje\n\t\t<\/span><\/div>","aioseo_breadcrumb_json":[{"label":"Domov","link":"https:\/\/www.tenis-krka.org"},{"label":"Dogodki","link":"https:\/\/www.tenis-krka.org\/?cat=4"},{"label":"Veteranska teni\u0161ka reprezentanca izgubila povratno sre\u010danje","link":"https:\/\/www.tenis-krka.org\/?p=881"}],"_links":{"self":[{"href":"https:\/\/www.tenis-krka.org\/index.php?rest_route=\/wp\/v2\/posts\/881","targetHints":{"allow":["GET"]}}],"collection":[{"href":"https:\/\/www.tenis-krka.org\/index.php?rest_route=\/wp\/v2\/posts"}],"about":[{"href":"https:\/\/www.tenis-krka.org\/index.php?rest_route=\/wp\/v2\/types\/post"}],"author":[{"embeddable":true,"href":"https:\/\/www.tenis-krka.org\/index.php?rest_route=\/wp\/v2\/users\/1"}],"replies":[{"embeddable":true,"href":"https:\/\/www.tenis-krka.org\/index.php?rest_route=%2Fwp%2Fv2%2Fcomments&post=881"}],"version-history":[{"count":6,"href":"https:\/\/www.tenis-krka.org\/index.php?rest_route=\/wp\/v2\/posts\/881\/revisions"}],"predecessor-version":[{"id":1008,"href":"https:\/\/www.tenis-krka.org\/index.php?rest_route=\/wp\/v2\/posts\/881\/revisions\/1008"}],"wp:attachment":[{"href":"https:\/\/www.tenis-krka.org\/index.php?rest_route=%2Fwp%2Fv2%2Fmedia&parent=881"}],"wp:term":[{"taxonomy":"category","embeddable":true,"href":"https:\/\/www.tenis-krka.org\/index.php?rest_route=%2Fwp%2Fv2%2Fcategories&post=881"},{"taxonomy":"post_tag","embeddable":true,"href":"https:\/\/www.tenis-krka.org\/index.php?rest_route=%2Fwp%2Fv2%2Ftags&post=881"}],"curies":[{"name":"wp","href":"https:\/\/api.w.org\/{rel}","templated":true}]}}