{"id":5091,"date":"2024-11-18T08:48:55","date_gmt":"2024-11-18T06:48:55","guid":{"rendered":"https:\/\/www.tenis-krka.org\/?p=5091"},"modified":"2024-11-18T08:48:55","modified_gmt":"2024-11-18T06:48:55","slug":"marko-novak-v-finalu-clanskega-op-v-celju","status":"publish","type":"post","link":"https:\/\/www.tenis-krka.org\/?p=5091","title":{"rendered":"Marko Novak v finalu \u010dlanskega OP v Celju"},"content":{"rendered":"<p>Odprto \u010dlansko prvenstvo se je za\u010delo v soboto, 2. novembra, in se zaklju\u010dilo v nedeljo, 3. novembra. Tekmovalci so se pomerili na igri\u0161\u010dih TK Celje. Izmed vseh je bil najbolj\u0161i Tino Kova\u010di\u010d (\u017dTKMB), tudi 1. nosilec, ki je v finalu ugnal na\u0161ega Marka Novaka (OTO\u010cE) z rezultatom 6:1 in 6:4.<\/p>\n<p>&nbsp;<\/p>\n<p><a href=\"http:\/\/www.tenis-krka.org\/wp-content\/uploads\/2024\/11\/2024-11_Novak_OP_Celje_IMG_20241103_171631-scaled.jpg\"><img loading=\"lazy\" decoding=\"async\" class=\"wp-image-5092 size-medium\" src=\"http:\/\/www.tenis-krka.org\/wp-content\/uploads\/2024\/11\/2024-11_Novak_OP_Celje_IMG_20241103_171631-300x225.jpg\" alt=\"\" width=\"300\" height=\"225\" srcset=\"https:\/\/www.tenis-krka.org\/wp-content\/uploads\/2024\/11\/2024-11_Novak_OP_Celje_IMG_20241103_171631-300x225.jpg 300w, https:\/\/www.tenis-krka.org\/wp-content\/uploads\/2024\/11\/2024-11_Novak_OP_Celje_IMG_20241103_171631-1024x768.jpg 1024w, https:\/\/www.tenis-krka.org\/wp-content\/uploads\/2024\/11\/2024-11_Novak_OP_Celje_IMG_20241103_171631-768x576.jpg 768w, https:\/\/www.tenis-krka.org\/wp-content\/uploads\/2024\/11\/2024-11_Novak_OP_Celje_IMG_20241103_171631-1536x1152.jpg 1536w, https:\/\/www.tenis-krka.org\/wp-content\/uploads\/2024\/11\/2024-11_Novak_OP_Celje_IMG_20241103_171631-2048x1536.jpg 2048w\" sizes=\"auto, (max-width: 300px) 100vw, 300px\" \/><\/a><\/p>\n","protected":false},"excerpt":{"rendered":"<p>Odprto \u010dlansko prvenstvo se je za\u010delo v soboto, 2. novembra, in se zaklju\u010dilo v nedeljo, 3. novembra. Tekmovalci so se pomerili na igri\u0161\u010dih TK Celje. Izmed vseh je bil najbolj\u0161i Tino Kova\u010di\u010d (\u017dTKMB), tudi 1. nosilec, ki je v finalu ugnal na\u0161ega Marka Novaka (OTO\u010cE) z rezultatom 6:1 in 6:4. &nbsp;<\/p>\n","protected":false},"author":3,"featured_media":0,"comment_status":"closed","ping_status":"closed","sticky":false,"template":"","format":"standard","meta":{"ngg_post_thumbnail":0,"footnotes":""},"categories":[1],"tags":[],"class_list":["post-5091","post","type-post","status-publish","format-standard","hentry","category-uncategorized"],"aioseo_notices":[],"aioseo_head":"\n\t\t<!-- All in One SEO 4.9.10 - aioseo.com -->\n\t<meta name=\"description\" content=\"Odprto \u010dlansko prvenstvo se je za\u010delo v soboto, 2. novembra, in se zaklju\u010dilo v nedeljo, 3. novembra. Tekmovalci so se pomerili na igri\u0161\u010dih TK Celje. Izmed vseh je bil najbolj\u0161i Tino Kova\u010di\u010d (\u017dTKMB), tudi 1. nosilec, ki je v finalu ugnal na\u0161ega Marka Novaka (OTO\u010cE) z rezultatom 6:1 in 6:4.\" \/>\n\t<meta name=\"robots\" content=\"max-image-preview:large\" \/>\n\t<meta name=\"author\" content=\"Bojan\"\/>\n\t<link rel=\"canonical\" href=\"https:\/\/www.tenis-krka.org\/?p=5091\" \/>\n\t<meta name=\"generator\" content=\"All in One SEO (AIOSEO) 4.9.10\" \/>\n\t\t<meta property=\"og:locale\" content=\"sl_SI\" \/>\n\t\t<meta property=\"og:site_name\" content=\"Teni\u0161ki klub Krka Oto\u010dec | Vse o klubu, novice, dogodki, rezultati in \u0161e veliko ve\u010d...\" \/>\n\t\t<meta property=\"og:type\" content=\"article\" \/>\n\t\t<meta property=\"og:title\" content=\"Marko Novak v finalu \u010dlanskega OP v Celju | Teni\u0161ki klub Krka Oto\u010dec\" \/>\n\t\t<meta property=\"og:description\" content=\"Odprto \u010dlansko prvenstvo se je za\u010delo v soboto, 2. novembra, in se zaklju\u010dilo v nedeljo, 3. novembra. Tekmovalci so se pomerili na igri\u0161\u010dih TK Celje. Izmed vseh je bil najbolj\u0161i Tino Kova\u010di\u010d (\u017dTKMB), tudi 1. nosilec, ki je v finalu ugnal na\u0161ega Marka Novaka (OTO\u010cE) z rezultatom 6:1 in 6:4.\" \/>\n\t\t<meta property=\"og:url\" content=\"https:\/\/www.tenis-krka.org\/?p=5091\" \/>\n\t\t<meta property=\"article:published_time\" content=\"2024-11-18T06:48:55+00:00\" \/>\n\t\t<meta property=\"article:modified_time\" content=\"2024-11-18T06:48:55+00:00\" \/>\n\t\t<meta name=\"twitter:card\" content=\"summary_large_image\" \/>\n\t\t<meta name=\"twitter:title\" content=\"Marko Novak v finalu \u010dlanskega OP v Celju | Teni\u0161ki klub Krka Oto\u010dec\" \/>\n\t\t<meta name=\"twitter:description\" content=\"Odprto \u010dlansko prvenstvo se je za\u010delo v soboto, 2. novembra, in se zaklju\u010dilo v nedeljo, 3. novembra. Tekmovalci so se pomerili na igri\u0161\u010dih TK Celje. Izmed vseh je bil najbolj\u0161i Tino Kova\u010di\u010d (\u017dTKMB), tudi 1. nosilec, ki je v finalu ugnal na\u0161ega Marka Novaka (OTO\u010cE) z rezultatom 6:1 in 6:4.\" \/>\n\t\t<script type=\"application\/ld+json\" class=\"aioseo-schema\">\n\t\t\t{\"@context\":\"https:\\\/\\\/schema.org\",\"@graph\":[{\"@type\":\"Article\",\"@id\":\"https:\\\/\\\/www.tenis-krka.org\\\/?p=5091#article\",\"name\":\"Marko Novak v finalu \\u010dlanskega OP v Celju | Teni\\u0161ki klub Krka Oto\\u010dec\",\"headline\":\"Marko Novak v finalu \\u010dlanskega OP v Celju\",\"author\":{\"@id\":\"https:\\\/\\\/www.tenis-krka.org\\\/?author=3#author\"},\"publisher\":{\"@id\":\"https:\\\/\\\/www.tenis-krka.org\\\/#organization\"},\"image\":{\"@type\":\"ImageObject\",\"url\":\"http:\\\/\\\/www.tenis-krka.org\\\/wp-content\\\/uploads\\\/2024\\\/11\\\/2024-11_Novak_OP_Celje_IMG_20241103_171631.jpg\",\"@id\":\"https:\\\/\\\/www.tenis-krka.org\\\/?p=5091\\\/#articleImage\"},\"datePublished\":\"2024-11-18T08:48:55+02:00\",\"dateModified\":\"2024-11-18T08:48:55+02:00\",\"inLanguage\":\"sl-SI\",\"mainEntityOfPage\":{\"@id\":\"https:\\\/\\\/www.tenis-krka.org\\\/?p=5091#webpage\"},\"isPartOf\":{\"@id\":\"https:\\\/\\\/www.tenis-krka.org\\\/?p=5091#webpage\"},\"articleSection\":\"Uncategorized\"},{\"@type\":\"BreadcrumbList\",\"@id\":\"https:\\\/\\\/www.tenis-krka.org\\\/?p=5091#breadcrumblist\",\"itemListElement\":[{\"@type\":\"ListItem\",\"@id\":\"https:\\\/\\\/www.tenis-krka.org#listItem\",\"position\":1,\"name\":\"Domov\",\"item\":\"https:\\\/\\\/www.tenis-krka.org\",\"nextItem\":{\"@type\":\"ListItem\",\"@id\":\"https:\\\/\\\/www.tenis-krka.org\\\/?cat=1#listItem\",\"name\":\"Uncategorized\"}},{\"@type\":\"ListItem\",\"@id\":\"https:\\\/\\\/www.tenis-krka.org\\\/?cat=1#listItem\",\"position\":2,\"name\":\"Uncategorized\",\"item\":\"https:\\\/\\\/www.tenis-krka.org\\\/?cat=1\",\"nextItem\":{\"@type\":\"ListItem\",\"@id\":\"https:\\\/\\\/www.tenis-krka.org\\\/?p=5091#listItem\",\"name\":\"Marko Novak v finalu \\u010dlanskega OP v Celju\"},\"previousItem\":{\"@type\":\"ListItem\",\"@id\":\"https:\\\/\\\/www.tenis-krka.org#listItem\",\"name\":\"Domov\"}},{\"@type\":\"ListItem\",\"@id\":\"https:\\\/\\\/www.tenis-krka.org\\\/?p=5091#listItem\",\"position\":3,\"name\":\"Marko Novak v finalu \\u010dlanskega OP v Celju\",\"previousItem\":{\"@type\":\"ListItem\",\"@id\":\"https:\\\/\\\/www.tenis-krka.org\\\/?cat=1#listItem\",\"name\":\"Uncategorized\"}}]},{\"@type\":\"Organization\",\"@id\":\"https:\\\/\\\/www.tenis-krka.org\\\/#organization\",\"name\":\"Teni\\u0161ki klub Krka Oto\\u010dec\",\"description\":\"Vse o klubu, novice, dogodki, rezultati in \\u0161e veliko ve\\u010d...\",\"url\":\"https:\\\/\\\/www.tenis-krka.org\\\/\"},{\"@type\":\"Person\",\"@id\":\"https:\\\/\\\/www.tenis-krka.org\\\/?author=3#author\",\"url\":\"https:\\\/\\\/www.tenis-krka.org\\\/?author=3\",\"name\":\"Bojan\",\"image\":{\"@type\":\"ImageObject\",\"@id\":\"https:\\\/\\\/www.tenis-krka.org\\\/?p=5091#authorImage\",\"url\":\"https:\\\/\\\/secure.gravatar.com\\\/avatar\\\/1f264a6e4925daebca710ecc9a5332dd3b83d21e726ba47123743347c1c9fd6c?s=96&d=mm&r=g\",\"width\":96,\"height\":96,\"caption\":\"Bojan\"}},{\"@type\":\"WebPage\",\"@id\":\"https:\\\/\\\/www.tenis-krka.org\\\/?p=5091#webpage\",\"url\":\"https:\\\/\\\/www.tenis-krka.org\\\/?p=5091\",\"name\":\"Marko Novak v finalu \\u010dlanskega OP v Celju | Teni\\u0161ki klub Krka Oto\\u010dec\",\"description\":\"Odprto \\u010dlansko prvenstvo se je za\\u010delo v soboto, 2. novembra, in se zaklju\\u010dilo v nedeljo, 3. novembra. Tekmovalci so se pomerili na igri\\u0161\\u010dih TK Celje. Izmed vseh je bil najbolj\\u0161i Tino Kova\\u010di\\u010d (\\u017dTKMB), tudi 1. nosilec, ki je v finalu ugnal na\\u0161ega Marka Novaka (OTO\\u010cE) z rezultatom 6:1 in 6:4.\",\"inLanguage\":\"sl-SI\",\"isPartOf\":{\"@id\":\"https:\\\/\\\/www.tenis-krka.org\\\/#website\"},\"breadcrumb\":{\"@id\":\"https:\\\/\\\/www.tenis-krka.org\\\/?p=5091#breadcrumblist\"},\"author\":{\"@id\":\"https:\\\/\\\/www.tenis-krka.org\\\/?author=3#author\"},\"creator\":{\"@id\":\"https:\\\/\\\/www.tenis-krka.org\\\/?author=3#author\"},\"datePublished\":\"2024-11-18T08:48:55+02:00\",\"dateModified\":\"2024-11-18T08:48:55+02:00\"},{\"@type\":\"WebSite\",\"@id\":\"https:\\\/\\\/www.tenis-krka.org\\\/#website\",\"url\":\"https:\\\/\\\/www.tenis-krka.org\\\/\",\"name\":\"Teni\\u0161ki klub Krka Oto\\u010dec\",\"description\":\"Vse o klubu, novice, dogodki, rezultati in \\u0161e veliko ve\\u010d...\",\"inLanguage\":\"sl-SI\",\"publisher\":{\"@id\":\"https:\\\/\\\/www.tenis-krka.org\\\/#organization\"}}]}\n\t\t<\/script>\n\t\t<!-- All in One SEO -->\n\n","aioseo_head_json":{"title":"Marko Novak v finalu \u010dlanskega OP v Celju | Teni\u0161ki klub Krka Oto\u010dec","description":"Odprto \u010dlansko prvenstvo se je za\u010delo v soboto, 2. novembra, in se zaklju\u010dilo v nedeljo, 3. novembra. Tekmovalci so se pomerili na igri\u0161\u010dih TK Celje. Izmed vseh je bil najbolj\u0161i Tino Kova\u010di\u010d (\u017dTKMB), tudi 1. nosilec, ki je v finalu ugnal na\u0161ega Marka Novaka (OTO\u010cE) z rezultatom 6:1 in 6:4.","canonical_url":"https:\/\/www.tenis-krka.org\/?p=5091","robots":"max-image-preview:large","keywords":"","webmasterTools":{"miscellaneous":""},"schema":{"@context":"https:\/\/schema.org","@graph":[{"@type":"Article","@id":"https:\/\/www.tenis-krka.org\/?p=5091#article","name":"Marko Novak v finalu \u010dlanskega OP v Celju | Teni\u0161ki klub Krka Oto\u010dec","headline":"Marko Novak v finalu \u010dlanskega OP v Celju","author":{"@id":"https:\/\/www.tenis-krka.org\/?author=3#author"},"publisher":{"@id":"https:\/\/www.tenis-krka.org\/#organization"},"image":{"@type":"ImageObject","url":"http:\/\/www.tenis-krka.org\/wp-content\/uploads\/2024\/11\/2024-11_Novak_OP_Celje_IMG_20241103_171631.jpg","@id":"https:\/\/www.tenis-krka.org\/?p=5091\/#articleImage"},"datePublished":"2024-11-18T08:48:55+02:00","dateModified":"2024-11-18T08:48:55+02:00","inLanguage":"sl-SI","mainEntityOfPage":{"@id":"https:\/\/www.tenis-krka.org\/?p=5091#webpage"},"isPartOf":{"@id":"https:\/\/www.tenis-krka.org\/?p=5091#webpage"},"articleSection":"Uncategorized"},{"@type":"BreadcrumbList","@id":"https:\/\/www.tenis-krka.org\/?p=5091#breadcrumblist","itemListElement":[{"@type":"ListItem","@id":"https:\/\/www.tenis-krka.org#listItem","position":1,"name":"Domov","item":"https:\/\/www.tenis-krka.org","nextItem":{"@type":"ListItem","@id":"https:\/\/www.tenis-krka.org\/?cat=1#listItem","name":"Uncategorized"}},{"@type":"ListItem","@id":"https:\/\/www.tenis-krka.org\/?cat=1#listItem","position":2,"name":"Uncategorized","item":"https:\/\/www.tenis-krka.org\/?cat=1","nextItem":{"@type":"ListItem","@id":"https:\/\/www.tenis-krka.org\/?p=5091#listItem","name":"Marko Novak v finalu \u010dlanskega OP v Celju"},"previousItem":{"@type":"ListItem","@id":"https:\/\/www.tenis-krka.org#listItem","name":"Domov"}},{"@type":"ListItem","@id":"https:\/\/www.tenis-krka.org\/?p=5091#listItem","position":3,"name":"Marko Novak v finalu \u010dlanskega OP v Celju","previousItem":{"@type":"ListItem","@id":"https:\/\/www.tenis-krka.org\/?cat=1#listItem","name":"Uncategorized"}}]},{"@type":"Organization","@id":"https:\/\/www.tenis-krka.org\/#organization","name":"Teni\u0161ki klub Krka Oto\u010dec","description":"Vse o klubu, novice, dogodki, rezultati in \u0161e veliko ve\u010d...","url":"https:\/\/www.tenis-krka.org\/"},{"@type":"Person","@id":"https:\/\/www.tenis-krka.org\/?author=3#author","url":"https:\/\/www.tenis-krka.org\/?author=3","name":"Bojan","image":{"@type":"ImageObject","@id":"https:\/\/www.tenis-krka.org\/?p=5091#authorImage","url":"https:\/\/secure.gravatar.com\/avatar\/1f264a6e4925daebca710ecc9a5332dd3b83d21e726ba47123743347c1c9fd6c?s=96&d=mm&r=g","width":96,"height":96,"caption":"Bojan"}},{"@type":"WebPage","@id":"https:\/\/www.tenis-krka.org\/?p=5091#webpage","url":"https:\/\/www.tenis-krka.org\/?p=5091","name":"Marko Novak v finalu \u010dlanskega OP v Celju | Teni\u0161ki klub Krka Oto\u010dec","description":"Odprto \u010dlansko prvenstvo se je za\u010delo v soboto, 2. novembra, in se zaklju\u010dilo v nedeljo, 3. novembra. Tekmovalci so se pomerili na igri\u0161\u010dih TK Celje. Izmed vseh je bil najbolj\u0161i Tino Kova\u010di\u010d (\u017dTKMB), tudi 1. nosilec, ki je v finalu ugnal na\u0161ega Marka Novaka (OTO\u010cE) z rezultatom 6:1 in 6:4.","inLanguage":"sl-SI","isPartOf":{"@id":"https:\/\/www.tenis-krka.org\/#website"},"breadcrumb":{"@id":"https:\/\/www.tenis-krka.org\/?p=5091#breadcrumblist"},"author":{"@id":"https:\/\/www.tenis-krka.org\/?author=3#author"},"creator":{"@id":"https:\/\/www.tenis-krka.org\/?author=3#author"},"datePublished":"2024-11-18T08:48:55+02:00","dateModified":"2024-11-18T08:48:55+02:00"},{"@type":"WebSite","@id":"https:\/\/www.tenis-krka.org\/#website","url":"https:\/\/www.tenis-krka.org\/","name":"Teni\u0161ki klub Krka Oto\u010dec","description":"Vse o klubu, novice, dogodki, rezultati in \u0161e veliko ve\u010d...","inLanguage":"sl-SI","publisher":{"@id":"https:\/\/www.tenis-krka.org\/#organization"}}]},"og:locale":"sl_SI","og:site_name":"Teni\u0161ki klub Krka Oto\u010dec | Vse o klubu, novice, dogodki, rezultati in \u0161e veliko ve\u010d...","og:type":"article","og:title":"Marko Novak v finalu \u010dlanskega OP v Celju | Teni\u0161ki klub Krka Oto\u010dec","og:description":"Odprto \u010dlansko prvenstvo se je za\u010delo v soboto, 2. novembra, in se zaklju\u010dilo v nedeljo, 3. novembra. Tekmovalci so se pomerili na igri\u0161\u010dih TK Celje. Izmed vseh je bil najbolj\u0161i Tino Kova\u010di\u010d (\u017dTKMB), tudi 1. nosilec, ki je v finalu ugnal na\u0161ega Marka Novaka (OTO\u010cE) z rezultatom 6:1 in 6:4.","og:url":"https:\/\/www.tenis-krka.org\/?p=5091","article:published_time":"2024-11-18T06:48:55+00:00","article:modified_time":"2024-11-18T06:48:55+00:00","twitter:card":"summary_large_image","twitter:title":"Marko Novak v finalu \u010dlanskega OP v Celju | Teni\u0161ki klub Krka Oto\u010dec","twitter:description":"Odprto \u010dlansko prvenstvo se je za\u010delo v soboto, 2. novembra, in se zaklju\u010dilo v nedeljo, 3. novembra. Tekmovalci so se pomerili na igri\u0161\u010dih TK Celje. Izmed vseh je bil najbolj\u0161i Tino Kova\u010di\u010d (\u017dTKMB), tudi 1. nosilec, ki je v finalu ugnal na\u0161ega Marka Novaka (OTO\u010cE) z rezultatom 6:1 in 6:4."},"aioseo_meta_data":{"post_id":"5091","title":null,"description":null,"keywords":null,"keyphrases":{"focus":{"keyphrase":"","score":0,"analysis":{"keyphraseInTitle":{"score":0,"maxScore":9,"error":1}}},"additional":[]},"primary_term":null,"canonical_url":null,"og_title":null,"og_description":null,"og_object_type":"default","og_image_type":"default","og_image_url":null,"og_image_width":null,"og_image_height":null,"og_image_custom_url":null,"og_image_custom_fields":null,"og_video":"","og_custom_url":null,"og_article_section":null,"og_article_tags":null,"twitter_use_og":false,"twitter_card":"default","twitter_image_type":"default","twitter_image_url":null,"twitter_image_custom_url":null,"twitter_image_custom_fields":null,"twitter_title":null,"twitter_description":null,"schema":{"blockGraphs":[],"customGraphs":[],"default":{"data":{"Article":[],"Course":[],"Dataset":[],"FAQPage":[],"Movie":[],"Person":[],"Product":[],"ProductReview":[],"Car":[],"Recipe":[],"Service":[],"SoftwareApplication":[],"WebPage":[]},"graphName":"Article","isEnabled":true},"graphs":[]},"schema_type":"default","schema_type_options":null,"pillar_content":false,"robots_default":true,"robots_noindex":false,"robots_noarchive":false,"robots_nosnippet":false,"robots_nofollow":false,"robots_noimageindex":false,"robots_noodp":false,"robots_notranslate":false,"robots_max_snippet":"-1","robots_max_videopreview":"-1","robots_max_imagepreview":"large","priority":null,"frequency":"default","local_seo":null,"breadcrumb_settings":null,"limit_modified_date":false,"ai":null,"created":"2024-11-18 06:42:21","updated":"2025-10-22 09:15:02","seo_analyzer_scan_date":null},"aioseo_breadcrumb":"<div class=\"aioseo-breadcrumbs\"><span class=\"aioseo-breadcrumb\">\n\t\t\t<a href=\"https:\/\/www.tenis-krka.org\" title=\"Domov\">Domov<\/a>\n\t\t<\/span><span class=\"aioseo-breadcrumb-separator\">&raquo;<\/span><span class=\"aioseo-breadcrumb\">\n\t\t\t<a href=\"https:\/\/www.tenis-krka.org\/?cat=1\" title=\"Uncategorized\">Uncategorized<\/a>\n\t\t<\/span><span class=\"aioseo-breadcrumb-separator\">&raquo;<\/span><span class=\"aioseo-breadcrumb\">\n\t\t\tMarko Novak v finalu \u010dlanskega OP v Celju\n\t\t<\/span><\/div>","aioseo_breadcrumb_json":[{"label":"Domov","link":"https:\/\/www.tenis-krka.org"},{"label":"Uncategorized","link":"https:\/\/www.tenis-krka.org\/?cat=1"},{"label":"Marko Novak v finalu \u010dlanskega OP v Celju","link":"https:\/\/www.tenis-krka.org\/?p=5091"}],"_links":{"self":[{"href":"https:\/\/www.tenis-krka.org\/index.php?rest_route=\/wp\/v2\/posts\/5091","targetHints":{"allow":["GET"]}}],"collection":[{"href":"https:\/\/www.tenis-krka.org\/index.php?rest_route=\/wp\/v2\/posts"}],"about":[{"href":"https:\/\/www.tenis-krka.org\/index.php?rest_route=\/wp\/v2\/types\/post"}],"author":[{"embeddable":true,"href":"https:\/\/www.tenis-krka.org\/index.php?rest_route=\/wp\/v2\/users\/3"}],"replies":[{"embeddable":true,"href":"https:\/\/www.tenis-krka.org\/index.php?rest_route=%2Fwp%2Fv2%2Fcomments&post=5091"}],"version-history":[{"count":3,"href":"https:\/\/www.tenis-krka.org\/index.php?rest_route=\/wp\/v2\/posts\/5091\/revisions"}],"predecessor-version":[{"id":5095,"href":"https:\/\/www.tenis-krka.org\/index.php?rest_route=\/wp\/v2\/posts\/5091\/revisions\/5095"}],"wp:attachment":[{"href":"https:\/\/www.tenis-krka.org\/index.php?rest_route=%2Fwp%2Fv2%2Fmedia&parent=5091"}],"wp:term":[{"taxonomy":"category","embeddable":true,"href":"https:\/\/www.tenis-krka.org\/index.php?rest_route=%2Fwp%2Fv2%2Fcategories&post=5091"},{"taxonomy":"post_tag","embeddable":true,"href":"https:\/\/www.tenis-krka.org\/index.php?rest_route=%2Fwp%2Fv2%2Ftags&post=5091"}],"curies":[{"name":"wp","href":"https:\/\/api.w.org\/{rel}","templated":true}]}}