{"id":4498,"date":"2021-08-26T17:43:32","date_gmt":"2021-08-26T15:43:32","guid":{"rendered":"http:\/\/www.tenis-krka.org\/?p=4498"},"modified":"2021-08-26T17:43:32","modified_gmt":"2021-08-26T15:43:32","slug":"lina-uspesna-v-portorozu","status":"publish","type":"post","link":"https:\/\/www.tenis-krka.org\/?p=4498","title":{"rendered":"Lina uspe\u0161na v Portoro\u017eu!"},"content":{"rendered":"<p>Pretekli vikend je v Portoro\u017eu potekal turnir 8-11 let katerega se je udele\u017eila tudi igralka na\u0161ega kluba Lina Sarhatli\u0107!&nbsp;<\/p>\n<p>Nastopila je tako v mini kot tudi v midi tenisu. V kategoriji mini tenis je osvojila 3.-4. mesto, v kategoriji midi tenis pa je zmagala vse tekme v skupinskem delu in se nato prebila do \u010detrtfinala!<\/p>\n<div id=\"attachment_4499\" style=\"width: 310px\" class=\"wp-caption alignnone\"><a href=\"http:\/\/www.tenis-krka.org\/wp-content\/uploads\/2021\/08\/image000000.jpg\"><img loading=\"lazy\" decoding=\"async\" aria-describedby=\"caption-attachment-4499\" class=\"size-medium wp-image-4499\" src=\"http:\/\/www.tenis-krka.org\/wp-content\/uploads\/2021\/08\/image000000-300x225.jpg\" alt=\"Lina z osvojenim pokalom za 3.-4. mesto\" width=\"300\" height=\"225\" srcset=\"https:\/\/www.tenis-krka.org\/wp-content\/uploads\/2021\/08\/image000000-300x225.jpg 300w, https:\/\/www.tenis-krka.org\/wp-content\/uploads\/2021\/08\/image000000.jpg 640w\" sizes=\"auto, (max-width: 300px) 100vw, 300px\" \/><\/a><p id=\"caption-attachment-4499\" class=\"wp-caption-text\">Lina z osvojenim pokalom za 3.-4. mesto<\/p><\/div>\n<p>\u010cestitamo!<\/p>\n<p>&nbsp;<\/p>\n","protected":false},"excerpt":{"rendered":"<p>Pretekli vikend je v Portoro\u017eu potekal turnir 8-11 let katerega se je udele\u017eila tudi igralka na\u0161ega kluba Lina Sarhatli\u0107!&nbsp; Nastopila je tako v mini kot tudi v midi tenisu. V kategoriji mini tenis je osvojila 3.-4. mesto, v kategoriji midi tenis pa je zmagala vse tekme v skupinskem delu in se nato prebila do \u010detrtfinala! [&hellip;]<\/p>\n","protected":false},"author":1,"featured_media":4499,"comment_status":"closed","ping_status":"closed","sticky":false,"template":"","format":"standard","meta":{"ngg_post_thumbnail":0,"footnotes":""},"categories":[6,7],"tags":[],"class_list":["post-4498","post","type-post","status-publish","format-standard","has-post-thumbnail","hentry","category-rezult","category-tsola"],"aioseo_notices":[],"aioseo_head":"\n\t\t<!-- All in One SEO 4.9.10 - aioseo.com -->\n\t<meta name=\"description\" content=\"Pretekli vikend je v Portoro\u017eu potekal turnir 8-11 let katerega se je udele\u017eila tudi igralka na\u0161ega kluba Lina Sarhatli\u0107! Nastopila je tako v mini kot tudi v midi tenisu. V kategoriji mini tenis je osvojila 3.-4. mesto, v kategoriji midi tenis pa je zmagala vse tekme v skupinskem delu in se nato prebila do \u010detrtfinala!\" \/>\n\t<meta name=\"robots\" content=\"max-image-preview:large\" \/>\n\t<meta name=\"author\" content=\"admin\"\/>\n\t<link rel=\"canonical\" href=\"https:\/\/www.tenis-krka.org\/?p=4498\" \/>\n\t<meta name=\"generator\" content=\"All in One SEO (AIOSEO) 4.9.10\" \/>\n\t\t<meta property=\"og:locale\" content=\"sl_SI\" \/>\n\t\t<meta property=\"og:site_name\" content=\"Teni\u0161ki klub Krka Oto\u010dec | Vse o klubu, novice, dogodki, rezultati in \u0161e veliko ve\u010d...\" \/>\n\t\t<meta property=\"og:type\" content=\"article\" \/>\n\t\t<meta property=\"og:title\" content=\"Lina uspe\u0161na v Portoro\u017eu! | Teni\u0161ki klub Krka Oto\u010dec\" \/>\n\t\t<meta property=\"og:description\" content=\"Pretekli vikend je v Portoro\u017eu potekal turnir 8-11 let katerega se je udele\u017eila tudi igralka na\u0161ega kluba Lina Sarhatli\u0107! Nastopila je tako v mini kot tudi v midi tenisu. V kategoriji mini tenis je osvojila 3.-4. mesto, v kategoriji midi tenis pa je zmagala vse tekme v skupinskem delu in se nato prebila do \u010detrtfinala!\" \/>\n\t\t<meta property=\"og:url\" content=\"https:\/\/www.tenis-krka.org\/?p=4498\" \/>\n\t\t<meta property=\"article:published_time\" content=\"2021-08-26T15:43:32+00:00\" \/>\n\t\t<meta property=\"article:modified_time\" content=\"2021-08-26T15:43:32+00:00\" \/>\n\t\t<meta name=\"twitter:card\" content=\"summary_large_image\" \/>\n\t\t<meta name=\"twitter:title\" content=\"Lina uspe\u0161na v Portoro\u017eu! | Teni\u0161ki klub Krka Oto\u010dec\" \/>\n\t\t<meta name=\"twitter:description\" content=\"Pretekli vikend je v Portoro\u017eu potekal turnir 8-11 let katerega se je udele\u017eila tudi igralka na\u0161ega kluba Lina Sarhatli\u0107! Nastopila je tako v mini kot tudi v midi tenisu. V kategoriji mini tenis je osvojila 3.-4. mesto, v kategoriji midi tenis pa je zmagala vse tekme v skupinskem delu in se nato prebila do \u010detrtfinala!\" \/>\n\t\t<script type=\"application\/ld+json\" class=\"aioseo-schema\">\n\t\t\t{\"@context\":\"https:\\\/\\\/schema.org\",\"@graph\":[{\"@type\":\"Article\",\"@id\":\"https:\\\/\\\/www.tenis-krka.org\\\/?p=4498#article\",\"name\":\"Lina uspe\\u0161na v Portoro\\u017eu! | Teni\\u0161ki klub Krka Oto\\u010dec\",\"headline\":\"Lina uspe\\u0161na v Portoro\\u017eu!\",\"author\":{\"@id\":\"https:\\\/\\\/www.tenis-krka.org\\\/?author=1#author\"},\"publisher\":{\"@id\":\"https:\\\/\\\/www.tenis-krka.org\\\/#organization\"},\"image\":{\"@type\":\"ImageObject\",\"url\":\"https:\\\/\\\/www.tenis-krka.org\\\/wp-content\\\/uploads\\\/2021\\\/08\\\/image000000.jpg\",\"width\":640,\"height\":480,\"caption\":\"Lina z osvojenim pokalom za 3.-4. mesto\"},\"datePublished\":\"2021-08-26T17:43:32+02:00\",\"dateModified\":\"2021-08-26T17:43:32+02:00\",\"inLanguage\":\"sl-SI\",\"mainEntityOfPage\":{\"@id\":\"https:\\\/\\\/www.tenis-krka.org\\\/?p=4498#webpage\"},\"isPartOf\":{\"@id\":\"https:\\\/\\\/www.tenis-krka.org\\\/?p=4498#webpage\"},\"articleSection\":\"Rezultati, Teni\\u0161ka \\u0161ola\"},{\"@type\":\"BreadcrumbList\",\"@id\":\"https:\\\/\\\/www.tenis-krka.org\\\/?p=4498#breadcrumblist\",\"itemListElement\":[{\"@type\":\"ListItem\",\"@id\":\"https:\\\/\\\/www.tenis-krka.org#listItem\",\"position\":1,\"name\":\"Domov\",\"item\":\"https:\\\/\\\/www.tenis-krka.org\",\"nextItem\":{\"@type\":\"ListItem\",\"@id\":\"https:\\\/\\\/www.tenis-krka.org\\\/?cat=6#listItem\",\"name\":\"Rezultati\"}},{\"@type\":\"ListItem\",\"@id\":\"https:\\\/\\\/www.tenis-krka.org\\\/?cat=6#listItem\",\"position\":2,\"name\":\"Rezultati\",\"item\":\"https:\\\/\\\/www.tenis-krka.org\\\/?cat=6\",\"nextItem\":{\"@type\":\"ListItem\",\"@id\":\"https:\\\/\\\/www.tenis-krka.org\\\/?p=4498#listItem\",\"name\":\"Lina uspe\\u0161na v Portoro\\u017eu!\"},\"previousItem\":{\"@type\":\"ListItem\",\"@id\":\"https:\\\/\\\/www.tenis-krka.org#listItem\",\"name\":\"Domov\"}},{\"@type\":\"ListItem\",\"@id\":\"https:\\\/\\\/www.tenis-krka.org\\\/?p=4498#listItem\",\"position\":3,\"name\":\"Lina uspe\\u0161na v Portoro\\u017eu!\",\"previousItem\":{\"@type\":\"ListItem\",\"@id\":\"https:\\\/\\\/www.tenis-krka.org\\\/?cat=6#listItem\",\"name\":\"Rezultati\"}}]},{\"@type\":\"Organization\",\"@id\":\"https:\\\/\\\/www.tenis-krka.org\\\/#organization\",\"name\":\"Teni\\u0161ki klub Krka Oto\\u010dec\",\"description\":\"Vse o klubu, novice, dogodki, rezultati in \\u0161e veliko ve\\u010d...\",\"url\":\"https:\\\/\\\/www.tenis-krka.org\\\/\"},{\"@type\":\"Person\",\"@id\":\"https:\\\/\\\/www.tenis-krka.org\\\/?author=1#author\",\"url\":\"https:\\\/\\\/www.tenis-krka.org\\\/?author=1\",\"name\":\"admin\",\"image\":{\"@type\":\"ImageObject\",\"@id\":\"https:\\\/\\\/www.tenis-krka.org\\\/?p=4498#authorImage\",\"url\":\"https:\\\/\\\/secure.gravatar.com\\\/avatar\\\/9e60ad079c111140ec6df07f7c8d348b27680a6649653907523325cecd07935e?s=96&d=mm&r=g\",\"width\":96,\"height\":96,\"caption\":\"admin\"}},{\"@type\":\"WebPage\",\"@id\":\"https:\\\/\\\/www.tenis-krka.org\\\/?p=4498#webpage\",\"url\":\"https:\\\/\\\/www.tenis-krka.org\\\/?p=4498\",\"name\":\"Lina uspe\\u0161na v Portoro\\u017eu! | Teni\\u0161ki klub Krka Oto\\u010dec\",\"description\":\"Pretekli vikend je v Portoro\\u017eu potekal turnir 8-11 let katerega se je udele\\u017eila tudi igralka na\\u0161ega kluba Lina Sarhatli\\u0107! Nastopila je tako v mini kot tudi v midi tenisu. V kategoriji mini tenis je osvojila 3.-4. mesto, v kategoriji midi tenis pa je zmagala vse tekme v skupinskem delu in se nato prebila do \\u010detrtfinala!\",\"inLanguage\":\"sl-SI\",\"isPartOf\":{\"@id\":\"https:\\\/\\\/www.tenis-krka.org\\\/#website\"},\"breadcrumb\":{\"@id\":\"https:\\\/\\\/www.tenis-krka.org\\\/?p=4498#breadcrumblist\"},\"author\":{\"@id\":\"https:\\\/\\\/www.tenis-krka.org\\\/?author=1#author\"},\"creator\":{\"@id\":\"https:\\\/\\\/www.tenis-krka.org\\\/?author=1#author\"},\"image\":{\"@type\":\"ImageObject\",\"url\":\"https:\\\/\\\/www.tenis-krka.org\\\/wp-content\\\/uploads\\\/2021\\\/08\\\/image000000.jpg\",\"@id\":\"https:\\\/\\\/www.tenis-krka.org\\\/?p=4498\\\/#mainImage\",\"width\":640,\"height\":480,\"caption\":\"Lina z osvojenim pokalom za 3.-4. mesto\"},\"primaryImageOfPage\":{\"@id\":\"https:\\\/\\\/www.tenis-krka.org\\\/?p=4498#mainImage\"},\"datePublished\":\"2021-08-26T17:43:32+02:00\",\"dateModified\":\"2021-08-26T17:43:32+02:00\"},{\"@type\":\"WebSite\",\"@id\":\"https:\\\/\\\/www.tenis-krka.org\\\/#website\",\"url\":\"https:\\\/\\\/www.tenis-krka.org\\\/\",\"name\":\"Teni\\u0161ki klub Krka Oto\\u010dec\",\"description\":\"Vse o klubu, novice, dogodki, rezultati in \\u0161e veliko ve\\u010d...\",\"inLanguage\":\"sl-SI\",\"publisher\":{\"@id\":\"https:\\\/\\\/www.tenis-krka.org\\\/#organization\"}}]}\n\t\t<\/script>\n\t\t<!-- All in One SEO -->\n\n","aioseo_head_json":{"title":"Lina uspe\u0161na v Portoro\u017eu! | Teni\u0161ki klub Krka Oto\u010dec","description":"Pretekli vikend je v Portoro\u017eu potekal turnir 8-11 let katerega se je udele\u017eila tudi igralka na\u0161ega kluba Lina Sarhatli\u0107! Nastopila je tako v mini kot tudi v midi tenisu. V kategoriji mini tenis je osvojila 3.-4. mesto, v kategoriji midi tenis pa je zmagala vse tekme v skupinskem delu in se nato prebila do \u010detrtfinala!","canonical_url":"https:\/\/www.tenis-krka.org\/?p=4498","robots":"max-image-preview:large","keywords":"","webmasterTools":{"miscellaneous":""},"schema":{"@context":"https:\/\/schema.org","@graph":[{"@type":"Article","@id":"https:\/\/www.tenis-krka.org\/?p=4498#article","name":"Lina uspe\u0161na v Portoro\u017eu! | Teni\u0161ki klub Krka Oto\u010dec","headline":"Lina uspe\u0161na v Portoro\u017eu!","author":{"@id":"https:\/\/www.tenis-krka.org\/?author=1#author"},"publisher":{"@id":"https:\/\/www.tenis-krka.org\/#organization"},"image":{"@type":"ImageObject","url":"https:\/\/www.tenis-krka.org\/wp-content\/uploads\/2021\/08\/image000000.jpg","width":640,"height":480,"caption":"Lina z osvojenim pokalom za 3.-4. mesto"},"datePublished":"2021-08-26T17:43:32+02:00","dateModified":"2021-08-26T17:43:32+02:00","inLanguage":"sl-SI","mainEntityOfPage":{"@id":"https:\/\/www.tenis-krka.org\/?p=4498#webpage"},"isPartOf":{"@id":"https:\/\/www.tenis-krka.org\/?p=4498#webpage"},"articleSection":"Rezultati, Teni\u0161ka \u0161ola"},{"@type":"BreadcrumbList","@id":"https:\/\/www.tenis-krka.org\/?p=4498#breadcrumblist","itemListElement":[{"@type":"ListItem","@id":"https:\/\/www.tenis-krka.org#listItem","position":1,"name":"Domov","item":"https:\/\/www.tenis-krka.org","nextItem":{"@type":"ListItem","@id":"https:\/\/www.tenis-krka.org\/?cat=6#listItem","name":"Rezultati"}},{"@type":"ListItem","@id":"https:\/\/www.tenis-krka.org\/?cat=6#listItem","position":2,"name":"Rezultati","item":"https:\/\/www.tenis-krka.org\/?cat=6","nextItem":{"@type":"ListItem","@id":"https:\/\/www.tenis-krka.org\/?p=4498#listItem","name":"Lina uspe\u0161na v Portoro\u017eu!"},"previousItem":{"@type":"ListItem","@id":"https:\/\/www.tenis-krka.org#listItem","name":"Domov"}},{"@type":"ListItem","@id":"https:\/\/www.tenis-krka.org\/?p=4498#listItem","position":3,"name":"Lina uspe\u0161na v Portoro\u017eu!","previousItem":{"@type":"ListItem","@id":"https:\/\/www.tenis-krka.org\/?cat=6#listItem","name":"Rezultati"}}]},{"@type":"Organization","@id":"https:\/\/www.tenis-krka.org\/#organization","name":"Teni\u0161ki klub Krka Oto\u010dec","description":"Vse o klubu, novice, dogodki, rezultati in \u0161e veliko ve\u010d...","url":"https:\/\/www.tenis-krka.org\/"},{"@type":"Person","@id":"https:\/\/www.tenis-krka.org\/?author=1#author","url":"https:\/\/www.tenis-krka.org\/?author=1","name":"admin","image":{"@type":"ImageObject","@id":"https:\/\/www.tenis-krka.org\/?p=4498#authorImage","url":"https:\/\/secure.gravatar.com\/avatar\/9e60ad079c111140ec6df07f7c8d348b27680a6649653907523325cecd07935e?s=96&d=mm&r=g","width":96,"height":96,"caption":"admin"}},{"@type":"WebPage","@id":"https:\/\/www.tenis-krka.org\/?p=4498#webpage","url":"https:\/\/www.tenis-krka.org\/?p=4498","name":"Lina uspe\u0161na v Portoro\u017eu! | Teni\u0161ki klub Krka Oto\u010dec","description":"Pretekli vikend je v Portoro\u017eu potekal turnir 8-11 let katerega se je udele\u017eila tudi igralka na\u0161ega kluba Lina Sarhatli\u0107! Nastopila je tako v mini kot tudi v midi tenisu. V kategoriji mini tenis je osvojila 3.-4. mesto, v kategoriji midi tenis pa je zmagala vse tekme v skupinskem delu in se nato prebila do \u010detrtfinala!","inLanguage":"sl-SI","isPartOf":{"@id":"https:\/\/www.tenis-krka.org\/#website"},"breadcrumb":{"@id":"https:\/\/www.tenis-krka.org\/?p=4498#breadcrumblist"},"author":{"@id":"https:\/\/www.tenis-krka.org\/?author=1#author"},"creator":{"@id":"https:\/\/www.tenis-krka.org\/?author=1#author"},"image":{"@type":"ImageObject","url":"https:\/\/www.tenis-krka.org\/wp-content\/uploads\/2021\/08\/image000000.jpg","@id":"https:\/\/www.tenis-krka.org\/?p=4498\/#mainImage","width":640,"height":480,"caption":"Lina z osvojenim pokalom za 3.-4. mesto"},"primaryImageOfPage":{"@id":"https:\/\/www.tenis-krka.org\/?p=4498#mainImage"},"datePublished":"2021-08-26T17:43:32+02:00","dateModified":"2021-08-26T17:43:32+02:00"},{"@type":"WebSite","@id":"https:\/\/www.tenis-krka.org\/#website","url":"https:\/\/www.tenis-krka.org\/","name":"Teni\u0161ki klub Krka Oto\u010dec","description":"Vse o klubu, novice, dogodki, rezultati in \u0161e veliko ve\u010d...","inLanguage":"sl-SI","publisher":{"@id":"https:\/\/www.tenis-krka.org\/#organization"}}]},"og:locale":"sl_SI","og:site_name":"Teni\u0161ki klub Krka Oto\u010dec | Vse o klubu, novice, dogodki, rezultati in \u0161e veliko ve\u010d...","og:type":"article","og:title":"Lina uspe\u0161na v Portoro\u017eu! | Teni\u0161ki klub Krka Oto\u010dec","og:description":"Pretekli vikend je v Portoro\u017eu potekal turnir 8-11 let katerega se je udele\u017eila tudi igralka na\u0161ega kluba Lina Sarhatli\u0107! Nastopila je tako v mini kot tudi v midi tenisu. V kategoriji mini tenis je osvojila 3.-4. mesto, v kategoriji midi tenis pa je zmagala vse tekme v skupinskem delu in se nato prebila do \u010detrtfinala!","og:url":"https:\/\/www.tenis-krka.org\/?p=4498","article:published_time":"2021-08-26T15:43:32+00:00","article:modified_time":"2021-08-26T15:43:32+00:00","twitter:card":"summary_large_image","twitter:title":"Lina uspe\u0161na v Portoro\u017eu! | Teni\u0161ki klub Krka Oto\u010dec","twitter:description":"Pretekli vikend je v Portoro\u017eu potekal turnir 8-11 let katerega se je udele\u017eila tudi igralka na\u0161ega kluba Lina Sarhatli\u0107! Nastopila je tako v mini kot tudi v midi tenisu. V kategoriji mini tenis je osvojila 3.-4. mesto, v kategoriji midi tenis pa je zmagala vse tekme v skupinskem delu in se nato prebila do \u010detrtfinala!"},"aioseo_meta_data":{"post_id":"4498","title":null,"description":null,"keywords":null,"keyphrases":null,"primary_term":null,"canonical_url":null,"og_title":null,"og_description":null,"og_object_type":"default","og_image_type":"default","og_image_url":null,"og_image_width":null,"og_image_height":null,"og_image_custom_url":null,"og_image_custom_fields":null,"og_video":null,"og_custom_url":null,"og_article_section":null,"og_article_tags":null,"twitter_use_og":false,"twitter_card":"default","twitter_image_type":"default","twitter_image_url":null,"twitter_image_custom_url":null,"twitter_image_custom_fields":null,"twitter_title":null,"twitter_description":null,"schema":{"blockGraphs":[],"customGraphs":[],"default":{"data":{"Article":[],"Course":[],"Dataset":[],"FAQPage":[],"Movie":[],"Person":[],"Product":[],"ProductReview":[],"Car":[],"Recipe":[],"Service":[],"SoftwareApplication":[],"WebPage":[]},"graphName":"","isEnabled":true},"graphs":[]},"schema_type":"default","schema_type_options":null,"pillar_content":false,"robots_default":true,"robots_noindex":false,"robots_noarchive":false,"robots_nosnippet":false,"robots_nofollow":false,"robots_noimageindex":false,"robots_noodp":false,"robots_notranslate":false,"robots_max_snippet":null,"robots_max_videopreview":null,"robots_max_imagepreview":"large","priority":null,"frequency":null,"local_seo":null,"breadcrumb_settings":null,"limit_modified_date":false,"ai":null,"created":"2024-08-30 08:33:24","updated":"2025-10-22 08:06:07","seo_analyzer_scan_date":null},"aioseo_breadcrumb":"<div class=\"aioseo-breadcrumbs\"><span class=\"aioseo-breadcrumb\">\n\t\t\t<a href=\"https:\/\/www.tenis-krka.org\" title=\"Domov\">Domov<\/a>\n\t\t<\/span><span class=\"aioseo-breadcrumb-separator\">&raquo;<\/span><span class=\"aioseo-breadcrumb\">\n\t\t\t<a href=\"https:\/\/www.tenis-krka.org\/?cat=6\" title=\"Rezultati\">Rezultati<\/a>\n\t\t<\/span><span class=\"aioseo-breadcrumb-separator\">&raquo;<\/span><span class=\"aioseo-breadcrumb\">\n\t\t\tLina uspe\u0161na v Portoro\u017eu!\n\t\t<\/span><\/div>","aioseo_breadcrumb_json":[{"label":"Domov","link":"https:\/\/www.tenis-krka.org"},{"label":"Rezultati","link":"https:\/\/www.tenis-krka.org\/?cat=6"},{"label":"Lina uspe\u0161na v Portoro\u017eu!","link":"https:\/\/www.tenis-krka.org\/?p=4498"}],"_links":{"self":[{"href":"https:\/\/www.tenis-krka.org\/index.php?rest_route=\/wp\/v2\/posts\/4498","targetHints":{"allow":["GET"]}}],"collection":[{"href":"https:\/\/www.tenis-krka.org\/index.php?rest_route=\/wp\/v2\/posts"}],"about":[{"href":"https:\/\/www.tenis-krka.org\/index.php?rest_route=\/wp\/v2\/types\/post"}],"author":[{"embeddable":true,"href":"https:\/\/www.tenis-krka.org\/index.php?rest_route=\/wp\/v2\/users\/1"}],"replies":[{"embeddable":true,"href":"https:\/\/www.tenis-krka.org\/index.php?rest_route=%2Fwp%2Fv2%2Fcomments&post=4498"}],"version-history":[{"count":2,"href":"https:\/\/www.tenis-krka.org\/index.php?rest_route=\/wp\/v2\/posts\/4498\/revisions"}],"predecessor-version":[{"id":4501,"href":"https:\/\/www.tenis-krka.org\/index.php?rest_route=\/wp\/v2\/posts\/4498\/revisions\/4501"}],"wp:featuredmedia":[{"embeddable":true,"href":"https:\/\/www.tenis-krka.org\/index.php?rest_route=\/wp\/v2\/media\/4499"}],"wp:attachment":[{"href":"https:\/\/www.tenis-krka.org\/index.php?rest_route=%2Fwp%2Fv2%2Fmedia&parent=4498"}],"wp:term":[{"taxonomy":"category","embeddable":true,"href":"https:\/\/www.tenis-krka.org\/index.php?rest_route=%2Fwp%2Fv2%2Fcategories&post=4498"},{"taxonomy":"post_tag","embeddable":true,"href":"https:\/\/www.tenis-krka.org\/index.php?rest_route=%2Fwp%2Fv2%2Ftags&post=4498"}],"curies":[{"name":"wp","href":"https:\/\/api.w.org\/{rel}","templated":true}]}}