{"id":4478,"date":"2021-07-14T19:19:27","date_gmt":"2021-07-14T17:19:27","guid":{"rendered":"http:\/\/www.tenis-krka.org\/?p=4478"},"modified":"2021-07-14T19:19:53","modified_gmt":"2021-07-14T17:19:53","slug":"konec-turnirja-krka-open-u14","status":"publish","type":"post","link":"https:\/\/www.tenis-krka.org\/?p=4478","title":{"rendered":"Konec turnirja Krka Open U14!"},"content":{"rendered":"<p>V preteklem tednu je na Oto\u010dcu potekal \u0161e zadnji v seriji mednarodnih turnirjev, ki smo jih organizirali v letu 2021. Na njem so se pomerili igralci v kategoriji do 14 let. Nastopil je tudi Marko Retelj &#8211; igralec doma\u010dega kluba, ki se je kot 6. nosilec prebil vse do \u010detrtfinala. Tam je bil z rezultatom 64 64 od njega bolj\u0161i 13. nosilec Jan Nowacki iz Poljske.<\/p>\n<p>Turnir je potekal mirno in v skladu z zahtevami za prepre\u010devanje \u0161irjenja epidemije.<\/p>\n<p>V finalu dvojic pri fantih sta slavila igralca iz Francije Victor Velter in Lucas Bazin, ki sta v finalu premagala poljsko navezo Jan Nowacki in Wictor Jez. Pri deklicah sta slavili slovenski igralki Eva Cikjalo in Julija Bogatin, ki sta v finalu premagali Doro Biondic in Sofijo \u010cori\u010d iz Hrva\u0161ke.<\/p>\n<p>Med posamezniki sta bila v finalu dva slovenska predstavnika &#8211; Matica Hribarja je v finalu premagal Samuel Braun iz Nem\u010dije, pri deklicah pa je slavila Nala Kova\u010di\u010d, ki je bila po napetem dvoboju bolj\u0161a od Dore Biondic iz Hrva\u0161ke.<\/p>\nngg_shortcode_0_placeholder\n","protected":false},"excerpt":{"rendered":"<p>V preteklem tednu je na Oto\u010dcu potekal \u0161e zadnji v seriji mednarodnih turnirjev, ki smo jih organizirali v letu 2021. Na njem so se pomerili igralci v kategoriji do 14 let. Nastopil je tudi Marko Retelj &#8211; igralec doma\u010dega kluba, ki se je kot 6. nosilec prebil vse do \u010detrtfinala. Tam je bil z rezultatom [&hellip;]<\/p>\n","protected":false},"author":1,"featured_media":4486,"comment_status":"closed","ping_status":"closed","sticky":false,"template":"","format":"standard","meta":{"ngg_post_thumbnail":0,"footnotes":""},"categories":[56,55],"tags":[],"class_list":["post-4478","post","type-post","status-publish","format-standard","has-post-thumbnail","hentry","category-krka-open-u12-and-u14-2021","category-krka-open-u14-2021"],"aioseo_notices":[],"aioseo_head":"\n\t\t<!-- All in One SEO 4.9.10 - aioseo.com -->\n\t<meta name=\"description\" content=\"V preteklem tednu je na Oto\u010dcu potekal \u0161e zadnji v seriji mednarodnih turnirjev, ki smo jih organizirali v letu 2021. Na njem so se pomerili igralci v kategoriji do 14 let. Nastopil je tudi Marko Retelj - igralec doma\u010dega kluba, ki se je kot 6. nosilec prebil vse do \u010detrtfinala. Tam je bil z rezultatom\" \/>\n\t<meta name=\"robots\" content=\"max-image-preview:large\" \/>\n\t<meta name=\"author\" content=\"admin\"\/>\n\t<link rel=\"canonical\" href=\"https:\/\/www.tenis-krka.org\/?p=4478\" \/>\n\t<meta name=\"generator\" content=\"All in One SEO (AIOSEO) 4.9.10\" \/>\n\t\t<meta property=\"og:locale\" content=\"sl_SI\" \/>\n\t\t<meta property=\"og:site_name\" content=\"Teni\u0161ki klub Krka Oto\u010dec | Vse o klubu, novice, dogodki, rezultati in \u0161e veliko ve\u010d...\" \/>\n\t\t<meta property=\"og:type\" content=\"article\" \/>\n\t\t<meta property=\"og:title\" content=\"Konec turnirja Krka Open U14! | Teni\u0161ki klub Krka Oto\u010dec\" \/>\n\t\t<meta property=\"og:description\" content=\"V preteklem tednu je na Oto\u010dcu potekal \u0161e zadnji v seriji mednarodnih turnirjev, ki smo jih organizirali v letu 2021. Na njem so se pomerili igralci v kategoriji do 14 let. Nastopil je tudi Marko Retelj - igralec doma\u010dega kluba, ki se je kot 6. nosilec prebil vse do \u010detrtfinala. Tam je bil z rezultatom\" \/>\n\t\t<meta property=\"og:url\" content=\"https:\/\/www.tenis-krka.org\/?p=4478\" \/>\n\t\t<meta property=\"article:published_time\" content=\"2021-07-14T17:19:27+00:00\" \/>\n\t\t<meta property=\"article:modified_time\" content=\"2021-07-14T17:19:53+00:00\" \/>\n\t\t<meta name=\"twitter:card\" content=\"summary_large_image\" \/>\n\t\t<meta name=\"twitter:title\" content=\"Konec turnirja Krka Open U14! | Teni\u0161ki klub Krka Oto\u010dec\" \/>\n\t\t<meta name=\"twitter:description\" content=\"V preteklem tednu je na Oto\u010dcu potekal \u0161e zadnji v seriji mednarodnih turnirjev, ki smo jih organizirali v letu 2021. Na njem so se pomerili igralci v kategoriji do 14 let. Nastopil je tudi Marko Retelj - igralec doma\u010dega kluba, ki se je kot 6. nosilec prebil vse do \u010detrtfinala. Tam je bil z rezultatom\" \/>\n\t\t<script type=\"application\/ld+json\" class=\"aioseo-schema\">\n\t\t\t{\"@context\":\"https:\\\/\\\/schema.org\",\"@graph\":[{\"@type\":\"Article\",\"@id\":\"https:\\\/\\\/www.tenis-krka.org\\\/?p=4478#article\",\"name\":\"Konec turnirja Krka Open U14! | Teni\\u0161ki klub Krka Oto\\u010dec\",\"headline\":\"Konec turnirja Krka Open U14!\",\"author\":{\"@id\":\"https:\\\/\\\/www.tenis-krka.org\\\/?author=1#author\"},\"publisher\":{\"@id\":\"https:\\\/\\\/www.tenis-krka.org\\\/#organization\"},\"image\":{\"@type\":\"ImageObject\",\"url\":\"https:\\\/\\\/www.tenis-krka.org\\\/wp-content\\\/uploads\\\/2021\\\/07\\\/IMG_20210710_093150_532-scaled.jpg\",\"width\":2560,\"height\":2266},\"datePublished\":\"2021-07-14T19:19:27+02:00\",\"dateModified\":\"2021-07-14T19:19:53+02:00\",\"inLanguage\":\"sl-SI\",\"mainEntityOfPage\":{\"@id\":\"https:\\\/\\\/www.tenis-krka.org\\\/?p=4478#webpage\"},\"isPartOf\":{\"@id\":\"https:\\\/\\\/www.tenis-krka.org\\\/?p=4478#webpage\"},\"articleSection\":\"Krka Open U12 and U14 2021, Krka Open U14 2021\"},{\"@type\":\"BreadcrumbList\",\"@id\":\"https:\\\/\\\/www.tenis-krka.org\\\/?p=4478#breadcrumblist\",\"itemListElement\":[{\"@type\":\"ListItem\",\"@id\":\"https:\\\/\\\/www.tenis-krka.org#listItem\",\"position\":1,\"name\":\"Domov\",\"item\":\"https:\\\/\\\/www.tenis-krka.org\",\"nextItem\":{\"@type\":\"ListItem\",\"@id\":\"https:\\\/\\\/www.tenis-krka.org\\\/?cat=55#listItem\",\"name\":\"Krka Open U14 2021\"}},{\"@type\":\"ListItem\",\"@id\":\"https:\\\/\\\/www.tenis-krka.org\\\/?cat=55#listItem\",\"position\":2,\"name\":\"Krka Open U14 2021\",\"item\":\"https:\\\/\\\/www.tenis-krka.org\\\/?cat=55\",\"nextItem\":{\"@type\":\"ListItem\",\"@id\":\"https:\\\/\\\/www.tenis-krka.org\\\/?p=4478#listItem\",\"name\":\"Konec turnirja Krka Open U14!\"},\"previousItem\":{\"@type\":\"ListItem\",\"@id\":\"https:\\\/\\\/www.tenis-krka.org#listItem\",\"name\":\"Domov\"}},{\"@type\":\"ListItem\",\"@id\":\"https:\\\/\\\/www.tenis-krka.org\\\/?p=4478#listItem\",\"position\":3,\"name\":\"Konec turnirja Krka Open U14!\",\"previousItem\":{\"@type\":\"ListItem\",\"@id\":\"https:\\\/\\\/www.tenis-krka.org\\\/?cat=55#listItem\",\"name\":\"Krka Open U14 2021\"}}]},{\"@type\":\"Organization\",\"@id\":\"https:\\\/\\\/www.tenis-krka.org\\\/#organization\",\"name\":\"Teni\\u0161ki klub Krka Oto\\u010dec\",\"description\":\"Vse o klubu, novice, dogodki, rezultati in \\u0161e veliko ve\\u010d...\",\"url\":\"https:\\\/\\\/www.tenis-krka.org\\\/\"},{\"@type\":\"Person\",\"@id\":\"https:\\\/\\\/www.tenis-krka.org\\\/?author=1#author\",\"url\":\"https:\\\/\\\/www.tenis-krka.org\\\/?author=1\",\"name\":\"admin\",\"image\":{\"@type\":\"ImageObject\",\"@id\":\"https:\\\/\\\/www.tenis-krka.org\\\/?p=4478#authorImage\",\"url\":\"https:\\\/\\\/secure.gravatar.com\\\/avatar\\\/9e60ad079c111140ec6df07f7c8d348b27680a6649653907523325cecd07935e?s=96&d=mm&r=g\",\"width\":96,\"height\":96,\"caption\":\"admin\"}},{\"@type\":\"WebPage\",\"@id\":\"https:\\\/\\\/www.tenis-krka.org\\\/?p=4478#webpage\",\"url\":\"https:\\\/\\\/www.tenis-krka.org\\\/?p=4478\",\"name\":\"Konec turnirja Krka Open U14! | Teni\\u0161ki klub Krka Oto\\u010dec\",\"description\":\"V preteklem tednu je na Oto\\u010dcu potekal \\u0161e zadnji v seriji mednarodnih turnirjev, ki smo jih organizirali v letu 2021. Na njem so se pomerili igralci v kategoriji do 14 let. Nastopil je tudi Marko Retelj - igralec doma\\u010dega kluba, ki se je kot 6. nosilec prebil vse do \\u010detrtfinala. Tam je bil z rezultatom\",\"inLanguage\":\"sl-SI\",\"isPartOf\":{\"@id\":\"https:\\\/\\\/www.tenis-krka.org\\\/#website\"},\"breadcrumb\":{\"@id\":\"https:\\\/\\\/www.tenis-krka.org\\\/?p=4478#breadcrumblist\"},\"author\":{\"@id\":\"https:\\\/\\\/www.tenis-krka.org\\\/?author=1#author\"},\"creator\":{\"@id\":\"https:\\\/\\\/www.tenis-krka.org\\\/?author=1#author\"},\"image\":{\"@type\":\"ImageObject\",\"url\":\"https:\\\/\\\/www.tenis-krka.org\\\/wp-content\\\/uploads\\\/2021\\\/07\\\/IMG_20210710_093150_532-scaled.jpg\",\"@id\":\"https:\\\/\\\/www.tenis-krka.org\\\/?p=4478\\\/#mainImage\",\"width\":2560,\"height\":2266},\"primaryImageOfPage\":{\"@id\":\"https:\\\/\\\/www.tenis-krka.org\\\/?p=4478#mainImage\"},\"datePublished\":\"2021-07-14T19:19:27+02:00\",\"dateModified\":\"2021-07-14T19:19:53+02:00\"},{\"@type\":\"WebSite\",\"@id\":\"https:\\\/\\\/www.tenis-krka.org\\\/#website\",\"url\":\"https:\\\/\\\/www.tenis-krka.org\\\/\",\"name\":\"Teni\\u0161ki klub Krka Oto\\u010dec\",\"description\":\"Vse o klubu, novice, dogodki, rezultati in \\u0161e veliko ve\\u010d...\",\"inLanguage\":\"sl-SI\",\"publisher\":{\"@id\":\"https:\\\/\\\/www.tenis-krka.org\\\/#organization\"}}]}\n\t\t<\/script>\n\t\t<!-- All in One SEO -->\n\n","aioseo_head_json":{"title":"Konec turnirja Krka Open U14! | Teni\u0161ki klub Krka Oto\u010dec","description":"V preteklem tednu je na Oto\u010dcu potekal \u0161e zadnji v seriji mednarodnih turnirjev, ki smo jih organizirali v letu 2021. Na njem so se pomerili igralci v kategoriji do 14 let. Nastopil je tudi Marko Retelj - igralec doma\u010dega kluba, ki se je kot 6. nosilec prebil vse do \u010detrtfinala. Tam je bil z rezultatom","canonical_url":"https:\/\/www.tenis-krka.org\/?p=4478","robots":"max-image-preview:large","keywords":"","webmasterTools":{"miscellaneous":""},"schema":{"@context":"https:\/\/schema.org","@graph":[{"@type":"Article","@id":"https:\/\/www.tenis-krka.org\/?p=4478#article","name":"Konec turnirja Krka Open U14! | Teni\u0161ki klub Krka Oto\u010dec","headline":"Konec turnirja Krka Open U14!","author":{"@id":"https:\/\/www.tenis-krka.org\/?author=1#author"},"publisher":{"@id":"https:\/\/www.tenis-krka.org\/#organization"},"image":{"@type":"ImageObject","url":"https:\/\/www.tenis-krka.org\/wp-content\/uploads\/2021\/07\/IMG_20210710_093150_532-scaled.jpg","width":2560,"height":2266},"datePublished":"2021-07-14T19:19:27+02:00","dateModified":"2021-07-14T19:19:53+02:00","inLanguage":"sl-SI","mainEntityOfPage":{"@id":"https:\/\/www.tenis-krka.org\/?p=4478#webpage"},"isPartOf":{"@id":"https:\/\/www.tenis-krka.org\/?p=4478#webpage"},"articleSection":"Krka Open U12 and U14 2021, Krka Open U14 2021"},{"@type":"BreadcrumbList","@id":"https:\/\/www.tenis-krka.org\/?p=4478#breadcrumblist","itemListElement":[{"@type":"ListItem","@id":"https:\/\/www.tenis-krka.org#listItem","position":1,"name":"Domov","item":"https:\/\/www.tenis-krka.org","nextItem":{"@type":"ListItem","@id":"https:\/\/www.tenis-krka.org\/?cat=55#listItem","name":"Krka Open U14 2021"}},{"@type":"ListItem","@id":"https:\/\/www.tenis-krka.org\/?cat=55#listItem","position":2,"name":"Krka Open U14 2021","item":"https:\/\/www.tenis-krka.org\/?cat=55","nextItem":{"@type":"ListItem","@id":"https:\/\/www.tenis-krka.org\/?p=4478#listItem","name":"Konec turnirja Krka Open U14!"},"previousItem":{"@type":"ListItem","@id":"https:\/\/www.tenis-krka.org#listItem","name":"Domov"}},{"@type":"ListItem","@id":"https:\/\/www.tenis-krka.org\/?p=4478#listItem","position":3,"name":"Konec turnirja Krka Open U14!","previousItem":{"@type":"ListItem","@id":"https:\/\/www.tenis-krka.org\/?cat=55#listItem","name":"Krka Open U14 2021"}}]},{"@type":"Organization","@id":"https:\/\/www.tenis-krka.org\/#organization","name":"Teni\u0161ki klub Krka Oto\u010dec","description":"Vse o klubu, novice, dogodki, rezultati in \u0161e veliko ve\u010d...","url":"https:\/\/www.tenis-krka.org\/"},{"@type":"Person","@id":"https:\/\/www.tenis-krka.org\/?author=1#author","url":"https:\/\/www.tenis-krka.org\/?author=1","name":"admin","image":{"@type":"ImageObject","@id":"https:\/\/www.tenis-krka.org\/?p=4478#authorImage","url":"https:\/\/secure.gravatar.com\/avatar\/9e60ad079c111140ec6df07f7c8d348b27680a6649653907523325cecd07935e?s=96&d=mm&r=g","width":96,"height":96,"caption":"admin"}},{"@type":"WebPage","@id":"https:\/\/www.tenis-krka.org\/?p=4478#webpage","url":"https:\/\/www.tenis-krka.org\/?p=4478","name":"Konec turnirja Krka Open U14! | Teni\u0161ki klub Krka Oto\u010dec","description":"V preteklem tednu je na Oto\u010dcu potekal \u0161e zadnji v seriji mednarodnih turnirjev, ki smo jih organizirali v letu 2021. Na njem so se pomerili igralci v kategoriji do 14 let. Nastopil je tudi Marko Retelj - igralec doma\u010dega kluba, ki se je kot 6. nosilec prebil vse do \u010detrtfinala. Tam je bil z rezultatom","inLanguage":"sl-SI","isPartOf":{"@id":"https:\/\/www.tenis-krka.org\/#website"},"breadcrumb":{"@id":"https:\/\/www.tenis-krka.org\/?p=4478#breadcrumblist"},"author":{"@id":"https:\/\/www.tenis-krka.org\/?author=1#author"},"creator":{"@id":"https:\/\/www.tenis-krka.org\/?author=1#author"},"image":{"@type":"ImageObject","url":"https:\/\/www.tenis-krka.org\/wp-content\/uploads\/2021\/07\/IMG_20210710_093150_532-scaled.jpg","@id":"https:\/\/www.tenis-krka.org\/?p=4478\/#mainImage","width":2560,"height":2266},"primaryImageOfPage":{"@id":"https:\/\/www.tenis-krka.org\/?p=4478#mainImage"},"datePublished":"2021-07-14T19:19:27+02:00","dateModified":"2021-07-14T19:19:53+02:00"},{"@type":"WebSite","@id":"https:\/\/www.tenis-krka.org\/#website","url":"https:\/\/www.tenis-krka.org\/","name":"Teni\u0161ki klub Krka Oto\u010dec","description":"Vse o klubu, novice, dogodki, rezultati in \u0161e veliko ve\u010d...","inLanguage":"sl-SI","publisher":{"@id":"https:\/\/www.tenis-krka.org\/#organization"}}]},"og:locale":"sl_SI","og:site_name":"Teni\u0161ki klub Krka Oto\u010dec | Vse o klubu, novice, dogodki, rezultati in \u0161e veliko ve\u010d...","og:type":"article","og:title":"Konec turnirja Krka Open U14! | Teni\u0161ki klub Krka Oto\u010dec","og:description":"V preteklem tednu je na Oto\u010dcu potekal \u0161e zadnji v seriji mednarodnih turnirjev, ki smo jih organizirali v letu 2021. Na njem so se pomerili igralci v kategoriji do 14 let. Nastopil je tudi Marko Retelj - igralec doma\u010dega kluba, ki se je kot 6. nosilec prebil vse do \u010detrtfinala. Tam je bil z rezultatom","og:url":"https:\/\/www.tenis-krka.org\/?p=4478","article:published_time":"2021-07-14T17:19:27+00:00","article:modified_time":"2021-07-14T17:19:53+00:00","twitter:card":"summary_large_image","twitter:title":"Konec turnirja Krka Open U14! | Teni\u0161ki klub Krka Oto\u010dec","twitter:description":"V preteklem tednu je na Oto\u010dcu potekal \u0161e zadnji v seriji mednarodnih turnirjev, ki smo jih organizirali v letu 2021. Na njem so se pomerili igralci v kategoriji do 14 let. Nastopil je tudi Marko Retelj - igralec doma\u010dega kluba, ki se je kot 6. nosilec prebil vse do \u010detrtfinala. Tam je bil z rezultatom"},"aioseo_meta_data":{"post_id":"4478","title":null,"description":null,"keywords":null,"keyphrases":null,"primary_term":null,"canonical_url":null,"og_title":null,"og_description":null,"og_object_type":"default","og_image_type":"default","og_image_url":null,"og_image_width":null,"og_image_height":null,"og_image_custom_url":null,"og_image_custom_fields":null,"og_video":null,"og_custom_url":null,"og_article_section":null,"og_article_tags":null,"twitter_use_og":false,"twitter_card":"default","twitter_image_type":"default","twitter_image_url":null,"twitter_image_custom_url":null,"twitter_image_custom_fields":null,"twitter_title":null,"twitter_description":null,"schema":{"blockGraphs":[],"customGraphs":[],"default":{"data":{"Article":[],"Course":[],"Dataset":[],"FAQPage":[],"Movie":[],"Person":[],"Product":[],"ProductReview":[],"Car":[],"Recipe":[],"Service":[],"SoftwareApplication":[],"WebPage":[]},"graphName":"","isEnabled":true},"graphs":[]},"schema_type":"default","schema_type_options":null,"pillar_content":false,"robots_default":true,"robots_noindex":false,"robots_noarchive":false,"robots_nosnippet":false,"robots_nofollow":false,"robots_noimageindex":false,"robots_noodp":false,"robots_notranslate":false,"robots_max_snippet":null,"robots_max_videopreview":null,"robots_max_imagepreview":"large","priority":null,"frequency":null,"local_seo":null,"breadcrumb_settings":null,"limit_modified_date":false,"ai":null,"created":"2024-08-30 08:33:24","updated":"2025-10-22 08:02:55","seo_analyzer_scan_date":null},"aioseo_breadcrumb":"<div class=\"aioseo-breadcrumbs\"><span class=\"aioseo-breadcrumb\">\n\t\t\t<a href=\"https:\/\/www.tenis-krka.org\" title=\"Domov\">Domov<\/a>\n\t\t<\/span><span class=\"aioseo-breadcrumb-separator\">&raquo;<\/span><span class=\"aioseo-breadcrumb\">\n\t\t\t<a href=\"https:\/\/www.tenis-krka.org\/?cat=55\" title=\"Krka Open U14 2021\">Krka Open U14 2021<\/a>\n\t\t<\/span><span class=\"aioseo-breadcrumb-separator\">&raquo;<\/span><span class=\"aioseo-breadcrumb\">\n\t\t\tKonec turnirja Krka Open U14!\n\t\t<\/span><\/div>","aioseo_breadcrumb_json":[{"label":"Domov","link":"https:\/\/www.tenis-krka.org"},{"label":"Krka Open U14 2021","link":"https:\/\/www.tenis-krka.org\/?cat=55"},{"label":"Konec turnirja Krka Open U14!","link":"https:\/\/www.tenis-krka.org\/?p=4478"}],"_links":{"self":[{"href":"https:\/\/www.tenis-krka.org\/index.php?rest_route=\/wp\/v2\/posts\/4478","targetHints":{"allow":["GET"]}}],"collection":[{"href":"https:\/\/www.tenis-krka.org\/index.php?rest_route=\/wp\/v2\/posts"}],"about":[{"href":"https:\/\/www.tenis-krka.org\/index.php?rest_route=\/wp\/v2\/types\/post"}],"author":[{"embeddable":true,"href":"https:\/\/www.tenis-krka.org\/index.php?rest_route=\/wp\/v2\/users\/1"}],"replies":[{"embeddable":true,"href":"https:\/\/www.tenis-krka.org\/index.php?rest_route=%2Fwp%2Fv2%2Fcomments&post=4478"}],"version-history":[{"count":1,"href":"https:\/\/www.tenis-krka.org\/index.php?rest_route=\/wp\/v2\/posts\/4478\/revisions"}],"predecessor-version":[{"id":4485,"href":"https:\/\/www.tenis-krka.org\/index.php?rest_route=\/wp\/v2\/posts\/4478\/revisions\/4485"}],"wp:featuredmedia":[{"embeddable":true,"href":"https:\/\/www.tenis-krka.org\/index.php?rest_route=\/wp\/v2\/media\/4486"}],"wp:attachment":[{"href":"https:\/\/www.tenis-krka.org\/index.php?rest_route=%2Fwp%2Fv2%2Fmedia&parent=4478"}],"wp:term":[{"taxonomy":"category","embeddable":true,"href":"https:\/\/www.tenis-krka.org\/index.php?rest_route=%2Fwp%2Fv2%2Fcategories&post=4478"},{"taxonomy":"post_tag","embeddable":true,"href":"https:\/\/www.tenis-krka.org\/index.php?rest_route=%2Fwp%2Fv2%2Ftags&post=4478"}],"curies":[{"name":"wp","href":"https:\/\/api.w.org\/{rel}","templated":true}]}}