{"id":4316,"date":"2021-05-17T13:15:22","date_gmt":"2021-05-17T11:15:22","guid":{"rendered":"http:\/\/www.tenis-krka.org\/?p=4316"},"modified":"2021-05-17T13:15:51","modified_gmt":"2021-05-17T11:15:51","slug":"najmlajsi-clani-kluba-uspesno-nastopili-na-turnirju-8-11-let-v-krskem","status":"publish","type":"post","link":"https:\/\/www.tenis-krka.org\/?p=4316","title":{"rendered":"Najmlaj\u0161i \u010dlani kluba uspe\u0161no nastopili na turnirju 8-11 let v Kr\u0161kem!"},"content":{"rendered":"<p>Preteklo soboto je na igri\u0161\u010dih Teni\u0161kega kluba Kr\u0161ko potekalo tekmovanje za najmlaj\u0161e tenisa\u010de. Za na\u0161e \u010dlane kluba je bilo to prvo tekmovanje, ki so se ga udele\u017eili.<\/p>\n<p>Pomerili so se v mini in midi tenisu ter pokazali borbenost in timski duh. Najpomembneje pa je, da so s tem pridobili motivacijo za treninge in tekme!<\/p>\n<p>Prve pokale sta si na turnirju priborili Elen Anton\u010di\u010d in Lina Sarhatli\u0107. V mini tenisu sta uprizorili klubski finale v katerem je bila na koncu bolj\u0161a Lina, ki je tako osvojila 1. mesto.&nbsp;<\/p>\n<p>Elen je isti dan nastopila tudi v midi tenisu, kjer si je priborila 3.-4. mesto!<\/p>\n<p>Vsem igralcem \u010destitamo za prvi nastop na turnirju!<\/p>\nngg_shortcode_0_placeholder\n<div class=\"mceTemp\">&nbsp;<\/div>\n<p>&nbsp;<\/p>\n","protected":false},"excerpt":{"rendered":"<p>Preteklo soboto je na igri\u0161\u010dih Teni\u0161kega kluba Kr\u0161ko potekalo tekmovanje za najmlaj\u0161e tenisa\u010de. Za na\u0161e \u010dlane kluba je bilo to prvo tekmovanje, ki so se ga udele\u017eili. Pomerili so se v mini in midi tenisu ter pokazali borbenost in timski duh. Najpomembneje pa je, da so s tem pridobili motivacijo za treninge in tekme! Prve [&hellip;]<\/p>\n","protected":false},"author":1,"featured_media":4319,"comment_status":"closed","ping_status":"closed","sticky":false,"template":"","format":"standard","meta":{"ngg_post_thumbnail":0,"footnotes":""},"categories":[6,5],"tags":[],"class_list":["post-4316","post","type-post","status-publish","format-standard","has-post-thumbnail","hentry","category-rezult","category-tekm"],"aioseo_notices":[],"aioseo_head":"\n\t\t<!-- All in One SEO 4.9.10 - aioseo.com -->\n\t<meta name=\"description\" content=\"Preteklo soboto je na igri\u0161\u010dih Teni\u0161kega kluba Kr\u0161ko potekalo tekmovanje za najmlaj\u0161e tenisa\u010de. Za na\u0161e \u010dlane kluba je bilo to prvo tekmovanje, ki so se ga udele\u017eili. Pomerili so se v mini in midi tenisu ter pokazali borbenost in timski duh. Najpomembneje pa je, da so s tem pridobili motivacijo za treninge in tekme! Prve\" \/>\n\t<meta name=\"robots\" content=\"max-image-preview:large\" \/>\n\t<meta name=\"author\" content=\"admin\"\/>\n\t<link rel=\"canonical\" href=\"https:\/\/www.tenis-krka.org\/?p=4316\" \/>\n\t<meta name=\"generator\" content=\"All in One SEO (AIOSEO) 4.9.10\" \/>\n\t\t<meta property=\"og:locale\" content=\"sl_SI\" \/>\n\t\t<meta property=\"og:site_name\" content=\"Teni\u0161ki klub Krka Oto\u010dec | Vse o klubu, novice, dogodki, rezultati in \u0161e veliko ve\u010d...\" \/>\n\t\t<meta property=\"og:type\" content=\"article\" \/>\n\t\t<meta property=\"og:title\" content=\"Najmlaj\u0161i \u010dlani kluba uspe\u0161no nastopili na turnirju 8-11 let v Kr\u0161kem! | Teni\u0161ki klub Krka Oto\u010dec\" \/>\n\t\t<meta property=\"og:description\" content=\"Preteklo soboto je na igri\u0161\u010dih Teni\u0161kega kluba Kr\u0161ko potekalo tekmovanje za najmlaj\u0161e tenisa\u010de. Za na\u0161e \u010dlane kluba je bilo to prvo tekmovanje, ki so se ga udele\u017eili. Pomerili so se v mini in midi tenisu ter pokazali borbenost in timski duh. Najpomembneje pa je, da so s tem pridobili motivacijo za treninge in tekme! Prve\" \/>\n\t\t<meta property=\"og:url\" content=\"https:\/\/www.tenis-krka.org\/?p=4316\" \/>\n\t\t<meta property=\"article:published_time\" content=\"2021-05-17T11:15:22+00:00\" \/>\n\t\t<meta property=\"article:modified_time\" content=\"2021-05-17T11:15:51+00:00\" \/>\n\t\t<meta name=\"twitter:card\" content=\"summary_large_image\" \/>\n\t\t<meta name=\"twitter:title\" content=\"Najmlaj\u0161i \u010dlani kluba uspe\u0161no nastopili na turnirju 8-11 let v Kr\u0161kem! | Teni\u0161ki klub Krka Oto\u010dec\" \/>\n\t\t<meta name=\"twitter:description\" content=\"Preteklo soboto je na igri\u0161\u010dih Teni\u0161kega kluba Kr\u0161ko potekalo tekmovanje za najmlaj\u0161e tenisa\u010de. Za na\u0161e \u010dlane kluba je bilo to prvo tekmovanje, ki so se ga udele\u017eili. Pomerili so se v mini in midi tenisu ter pokazali borbenost in timski duh. Najpomembneje pa je, da so s tem pridobili motivacijo za treninge in tekme! Prve\" \/>\n\t\t<script type=\"application\/ld+json\" class=\"aioseo-schema\">\n\t\t\t{\"@context\":\"https:\\\/\\\/schema.org\",\"@graph\":[{\"@type\":\"Article\",\"@id\":\"https:\\\/\\\/www.tenis-krka.org\\\/?p=4316#article\",\"name\":\"Najmlaj\\u0161i \\u010dlani kluba uspe\\u0161no nastopili na turnirju 8-11 let v Kr\\u0161kem! | Teni\\u0161ki klub Krka Oto\\u010dec\",\"headline\":\"Najmlaj\\u0161i \\u010dlani kluba uspe\\u0161no nastopili na turnirju 8-11 let v Kr\\u0161kem!\",\"author\":{\"@id\":\"https:\\\/\\\/www.tenis-krka.org\\\/?author=1#author\"},\"publisher\":{\"@id\":\"https:\\\/\\\/www.tenis-krka.org\\\/#organization\"},\"image\":{\"@type\":\"ImageObject\",\"url\":\"https:\\\/\\\/www.tenis-krka.org\\\/wp-content\\\/uploads\\\/2021\\\/05\\\/IMG_20210515_090255-scaled.jpg\",\"width\":2560,\"height\":1239,\"caption\":\"Zbrana ekipa s trenerjem\"},\"datePublished\":\"2021-05-17T13:15:22+02:00\",\"dateModified\":\"2021-05-17T13:15:51+02:00\",\"inLanguage\":\"sl-SI\",\"mainEntityOfPage\":{\"@id\":\"https:\\\/\\\/www.tenis-krka.org\\\/?p=4316#webpage\"},\"isPartOf\":{\"@id\":\"https:\\\/\\\/www.tenis-krka.org\\\/?p=4316#webpage\"},\"articleSection\":\"Rezultati, Tekmovanja\"},{\"@type\":\"BreadcrumbList\",\"@id\":\"https:\\\/\\\/www.tenis-krka.org\\\/?p=4316#breadcrumblist\",\"itemListElement\":[{\"@type\":\"ListItem\",\"@id\":\"https:\\\/\\\/www.tenis-krka.org#listItem\",\"position\":1,\"name\":\"Domov\",\"item\":\"https:\\\/\\\/www.tenis-krka.org\",\"nextItem\":{\"@type\":\"ListItem\",\"@id\":\"https:\\\/\\\/www.tenis-krka.org\\\/?cat=5#listItem\",\"name\":\"Tekmovanja\"}},{\"@type\":\"ListItem\",\"@id\":\"https:\\\/\\\/www.tenis-krka.org\\\/?cat=5#listItem\",\"position\":2,\"name\":\"Tekmovanja\",\"item\":\"https:\\\/\\\/www.tenis-krka.org\\\/?cat=5\",\"nextItem\":{\"@type\":\"ListItem\",\"@id\":\"https:\\\/\\\/www.tenis-krka.org\\\/?p=4316#listItem\",\"name\":\"Najmlaj\\u0161i \\u010dlani kluba uspe\\u0161no nastopili na turnirju 8-11 let v Kr\\u0161kem!\"},\"previousItem\":{\"@type\":\"ListItem\",\"@id\":\"https:\\\/\\\/www.tenis-krka.org#listItem\",\"name\":\"Domov\"}},{\"@type\":\"ListItem\",\"@id\":\"https:\\\/\\\/www.tenis-krka.org\\\/?p=4316#listItem\",\"position\":3,\"name\":\"Najmlaj\\u0161i \\u010dlani kluba uspe\\u0161no nastopili na turnirju 8-11 let v Kr\\u0161kem!\",\"previousItem\":{\"@type\":\"ListItem\",\"@id\":\"https:\\\/\\\/www.tenis-krka.org\\\/?cat=5#listItem\",\"name\":\"Tekmovanja\"}}]},{\"@type\":\"Organization\",\"@id\":\"https:\\\/\\\/www.tenis-krka.org\\\/#organization\",\"name\":\"Teni\\u0161ki klub Krka Oto\\u010dec\",\"description\":\"Vse o klubu, novice, dogodki, rezultati in \\u0161e veliko ve\\u010d...\",\"url\":\"https:\\\/\\\/www.tenis-krka.org\\\/\"},{\"@type\":\"Person\",\"@id\":\"https:\\\/\\\/www.tenis-krka.org\\\/?author=1#author\",\"url\":\"https:\\\/\\\/www.tenis-krka.org\\\/?author=1\",\"name\":\"admin\",\"image\":{\"@type\":\"ImageObject\",\"@id\":\"https:\\\/\\\/www.tenis-krka.org\\\/?p=4316#authorImage\",\"url\":\"https:\\\/\\\/secure.gravatar.com\\\/avatar\\\/9e60ad079c111140ec6df07f7c8d348b27680a6649653907523325cecd07935e?s=96&d=mm&r=g\",\"width\":96,\"height\":96,\"caption\":\"admin\"}},{\"@type\":\"WebPage\",\"@id\":\"https:\\\/\\\/www.tenis-krka.org\\\/?p=4316#webpage\",\"url\":\"https:\\\/\\\/www.tenis-krka.org\\\/?p=4316\",\"name\":\"Najmlaj\\u0161i \\u010dlani kluba uspe\\u0161no nastopili na turnirju 8-11 let v Kr\\u0161kem! | Teni\\u0161ki klub Krka Oto\\u010dec\",\"description\":\"Preteklo soboto je na igri\\u0161\\u010dih Teni\\u0161kega kluba Kr\\u0161ko potekalo tekmovanje za najmlaj\\u0161e tenisa\\u010de. Za na\\u0161e \\u010dlane kluba je bilo to prvo tekmovanje, ki so se ga udele\\u017eili. Pomerili so se v mini in midi tenisu ter pokazali borbenost in timski duh. Najpomembneje pa je, da so s tem pridobili motivacijo za treninge in tekme! Prve\",\"inLanguage\":\"sl-SI\",\"isPartOf\":{\"@id\":\"https:\\\/\\\/www.tenis-krka.org\\\/#website\"},\"breadcrumb\":{\"@id\":\"https:\\\/\\\/www.tenis-krka.org\\\/?p=4316#breadcrumblist\"},\"author\":{\"@id\":\"https:\\\/\\\/www.tenis-krka.org\\\/?author=1#author\"},\"creator\":{\"@id\":\"https:\\\/\\\/www.tenis-krka.org\\\/?author=1#author\"},\"image\":{\"@type\":\"ImageObject\",\"url\":\"https:\\\/\\\/www.tenis-krka.org\\\/wp-content\\\/uploads\\\/2021\\\/05\\\/IMG_20210515_090255-scaled.jpg\",\"@id\":\"https:\\\/\\\/www.tenis-krka.org\\\/?p=4316\\\/#mainImage\",\"width\":2560,\"height\":1239,\"caption\":\"Zbrana ekipa s trenerjem\"},\"primaryImageOfPage\":{\"@id\":\"https:\\\/\\\/www.tenis-krka.org\\\/?p=4316#mainImage\"},\"datePublished\":\"2021-05-17T13:15:22+02:00\",\"dateModified\":\"2021-05-17T13:15:51+02:00\"},{\"@type\":\"WebSite\",\"@id\":\"https:\\\/\\\/www.tenis-krka.org\\\/#website\",\"url\":\"https:\\\/\\\/www.tenis-krka.org\\\/\",\"name\":\"Teni\\u0161ki klub Krka Oto\\u010dec\",\"description\":\"Vse o klubu, novice, dogodki, rezultati in \\u0161e veliko ve\\u010d...\",\"inLanguage\":\"sl-SI\",\"publisher\":{\"@id\":\"https:\\\/\\\/www.tenis-krka.org\\\/#organization\"}}]}\n\t\t<\/script>\n\t\t<!-- All in One SEO -->\n\n","aioseo_head_json":{"title":"Najmlaj\u0161i \u010dlani kluba uspe\u0161no nastopili na turnirju 8-11 let v Kr\u0161kem! | Teni\u0161ki klub Krka Oto\u010dec","description":"Preteklo soboto je na igri\u0161\u010dih Teni\u0161kega kluba Kr\u0161ko potekalo tekmovanje za najmlaj\u0161e tenisa\u010de. Za na\u0161e \u010dlane kluba je bilo to prvo tekmovanje, ki so se ga udele\u017eili. Pomerili so se v mini in midi tenisu ter pokazali borbenost in timski duh. Najpomembneje pa je, da so s tem pridobili motivacijo za treninge in tekme! Prve","canonical_url":"https:\/\/www.tenis-krka.org\/?p=4316","robots":"max-image-preview:large","keywords":"","webmasterTools":{"miscellaneous":""},"schema":{"@context":"https:\/\/schema.org","@graph":[{"@type":"Article","@id":"https:\/\/www.tenis-krka.org\/?p=4316#article","name":"Najmlaj\u0161i \u010dlani kluba uspe\u0161no nastopili na turnirju 8-11 let v Kr\u0161kem! | Teni\u0161ki klub Krka Oto\u010dec","headline":"Najmlaj\u0161i \u010dlani kluba uspe\u0161no nastopili na turnirju 8-11 let v Kr\u0161kem!","author":{"@id":"https:\/\/www.tenis-krka.org\/?author=1#author"},"publisher":{"@id":"https:\/\/www.tenis-krka.org\/#organization"},"image":{"@type":"ImageObject","url":"https:\/\/www.tenis-krka.org\/wp-content\/uploads\/2021\/05\/IMG_20210515_090255-scaled.jpg","width":2560,"height":1239,"caption":"Zbrana ekipa s trenerjem"},"datePublished":"2021-05-17T13:15:22+02:00","dateModified":"2021-05-17T13:15:51+02:00","inLanguage":"sl-SI","mainEntityOfPage":{"@id":"https:\/\/www.tenis-krka.org\/?p=4316#webpage"},"isPartOf":{"@id":"https:\/\/www.tenis-krka.org\/?p=4316#webpage"},"articleSection":"Rezultati, Tekmovanja"},{"@type":"BreadcrumbList","@id":"https:\/\/www.tenis-krka.org\/?p=4316#breadcrumblist","itemListElement":[{"@type":"ListItem","@id":"https:\/\/www.tenis-krka.org#listItem","position":1,"name":"Domov","item":"https:\/\/www.tenis-krka.org","nextItem":{"@type":"ListItem","@id":"https:\/\/www.tenis-krka.org\/?cat=5#listItem","name":"Tekmovanja"}},{"@type":"ListItem","@id":"https:\/\/www.tenis-krka.org\/?cat=5#listItem","position":2,"name":"Tekmovanja","item":"https:\/\/www.tenis-krka.org\/?cat=5","nextItem":{"@type":"ListItem","@id":"https:\/\/www.tenis-krka.org\/?p=4316#listItem","name":"Najmlaj\u0161i \u010dlani kluba uspe\u0161no nastopili na turnirju 8-11 let v Kr\u0161kem!"},"previousItem":{"@type":"ListItem","@id":"https:\/\/www.tenis-krka.org#listItem","name":"Domov"}},{"@type":"ListItem","@id":"https:\/\/www.tenis-krka.org\/?p=4316#listItem","position":3,"name":"Najmlaj\u0161i \u010dlani kluba uspe\u0161no nastopili na turnirju 8-11 let v Kr\u0161kem!","previousItem":{"@type":"ListItem","@id":"https:\/\/www.tenis-krka.org\/?cat=5#listItem","name":"Tekmovanja"}}]},{"@type":"Organization","@id":"https:\/\/www.tenis-krka.org\/#organization","name":"Teni\u0161ki klub Krka Oto\u010dec","description":"Vse o klubu, novice, dogodki, rezultati in \u0161e veliko ve\u010d...","url":"https:\/\/www.tenis-krka.org\/"},{"@type":"Person","@id":"https:\/\/www.tenis-krka.org\/?author=1#author","url":"https:\/\/www.tenis-krka.org\/?author=1","name":"admin","image":{"@type":"ImageObject","@id":"https:\/\/www.tenis-krka.org\/?p=4316#authorImage","url":"https:\/\/secure.gravatar.com\/avatar\/9e60ad079c111140ec6df07f7c8d348b27680a6649653907523325cecd07935e?s=96&d=mm&r=g","width":96,"height":96,"caption":"admin"}},{"@type":"WebPage","@id":"https:\/\/www.tenis-krka.org\/?p=4316#webpage","url":"https:\/\/www.tenis-krka.org\/?p=4316","name":"Najmlaj\u0161i \u010dlani kluba uspe\u0161no nastopili na turnirju 8-11 let v Kr\u0161kem! | Teni\u0161ki klub Krka Oto\u010dec","description":"Preteklo soboto je na igri\u0161\u010dih Teni\u0161kega kluba Kr\u0161ko potekalo tekmovanje za najmlaj\u0161e tenisa\u010de. Za na\u0161e \u010dlane kluba je bilo to prvo tekmovanje, ki so se ga udele\u017eili. Pomerili so se v mini in midi tenisu ter pokazali borbenost in timski duh. Najpomembneje pa je, da so s tem pridobili motivacijo za treninge in tekme! Prve","inLanguage":"sl-SI","isPartOf":{"@id":"https:\/\/www.tenis-krka.org\/#website"},"breadcrumb":{"@id":"https:\/\/www.tenis-krka.org\/?p=4316#breadcrumblist"},"author":{"@id":"https:\/\/www.tenis-krka.org\/?author=1#author"},"creator":{"@id":"https:\/\/www.tenis-krka.org\/?author=1#author"},"image":{"@type":"ImageObject","url":"https:\/\/www.tenis-krka.org\/wp-content\/uploads\/2021\/05\/IMG_20210515_090255-scaled.jpg","@id":"https:\/\/www.tenis-krka.org\/?p=4316\/#mainImage","width":2560,"height":1239,"caption":"Zbrana ekipa s trenerjem"},"primaryImageOfPage":{"@id":"https:\/\/www.tenis-krka.org\/?p=4316#mainImage"},"datePublished":"2021-05-17T13:15:22+02:00","dateModified":"2021-05-17T13:15:51+02:00"},{"@type":"WebSite","@id":"https:\/\/www.tenis-krka.org\/#website","url":"https:\/\/www.tenis-krka.org\/","name":"Teni\u0161ki klub Krka Oto\u010dec","description":"Vse o klubu, novice, dogodki, rezultati in \u0161e veliko ve\u010d...","inLanguage":"sl-SI","publisher":{"@id":"https:\/\/www.tenis-krka.org\/#organization"}}]},"og:locale":"sl_SI","og:site_name":"Teni\u0161ki klub Krka Oto\u010dec | Vse o klubu, novice, dogodki, rezultati in \u0161e veliko ve\u010d...","og:type":"article","og:title":"Najmlaj\u0161i \u010dlani kluba uspe\u0161no nastopili na turnirju 8-11 let v Kr\u0161kem! | Teni\u0161ki klub Krka Oto\u010dec","og:description":"Preteklo soboto je na igri\u0161\u010dih Teni\u0161kega kluba Kr\u0161ko potekalo tekmovanje za najmlaj\u0161e tenisa\u010de. Za na\u0161e \u010dlane kluba je bilo to prvo tekmovanje, ki so se ga udele\u017eili. Pomerili so se v mini in midi tenisu ter pokazali borbenost in timski duh. Najpomembneje pa je, da so s tem pridobili motivacijo za treninge in tekme! Prve","og:url":"https:\/\/www.tenis-krka.org\/?p=4316","article:published_time":"2021-05-17T11:15:22+00:00","article:modified_time":"2021-05-17T11:15:51+00:00","twitter:card":"summary_large_image","twitter:title":"Najmlaj\u0161i \u010dlani kluba uspe\u0161no nastopili na turnirju 8-11 let v Kr\u0161kem! | Teni\u0161ki klub Krka Oto\u010dec","twitter:description":"Preteklo soboto je na igri\u0161\u010dih Teni\u0161kega kluba Kr\u0161ko potekalo tekmovanje za najmlaj\u0161e tenisa\u010de. Za na\u0161e \u010dlane kluba je bilo to prvo tekmovanje, ki so se ga udele\u017eili. Pomerili so se v mini in midi tenisu ter pokazali borbenost in timski duh. Najpomembneje pa je, da so s tem pridobili motivacijo za treninge in tekme! Prve"},"aioseo_meta_data":{"post_id":"4316","title":null,"description":null,"keywords":null,"keyphrases":null,"primary_term":null,"canonical_url":null,"og_title":null,"og_description":null,"og_object_type":"default","og_image_type":"default","og_image_url":null,"og_image_width":null,"og_image_height":null,"og_image_custom_url":null,"og_image_custom_fields":null,"og_video":null,"og_custom_url":null,"og_article_section":null,"og_article_tags":null,"twitter_use_og":false,"twitter_card":"default","twitter_image_type":"default","twitter_image_url":null,"twitter_image_custom_url":null,"twitter_image_custom_fields":null,"twitter_title":null,"twitter_description":null,"schema":{"blockGraphs":[],"customGraphs":[],"default":{"data":{"Article":[],"Course":[],"Dataset":[],"FAQPage":[],"Movie":[],"Person":[],"Product":[],"ProductReview":[],"Car":[],"Recipe":[],"Service":[],"SoftwareApplication":[],"WebPage":[]},"graphName":"","isEnabled":true},"graphs":[]},"schema_type":"default","schema_type_options":null,"pillar_content":false,"robots_default":true,"robots_noindex":false,"robots_noarchive":false,"robots_nosnippet":false,"robots_nofollow":false,"robots_noimageindex":false,"robots_noodp":false,"robots_notranslate":false,"robots_max_snippet":null,"robots_max_videopreview":null,"robots_max_imagepreview":"large","priority":null,"frequency":null,"local_seo":null,"breadcrumb_settings":null,"limit_modified_date":false,"ai":null,"created":"2024-08-30 08:35:25","updated":"2025-10-22 07:41:29","seo_analyzer_scan_date":null},"aioseo_breadcrumb":"<div class=\"aioseo-breadcrumbs\"><span class=\"aioseo-breadcrumb\">\n\t\t\t<a href=\"https:\/\/www.tenis-krka.org\" title=\"Domov\">Domov<\/a>\n\t\t<\/span><span class=\"aioseo-breadcrumb-separator\">&raquo;<\/span><span class=\"aioseo-breadcrumb\">\n\t\t\t<a href=\"https:\/\/www.tenis-krka.org\/?cat=5\" title=\"Tekmovanja\">Tekmovanja<\/a>\n\t\t<\/span><span class=\"aioseo-breadcrumb-separator\">&raquo;<\/span><span class=\"aioseo-breadcrumb\">\n\t\t\tNajmlaj\u0161i \u010dlani kluba uspe\u0161no nastopili na turnirju 8-11 let v Kr\u0161kem!\n\t\t<\/span><\/div>","aioseo_breadcrumb_json":[{"label":"Domov","link":"https:\/\/www.tenis-krka.org"},{"label":"Tekmovanja","link":"https:\/\/www.tenis-krka.org\/?cat=5"},{"label":"Najmlaj\u0161i \u010dlani kluba uspe\u0161no nastopili na turnirju 8-11 let v Kr\u0161kem!","link":"https:\/\/www.tenis-krka.org\/?p=4316"}],"_links":{"self":[{"href":"https:\/\/www.tenis-krka.org\/index.php?rest_route=\/wp\/v2\/posts\/4316","targetHints":{"allow":["GET"]}}],"collection":[{"href":"https:\/\/www.tenis-krka.org\/index.php?rest_route=\/wp\/v2\/posts"}],"about":[{"href":"https:\/\/www.tenis-krka.org\/index.php?rest_route=\/wp\/v2\/types\/post"}],"author":[{"embeddable":true,"href":"https:\/\/www.tenis-krka.org\/index.php?rest_route=\/wp\/v2\/users\/1"}],"replies":[{"embeddable":true,"href":"https:\/\/www.tenis-krka.org\/index.php?rest_route=%2Fwp%2Fv2%2Fcomments&post=4316"}],"version-history":[{"count":4,"href":"https:\/\/www.tenis-krka.org\/index.php?rest_route=\/wp\/v2\/posts\/4316\/revisions"}],"predecessor-version":[{"id":4936,"href":"https:\/\/www.tenis-krka.org\/index.php?rest_route=\/wp\/v2\/posts\/4316\/revisions\/4936"}],"wp:featuredmedia":[{"embeddable":true,"href":"https:\/\/www.tenis-krka.org\/index.php?rest_route=\/wp\/v2\/media\/4319"}],"wp:attachment":[{"href":"https:\/\/www.tenis-krka.org\/index.php?rest_route=%2Fwp%2Fv2%2Fmedia&parent=4316"}],"wp:term":[{"taxonomy":"category","embeddable":true,"href":"https:\/\/www.tenis-krka.org\/index.php?rest_route=%2Fwp%2Fv2%2Fcategories&post=4316"},{"taxonomy":"post_tag","embeddable":true,"href":"https:\/\/www.tenis-krka.org\/index.php?rest_route=%2Fwp%2Fv2%2Ftags&post=4316"}],"curies":[{"name":"wp","href":"https:\/\/api.w.org\/{rel}","templated":true}]}}