{"id":4306,"date":"2021-05-09T10:14:49","date_gmt":"2021-05-09T08:14:49","guid":{"rendered":"http:\/\/www.tenis-krka.org\/?p=4306"},"modified":"2021-05-09T10:14:49","modified_gmt":"2021-05-09T08:14:49","slug":"teniska-sola-v-dolenjskih-toplicah","status":"publish","type":"post","link":"https:\/\/www.tenis-krka.org\/?p=4306","title":{"rendered":"Teni\u0161ka \u0161ola v Dolenjskih Toplicah"},"content":{"rendered":"<p>Z veseljem vas obve\u0161\u010damo, da pri\u010denjamo z zbiranjem prijav za <strong><a href=\"http:\/\/www.tenis-krka.org\/wp-content\/uploads\/2021\/05\/Vabilo-TS_2021_DT.pdf\">Teni\u0161ko \u0161olo v Dolenjskih Toplicah<\/a><\/strong>.&nbsp;<\/p>\n<p>V kolikor se za te\u010daj zanimate ali pa imate dodatna vpra\u0161anja nam to sporo\u010dite na tk.krka.otocec@gmail.com ali na 041 922 084.<\/p>\n<p><a href=\"http:\/\/www.tenis-krka.org\/wp-content\/uploads\/2021\/05\/Vabilo-TS_2021_DT.jpg\"><img loading=\"lazy\" decoding=\"async\" class=\"alignnone size-medium wp-image-4307\" src=\"http:\/\/www.tenis-krka.org\/wp-content\/uploads\/2021\/05\/Vabilo-TS_2021_DT-211x300.jpg\" alt=\"\" width=\"211\" height=\"300\" srcset=\"https:\/\/www.tenis-krka.org\/wp-content\/uploads\/2021\/05\/Vabilo-TS_2021_DT-211x300.jpg 211w, https:\/\/www.tenis-krka.org\/wp-content\/uploads\/2021\/05\/Vabilo-TS_2021_DT-722x1024.jpg 722w, https:\/\/www.tenis-krka.org\/wp-content\/uploads\/2021\/05\/Vabilo-TS_2021_DT-768x1090.jpg 768w, https:\/\/www.tenis-krka.org\/wp-content\/uploads\/2021\/05\/Vabilo-TS_2021_DT-1083x1536.jpg 1083w, https:\/\/www.tenis-krka.org\/wp-content\/uploads\/2021\/05\/Vabilo-TS_2021_DT.jpg 1249w\" sizes=\"auto, (max-width: 211px) 100vw, 211px\" \/><\/a>&nbsp;<\/p>\n","protected":false},"excerpt":{"rendered":"<p>Z veseljem vas obve\u0161\u010damo, da pri\u010denjamo z zbiranjem prijav za Teni\u0161ko \u0161olo v Dolenjskih Toplicah.&nbsp; V kolikor se za te\u010daj zanimate ali pa imate dodatna vpra\u0161anja nam to sporo\u010dite na tk.krka.otocec@gmail.com ali na 041 922 084. &nbsp;<\/p>\n","protected":false},"author":1,"featured_media":0,"comment_status":"closed","ping_status":"closed","sticky":false,"template":"","format":"standard","meta":{"ngg_post_thumbnail":0,"footnotes":""},"categories":[7],"tags":[],"class_list":["post-4306","post","type-post","status-publish","format-standard","hentry","category-tsola"],"aioseo_notices":[],"aioseo_head":"\n\t\t<!-- All in One SEO 4.9.10 - aioseo.com -->\n\t<meta name=\"description\" content=\"Z veseljem vas obve\u0161\u010damo, da pri\u010denjamo z zbiranjem prijav za Teni\u0161ko \u0161olo v Dolenjskih Toplicah. V kolikor se za te\u010daj zanimate ali pa imate dodatna vpra\u0161anja nam to sporo\u010dite na tk.krka.otocec@gmail.com ali na 041 922 084.\" \/>\n\t<meta name=\"robots\" content=\"max-image-preview:large\" \/>\n\t<meta name=\"author\" content=\"admin\"\/>\n\t<link rel=\"canonical\" href=\"https:\/\/www.tenis-krka.org\/?p=4306\" \/>\n\t<meta name=\"generator\" content=\"All in One SEO (AIOSEO) 4.9.10\" \/>\n\t\t<meta property=\"og:locale\" content=\"sl_SI\" \/>\n\t\t<meta property=\"og:site_name\" content=\"Teni\u0161ki klub Krka Oto\u010dec | Vse o klubu, novice, dogodki, rezultati in \u0161e veliko ve\u010d...\" \/>\n\t\t<meta property=\"og:type\" content=\"article\" \/>\n\t\t<meta property=\"og:title\" content=\"Teni\u0161ka \u0161ola v Dolenjskih Toplicah | Teni\u0161ki klub Krka Oto\u010dec\" \/>\n\t\t<meta property=\"og:description\" content=\"Z veseljem vas obve\u0161\u010damo, da pri\u010denjamo z zbiranjem prijav za Teni\u0161ko \u0161olo v Dolenjskih Toplicah. V kolikor se za te\u010daj zanimate ali pa imate dodatna vpra\u0161anja nam to sporo\u010dite na tk.krka.otocec@gmail.com ali na 041 922 084.\" \/>\n\t\t<meta property=\"og:url\" content=\"https:\/\/www.tenis-krka.org\/?p=4306\" \/>\n\t\t<meta property=\"article:published_time\" content=\"2021-05-09T08:14:49+00:00\" \/>\n\t\t<meta property=\"article:modified_time\" content=\"2021-05-09T08:14:49+00:00\" \/>\n\t\t<meta name=\"twitter:card\" content=\"summary_large_image\" \/>\n\t\t<meta name=\"twitter:title\" content=\"Teni\u0161ka \u0161ola v Dolenjskih Toplicah | Teni\u0161ki klub Krka Oto\u010dec\" \/>\n\t\t<meta name=\"twitter:description\" content=\"Z veseljem vas obve\u0161\u010damo, da pri\u010denjamo z zbiranjem prijav za Teni\u0161ko \u0161olo v Dolenjskih Toplicah. V kolikor se za te\u010daj zanimate ali pa imate dodatna vpra\u0161anja nam to sporo\u010dite na tk.krka.otocec@gmail.com ali na 041 922 084.\" \/>\n\t\t<script type=\"application\/ld+json\" class=\"aioseo-schema\">\n\t\t\t{\"@context\":\"https:\\\/\\\/schema.org\",\"@graph\":[{\"@type\":\"Article\",\"@id\":\"https:\\\/\\\/www.tenis-krka.org\\\/?p=4306#article\",\"name\":\"Teni\\u0161ka \\u0161ola v Dolenjskih Toplicah | Teni\\u0161ki klub Krka Oto\\u010dec\",\"headline\":\"Teni\\u0161ka \\u0161ola v Dolenjskih Toplicah\",\"author\":{\"@id\":\"https:\\\/\\\/www.tenis-krka.org\\\/?author=1#author\"},\"publisher\":{\"@id\":\"https:\\\/\\\/www.tenis-krka.org\\\/#organization\"},\"image\":{\"@type\":\"ImageObject\",\"url\":\"https:\\\/\\\/www.tenis-krka.org\\\/wp-content\\\/uploads\\\/2021\\\/05\\\/Vabilo-TS_2021_DT.jpg\",\"@id\":\"https:\\\/\\\/www.tenis-krka.org\\\/?p=4306\\\/#articleImage\",\"width\":1249,\"height\":1772},\"datePublished\":\"2021-05-09T10:14:49+02:00\",\"dateModified\":\"2021-05-09T10:14:49+02:00\",\"inLanguage\":\"sl-SI\",\"mainEntityOfPage\":{\"@id\":\"https:\\\/\\\/www.tenis-krka.org\\\/?p=4306#webpage\"},\"isPartOf\":{\"@id\":\"https:\\\/\\\/www.tenis-krka.org\\\/?p=4306#webpage\"},\"articleSection\":\"Teni\\u0161ka \\u0161ola\"},{\"@type\":\"BreadcrumbList\",\"@id\":\"https:\\\/\\\/www.tenis-krka.org\\\/?p=4306#breadcrumblist\",\"itemListElement\":[{\"@type\":\"ListItem\",\"@id\":\"https:\\\/\\\/www.tenis-krka.org#listItem\",\"position\":1,\"name\":\"Domov\",\"item\":\"https:\\\/\\\/www.tenis-krka.org\",\"nextItem\":{\"@type\":\"ListItem\",\"@id\":\"https:\\\/\\\/www.tenis-krka.org\\\/?cat=7#listItem\",\"name\":\"Teni\\u0161ka \\u0161ola\"}},{\"@type\":\"ListItem\",\"@id\":\"https:\\\/\\\/www.tenis-krka.org\\\/?cat=7#listItem\",\"position\":2,\"name\":\"Teni\\u0161ka \\u0161ola\",\"item\":\"https:\\\/\\\/www.tenis-krka.org\\\/?cat=7\",\"nextItem\":{\"@type\":\"ListItem\",\"@id\":\"https:\\\/\\\/www.tenis-krka.org\\\/?p=4306#listItem\",\"name\":\"Teni\\u0161ka \\u0161ola v Dolenjskih Toplicah\"},\"previousItem\":{\"@type\":\"ListItem\",\"@id\":\"https:\\\/\\\/www.tenis-krka.org#listItem\",\"name\":\"Domov\"}},{\"@type\":\"ListItem\",\"@id\":\"https:\\\/\\\/www.tenis-krka.org\\\/?p=4306#listItem\",\"position\":3,\"name\":\"Teni\\u0161ka \\u0161ola v Dolenjskih Toplicah\",\"previousItem\":{\"@type\":\"ListItem\",\"@id\":\"https:\\\/\\\/www.tenis-krka.org\\\/?cat=7#listItem\",\"name\":\"Teni\\u0161ka \\u0161ola\"}}]},{\"@type\":\"Organization\",\"@id\":\"https:\\\/\\\/www.tenis-krka.org\\\/#organization\",\"name\":\"Teni\\u0161ki klub Krka Oto\\u010dec\",\"description\":\"Vse o klubu, novice, dogodki, rezultati in \\u0161e veliko ve\\u010d...\",\"url\":\"https:\\\/\\\/www.tenis-krka.org\\\/\"},{\"@type\":\"Person\",\"@id\":\"https:\\\/\\\/www.tenis-krka.org\\\/?author=1#author\",\"url\":\"https:\\\/\\\/www.tenis-krka.org\\\/?author=1\",\"name\":\"admin\",\"image\":{\"@type\":\"ImageObject\",\"@id\":\"https:\\\/\\\/www.tenis-krka.org\\\/?p=4306#authorImage\",\"url\":\"https:\\\/\\\/secure.gravatar.com\\\/avatar\\\/9e60ad079c111140ec6df07f7c8d348b27680a6649653907523325cecd07935e?s=96&d=mm&r=g\",\"width\":96,\"height\":96,\"caption\":\"admin\"}},{\"@type\":\"WebPage\",\"@id\":\"https:\\\/\\\/www.tenis-krka.org\\\/?p=4306#webpage\",\"url\":\"https:\\\/\\\/www.tenis-krka.org\\\/?p=4306\",\"name\":\"Teni\\u0161ka \\u0161ola v Dolenjskih Toplicah | Teni\\u0161ki klub Krka Oto\\u010dec\",\"description\":\"Z veseljem vas obve\\u0161\\u010damo, da pri\\u010denjamo z zbiranjem prijav za Teni\\u0161ko \\u0161olo v Dolenjskih Toplicah. V kolikor se za te\\u010daj zanimate ali pa imate dodatna vpra\\u0161anja nam to sporo\\u010dite na tk.krka.otocec@gmail.com ali na 041 922 084.\",\"inLanguage\":\"sl-SI\",\"isPartOf\":{\"@id\":\"https:\\\/\\\/www.tenis-krka.org\\\/#website\"},\"breadcrumb\":{\"@id\":\"https:\\\/\\\/www.tenis-krka.org\\\/?p=4306#breadcrumblist\"},\"author\":{\"@id\":\"https:\\\/\\\/www.tenis-krka.org\\\/?author=1#author\"},\"creator\":{\"@id\":\"https:\\\/\\\/www.tenis-krka.org\\\/?author=1#author\"},\"datePublished\":\"2021-05-09T10:14:49+02:00\",\"dateModified\":\"2021-05-09T10:14:49+02:00\"},{\"@type\":\"WebSite\",\"@id\":\"https:\\\/\\\/www.tenis-krka.org\\\/#website\",\"url\":\"https:\\\/\\\/www.tenis-krka.org\\\/\",\"name\":\"Teni\\u0161ki klub Krka Oto\\u010dec\",\"description\":\"Vse o klubu, novice, dogodki, rezultati in \\u0161e veliko ve\\u010d...\",\"inLanguage\":\"sl-SI\",\"publisher\":{\"@id\":\"https:\\\/\\\/www.tenis-krka.org\\\/#organization\"}}]}\n\t\t<\/script>\n\t\t<!-- All in One SEO -->\n\n","aioseo_head_json":{"title":"Teni\u0161ka \u0161ola v Dolenjskih Toplicah | Teni\u0161ki klub Krka Oto\u010dec","description":"Z veseljem vas obve\u0161\u010damo, da pri\u010denjamo z zbiranjem prijav za Teni\u0161ko \u0161olo v Dolenjskih Toplicah. V kolikor se za te\u010daj zanimate ali pa imate dodatna vpra\u0161anja nam to sporo\u010dite na tk.krka.otocec@gmail.com ali na 041 922 084.","canonical_url":"https:\/\/www.tenis-krka.org\/?p=4306","robots":"max-image-preview:large","keywords":"","webmasterTools":{"miscellaneous":""},"schema":{"@context":"https:\/\/schema.org","@graph":[{"@type":"Article","@id":"https:\/\/www.tenis-krka.org\/?p=4306#article","name":"Teni\u0161ka \u0161ola v Dolenjskih Toplicah | Teni\u0161ki klub Krka Oto\u010dec","headline":"Teni\u0161ka \u0161ola v Dolenjskih Toplicah","author":{"@id":"https:\/\/www.tenis-krka.org\/?author=1#author"},"publisher":{"@id":"https:\/\/www.tenis-krka.org\/#organization"},"image":{"@type":"ImageObject","url":"https:\/\/www.tenis-krka.org\/wp-content\/uploads\/2021\/05\/Vabilo-TS_2021_DT.jpg","@id":"https:\/\/www.tenis-krka.org\/?p=4306\/#articleImage","width":1249,"height":1772},"datePublished":"2021-05-09T10:14:49+02:00","dateModified":"2021-05-09T10:14:49+02:00","inLanguage":"sl-SI","mainEntityOfPage":{"@id":"https:\/\/www.tenis-krka.org\/?p=4306#webpage"},"isPartOf":{"@id":"https:\/\/www.tenis-krka.org\/?p=4306#webpage"},"articleSection":"Teni\u0161ka \u0161ola"},{"@type":"BreadcrumbList","@id":"https:\/\/www.tenis-krka.org\/?p=4306#breadcrumblist","itemListElement":[{"@type":"ListItem","@id":"https:\/\/www.tenis-krka.org#listItem","position":1,"name":"Domov","item":"https:\/\/www.tenis-krka.org","nextItem":{"@type":"ListItem","@id":"https:\/\/www.tenis-krka.org\/?cat=7#listItem","name":"Teni\u0161ka \u0161ola"}},{"@type":"ListItem","@id":"https:\/\/www.tenis-krka.org\/?cat=7#listItem","position":2,"name":"Teni\u0161ka \u0161ola","item":"https:\/\/www.tenis-krka.org\/?cat=7","nextItem":{"@type":"ListItem","@id":"https:\/\/www.tenis-krka.org\/?p=4306#listItem","name":"Teni\u0161ka \u0161ola v Dolenjskih Toplicah"},"previousItem":{"@type":"ListItem","@id":"https:\/\/www.tenis-krka.org#listItem","name":"Domov"}},{"@type":"ListItem","@id":"https:\/\/www.tenis-krka.org\/?p=4306#listItem","position":3,"name":"Teni\u0161ka \u0161ola v Dolenjskih Toplicah","previousItem":{"@type":"ListItem","@id":"https:\/\/www.tenis-krka.org\/?cat=7#listItem","name":"Teni\u0161ka \u0161ola"}}]},{"@type":"Organization","@id":"https:\/\/www.tenis-krka.org\/#organization","name":"Teni\u0161ki klub Krka Oto\u010dec","description":"Vse o klubu, novice, dogodki, rezultati in \u0161e veliko ve\u010d...","url":"https:\/\/www.tenis-krka.org\/"},{"@type":"Person","@id":"https:\/\/www.tenis-krka.org\/?author=1#author","url":"https:\/\/www.tenis-krka.org\/?author=1","name":"admin","image":{"@type":"ImageObject","@id":"https:\/\/www.tenis-krka.org\/?p=4306#authorImage","url":"https:\/\/secure.gravatar.com\/avatar\/9e60ad079c111140ec6df07f7c8d348b27680a6649653907523325cecd07935e?s=96&d=mm&r=g","width":96,"height":96,"caption":"admin"}},{"@type":"WebPage","@id":"https:\/\/www.tenis-krka.org\/?p=4306#webpage","url":"https:\/\/www.tenis-krka.org\/?p=4306","name":"Teni\u0161ka \u0161ola v Dolenjskih Toplicah | Teni\u0161ki klub Krka Oto\u010dec","description":"Z veseljem vas obve\u0161\u010damo, da pri\u010denjamo z zbiranjem prijav za Teni\u0161ko \u0161olo v Dolenjskih Toplicah. V kolikor se za te\u010daj zanimate ali pa imate dodatna vpra\u0161anja nam to sporo\u010dite na tk.krka.otocec@gmail.com ali na 041 922 084.","inLanguage":"sl-SI","isPartOf":{"@id":"https:\/\/www.tenis-krka.org\/#website"},"breadcrumb":{"@id":"https:\/\/www.tenis-krka.org\/?p=4306#breadcrumblist"},"author":{"@id":"https:\/\/www.tenis-krka.org\/?author=1#author"},"creator":{"@id":"https:\/\/www.tenis-krka.org\/?author=1#author"},"datePublished":"2021-05-09T10:14:49+02:00","dateModified":"2021-05-09T10:14:49+02:00"},{"@type":"WebSite","@id":"https:\/\/www.tenis-krka.org\/#website","url":"https:\/\/www.tenis-krka.org\/","name":"Teni\u0161ki klub Krka Oto\u010dec","description":"Vse o klubu, novice, dogodki, rezultati in \u0161e veliko ve\u010d...","inLanguage":"sl-SI","publisher":{"@id":"https:\/\/www.tenis-krka.org\/#organization"}}]},"og:locale":"sl_SI","og:site_name":"Teni\u0161ki klub Krka Oto\u010dec | Vse o klubu, novice, dogodki, rezultati in \u0161e veliko ve\u010d...","og:type":"article","og:title":"Teni\u0161ka \u0161ola v Dolenjskih Toplicah | Teni\u0161ki klub Krka Oto\u010dec","og:description":"Z veseljem vas obve\u0161\u010damo, da pri\u010denjamo z zbiranjem prijav za Teni\u0161ko \u0161olo v Dolenjskih Toplicah. V kolikor se za te\u010daj zanimate ali pa imate dodatna vpra\u0161anja nam to sporo\u010dite na tk.krka.otocec@gmail.com ali na 041 922 084.","og:url":"https:\/\/www.tenis-krka.org\/?p=4306","article:published_time":"2021-05-09T08:14:49+00:00","article:modified_time":"2021-05-09T08:14:49+00:00","twitter:card":"summary_large_image","twitter:title":"Teni\u0161ka \u0161ola v Dolenjskih Toplicah | Teni\u0161ki klub Krka Oto\u010dec","twitter:description":"Z veseljem vas obve\u0161\u010damo, da pri\u010denjamo z zbiranjem prijav za Teni\u0161ko \u0161olo v Dolenjskih Toplicah. V kolikor se za te\u010daj zanimate ali pa imate dodatna vpra\u0161anja nam to sporo\u010dite na tk.krka.otocec@gmail.com ali na 041 922 084."},"aioseo_meta_data":{"post_id":"4306","title":null,"description":null,"keywords":null,"keyphrases":null,"primary_term":null,"canonical_url":null,"og_title":null,"og_description":null,"og_object_type":"default","og_image_type":"default","og_image_url":null,"og_image_width":null,"og_image_height":null,"og_image_custom_url":null,"og_image_custom_fields":null,"og_video":null,"og_custom_url":null,"og_article_section":null,"og_article_tags":null,"twitter_use_og":false,"twitter_card":"default","twitter_image_type":"default","twitter_image_url":null,"twitter_image_custom_url":null,"twitter_image_custom_fields":null,"twitter_title":null,"twitter_description":null,"schema":{"blockGraphs":[],"customGraphs":[],"default":{"data":{"Article":[],"Course":[],"Dataset":[],"FAQPage":[],"Movie":[],"Person":[],"Product":[],"ProductReview":[],"Car":[],"Recipe":[],"Service":[],"SoftwareApplication":[],"WebPage":[]},"graphName":"","isEnabled":true},"graphs":[]},"schema_type":"default","schema_type_options":null,"pillar_content":false,"robots_default":true,"robots_noindex":false,"robots_noarchive":false,"robots_nosnippet":false,"robots_nofollow":false,"robots_noimageindex":false,"robots_noodp":false,"robots_notranslate":false,"robots_max_snippet":null,"robots_max_videopreview":null,"robots_max_imagepreview":"large","priority":null,"frequency":null,"local_seo":null,"breadcrumb_settings":null,"limit_modified_date":false,"ai":null,"created":"2024-08-30 08:35:25","updated":"2025-10-22 07:41:29","seo_analyzer_scan_date":null},"aioseo_breadcrumb":"<div class=\"aioseo-breadcrumbs\"><span class=\"aioseo-breadcrumb\">\n\t\t\t<a href=\"https:\/\/www.tenis-krka.org\" title=\"Domov\">Domov<\/a>\n\t\t<\/span><span class=\"aioseo-breadcrumb-separator\">&raquo;<\/span><span class=\"aioseo-breadcrumb\">\n\t\t\t<a href=\"https:\/\/www.tenis-krka.org\/?cat=7\" title=\"Teni\u0161ka \u0161ola\">Teni\u0161ka \u0161ola<\/a>\n\t\t<\/span><span class=\"aioseo-breadcrumb-separator\">&raquo;<\/span><span class=\"aioseo-breadcrumb\">\n\t\t\tTeni\u0161ka \u0161ola v Dolenjskih Toplicah\n\t\t<\/span><\/div>","aioseo_breadcrumb_json":[{"label":"Domov","link":"https:\/\/www.tenis-krka.org"},{"label":"Teni\u0161ka \u0161ola","link":"https:\/\/www.tenis-krka.org\/?cat=7"},{"label":"Teni\u0161ka \u0161ola v Dolenjskih Toplicah","link":"https:\/\/www.tenis-krka.org\/?p=4306"}],"_links":{"self":[{"href":"https:\/\/www.tenis-krka.org\/index.php?rest_route=\/wp\/v2\/posts\/4306","targetHints":{"allow":["GET"]}}],"collection":[{"href":"https:\/\/www.tenis-krka.org\/index.php?rest_route=\/wp\/v2\/posts"}],"about":[{"href":"https:\/\/www.tenis-krka.org\/index.php?rest_route=\/wp\/v2\/types\/post"}],"author":[{"embeddable":true,"href":"https:\/\/www.tenis-krka.org\/index.php?rest_route=\/wp\/v2\/users\/1"}],"replies":[{"embeddable":true,"href":"https:\/\/www.tenis-krka.org\/index.php?rest_route=%2Fwp%2Fv2%2Fcomments&post=4306"}],"version-history":[{"count":1,"href":"https:\/\/www.tenis-krka.org\/index.php?rest_route=\/wp\/v2\/posts\/4306\/revisions"}],"predecessor-version":[{"id":4309,"href":"https:\/\/www.tenis-krka.org\/index.php?rest_route=\/wp\/v2\/posts\/4306\/revisions\/4309"}],"wp:attachment":[{"href":"https:\/\/www.tenis-krka.org\/index.php?rest_route=%2Fwp%2Fv2%2Fmedia&parent=4306"}],"wp:term":[{"taxonomy":"category","embeddable":true,"href":"https:\/\/www.tenis-krka.org\/index.php?rest_route=%2Fwp%2Fv2%2Fcategories&post=4306"},{"taxonomy":"post_tag","embeddable":true,"href":"https:\/\/www.tenis-krka.org\/index.php?rest_route=%2Fwp%2Fv2%2Ftags&post=4306"}],"curies":[{"name":"wp","href":"https:\/\/api.w.org\/{rel}","templated":true}]}}