{"id":4138,"date":"2020-10-16T21:16:08","date_gmt":"2020-10-16T19:16:08","guid":{"rendered":"http:\/\/www.tenis-krka.org\/?p=4138"},"modified":"2020-12-22T15:40:43","modified_gmt":"2020-12-22T13:40:43","slug":"obvestilo-o-zacasni-prekinitvi-skupinskih-vadb-za-neregistrirane-igralce-tk-krka-otocec-v-skladu-z-zadnjim-odlokom-vlade-rs-in-priporocili-nijz","status":"publish","type":"post","link":"https:\/\/www.tenis-krka.org\/?p=4138","title":{"rendered":"Obvestilo o za\u010dasni prekinitvi skupinskih vadb za neregistrirane igralce TK Krka Oto\u010dec v skladu z zadnjim odlokom Vlade RS in priporo\u010dili NIJZ"},"content":{"rendered":"<p>V skladu z v\u010deraj\u0161njim odlokom Vlade RS, dana\u0161njim dogovorom s Terme Krka ter usmeritvami Teni\u0161ke zveze slovenije smo se v UO TK Krka danes odlo\u010dili, da do nadaljnjega prekinemo s skupinskimi teni\u0161kimi vadbami v okviru Teni\u0161ke \u0161ole in Teni\u0161kega vrtca TK Krka.<\/p>\n<p>Od danes dalje bo v teni\u0161kem centru na zunanjih in notranjih igri\u0161\u010dih mo\u017ena le \u0161e posami\u010dna vadba za registrirane tekmovalce TK Krka (navedeni so v prilogi) ob strogem upo\u0161tevanju vseh ukrepov NIJZ. Pojasnila Teni\u0161ke zveze Slovenije s tem v zvezi in priporo\u010dila za varno izvajanje trena\u017enih procesov vam po\u0161iljam v prilogi.<\/p>\n<p>Takoj, ko bodo zopet vzpostavljeni pogoji za varno nadaljevanje skupinskih teni\u0161kih vadb, vas bomo o nadaljevanju le-teh obvestili.<\/p>\n<p>Ostanite zdravi!<\/p>\n<p><a href=\"http:\/\/www.tenis-krka.org\/wp-content\/uploads\/2020\/10\/Dopis-novi-odlok-Vlade-RS_16.10.2020.pdf\">Dopis novi odlok Vlade RS_16.10.2020<\/a><\/p>\n<p><a href=\"http:\/\/www.tenis-krka.org\/wp-content\/uploads\/2020\/10\/Priporocila-za-varnost-teniskih-tekmovanj-in-trenaznih-procesov-oktober-2020.pdf\">Priporo\u010dila za varnost teni\u0161kih tekmovanj in trena\u017enih procesov oktober 2020<\/a><\/p>\n","protected":false},"excerpt":{"rendered":"<p>V skladu z v\u010deraj\u0161njim odlokom Vlade RS, dana\u0161njim dogovorom s Terme Krka ter usmeritvami Teni\u0161ke zveze slovenije smo se v UO TK Krka danes odlo\u010dili, da do nadaljnjega prekinemo s skupinskimi teni\u0161kimi vadbami v okviru Teni\u0161ke \u0161ole in Teni\u0161kega vrtca TK Krka. Od danes dalje bo v teni\u0161kem centru na zunanjih in notranjih igri\u0161\u010dih mo\u017ena [&hellip;]<\/p>\n","protected":false},"author":3,"featured_media":0,"comment_status":"closed","ping_status":"closed","sticky":false,"template":"","format":"standard","meta":{"ngg_post_thumbnail":0,"footnotes":""},"categories":[1],"tags":[],"class_list":["post-4138","post","type-post","status-publish","format-standard","hentry","category-uncategorized"],"aioseo_notices":[],"aioseo_head":"\n\t\t<!-- All in One SEO 4.9.10 - aioseo.com -->\n\t<meta name=\"description\" content=\"V skladu z v\u010deraj\u0161njim odlokom Vlade RS, dana\u0161njim dogovorom s Terme Krka ter usmeritvami Teni\u0161ke zveze slovenije smo se v UO TK Krka danes odlo\u010dili, da do nadaljnjega prekinemo s skupinskimi teni\u0161kimi vadbami v okviru Teni\u0161ke \u0161ole in Teni\u0161kega vrtca TK Krka. Od danes dalje bo v teni\u0161kem centru na zunanjih in notranjih igri\u0161\u010dih mo\u017ena\" \/>\n\t<meta name=\"robots\" content=\"max-image-preview:large\" \/>\n\t<meta name=\"author\" content=\"Bojan\"\/>\n\t<link rel=\"canonical\" href=\"https:\/\/www.tenis-krka.org\/?p=4138\" \/>\n\t<meta name=\"generator\" content=\"All in One SEO (AIOSEO) 4.9.10\" \/>\n\t\t<meta property=\"og:locale\" content=\"sl_SI\" \/>\n\t\t<meta property=\"og:site_name\" content=\"Teni\u0161ki klub Krka Oto\u010dec | Vse o klubu, novice, dogodki, rezultati in \u0161e veliko ve\u010d...\" \/>\n\t\t<meta property=\"og:type\" content=\"article\" \/>\n\t\t<meta property=\"og:title\" content=\"Obvestilo o za\u010dasni prekinitvi skupinskih vadb za neregistrirane igralce TK Krka Oto\u010dec v skladu z zadnjim odlokom Vlade RS in priporo\u010dili NIJZ | Teni\u0161ki klub Krka Oto\u010dec\" \/>\n\t\t<meta property=\"og:description\" content=\"V skladu z v\u010deraj\u0161njim odlokom Vlade RS, dana\u0161njim dogovorom s Terme Krka ter usmeritvami Teni\u0161ke zveze slovenije smo se v UO TK Krka danes odlo\u010dili, da do nadaljnjega prekinemo s skupinskimi teni\u0161kimi vadbami v okviru Teni\u0161ke \u0161ole in Teni\u0161kega vrtca TK Krka. Od danes dalje bo v teni\u0161kem centru na zunanjih in notranjih igri\u0161\u010dih mo\u017ena\" \/>\n\t\t<meta property=\"og:url\" content=\"https:\/\/www.tenis-krka.org\/?p=4138\" \/>\n\t\t<meta property=\"article:published_time\" content=\"2020-10-16T19:16:08+00:00\" \/>\n\t\t<meta property=\"article:modified_time\" content=\"2020-12-22T13:40:43+00:00\" \/>\n\t\t<meta name=\"twitter:card\" content=\"summary_large_image\" \/>\n\t\t<meta name=\"twitter:title\" content=\"Obvestilo o za\u010dasni prekinitvi skupinskih vadb za neregistrirane igralce TK Krka Oto\u010dec v skladu z zadnjim odlokom Vlade RS in priporo\u010dili NIJZ | Teni\u0161ki klub Krka Oto\u010dec\" \/>\n\t\t<meta name=\"twitter:description\" content=\"V skladu z v\u010deraj\u0161njim odlokom Vlade RS, dana\u0161njim dogovorom s Terme Krka ter usmeritvami Teni\u0161ke zveze slovenije smo se v UO TK Krka danes odlo\u010dili, da do nadaljnjega prekinemo s skupinskimi teni\u0161kimi vadbami v okviru Teni\u0161ke \u0161ole in Teni\u0161kega vrtca TK Krka. Od danes dalje bo v teni\u0161kem centru na zunanjih in notranjih igri\u0161\u010dih mo\u017ena\" \/>\n\t\t<script type=\"application\/ld+json\" class=\"aioseo-schema\">\n\t\t\t{\"@context\":\"https:\\\/\\\/schema.org\",\"@graph\":[{\"@type\":\"Article\",\"@id\":\"https:\\\/\\\/www.tenis-krka.org\\\/?p=4138#article\",\"name\":\"Obvestilo o za\\u010dasni prekinitvi skupinskih vadb za neregistrirane igralce TK Krka Oto\\u010dec v skladu z zadnjim odlokom Vlade RS in priporo\\u010dili NIJZ | Teni\\u0161ki klub Krka Oto\\u010dec\",\"headline\":\"Obvestilo o za\\u010dasni prekinitvi skupinskih vadb za neregistrirane igralce TK Krka Oto\\u010dec v skladu z zadnjim odlokom Vlade RS in priporo\\u010dili NIJZ\",\"author\":{\"@id\":\"https:\\\/\\\/www.tenis-krka.org\\\/?author=3#author\"},\"publisher\":{\"@id\":\"https:\\\/\\\/www.tenis-krka.org\\\/#organization\"},\"datePublished\":\"2020-10-16T21:16:08+02:00\",\"dateModified\":\"2020-12-22T15:40:43+02:00\",\"inLanguage\":\"sl-SI\",\"mainEntityOfPage\":{\"@id\":\"https:\\\/\\\/www.tenis-krka.org\\\/?p=4138#webpage\"},\"isPartOf\":{\"@id\":\"https:\\\/\\\/www.tenis-krka.org\\\/?p=4138#webpage\"},\"articleSection\":\"Uncategorized\"},{\"@type\":\"BreadcrumbList\",\"@id\":\"https:\\\/\\\/www.tenis-krka.org\\\/?p=4138#breadcrumblist\",\"itemListElement\":[{\"@type\":\"ListItem\",\"@id\":\"https:\\\/\\\/www.tenis-krka.org#listItem\",\"position\":1,\"name\":\"Domov\",\"item\":\"https:\\\/\\\/www.tenis-krka.org\",\"nextItem\":{\"@type\":\"ListItem\",\"@id\":\"https:\\\/\\\/www.tenis-krka.org\\\/?cat=1#listItem\",\"name\":\"Uncategorized\"}},{\"@type\":\"ListItem\",\"@id\":\"https:\\\/\\\/www.tenis-krka.org\\\/?cat=1#listItem\",\"position\":2,\"name\":\"Uncategorized\",\"item\":\"https:\\\/\\\/www.tenis-krka.org\\\/?cat=1\",\"nextItem\":{\"@type\":\"ListItem\",\"@id\":\"https:\\\/\\\/www.tenis-krka.org\\\/?p=4138#listItem\",\"name\":\"Obvestilo o za\\u010dasni prekinitvi skupinskih vadb za neregistrirane igralce TK Krka Oto\\u010dec v skladu z zadnjim odlokom Vlade RS in priporo\\u010dili NIJZ\"},\"previousItem\":{\"@type\":\"ListItem\",\"@id\":\"https:\\\/\\\/www.tenis-krka.org#listItem\",\"name\":\"Domov\"}},{\"@type\":\"ListItem\",\"@id\":\"https:\\\/\\\/www.tenis-krka.org\\\/?p=4138#listItem\",\"position\":3,\"name\":\"Obvestilo o za\\u010dasni prekinitvi skupinskih vadb za neregistrirane igralce TK Krka Oto\\u010dec v skladu z zadnjim odlokom Vlade RS in priporo\\u010dili NIJZ\",\"previousItem\":{\"@type\":\"ListItem\",\"@id\":\"https:\\\/\\\/www.tenis-krka.org\\\/?cat=1#listItem\",\"name\":\"Uncategorized\"}}]},{\"@type\":\"Organization\",\"@id\":\"https:\\\/\\\/www.tenis-krka.org\\\/#organization\",\"name\":\"Teni\\u0161ki klub Krka Oto\\u010dec\",\"description\":\"Vse o klubu, novice, dogodki, rezultati in \\u0161e veliko ve\\u010d...\",\"url\":\"https:\\\/\\\/www.tenis-krka.org\\\/\"},{\"@type\":\"Person\",\"@id\":\"https:\\\/\\\/www.tenis-krka.org\\\/?author=3#author\",\"url\":\"https:\\\/\\\/www.tenis-krka.org\\\/?author=3\",\"name\":\"Bojan\",\"image\":{\"@type\":\"ImageObject\",\"@id\":\"https:\\\/\\\/www.tenis-krka.org\\\/?p=4138#authorImage\",\"url\":\"https:\\\/\\\/secure.gravatar.com\\\/avatar\\\/1f264a6e4925daebca710ecc9a5332dd3b83d21e726ba47123743347c1c9fd6c?s=96&d=mm&r=g\",\"width\":96,\"height\":96,\"caption\":\"Bojan\"}},{\"@type\":\"WebPage\",\"@id\":\"https:\\\/\\\/www.tenis-krka.org\\\/?p=4138#webpage\",\"url\":\"https:\\\/\\\/www.tenis-krka.org\\\/?p=4138\",\"name\":\"Obvestilo o za\\u010dasni prekinitvi skupinskih vadb za neregistrirane igralce TK Krka Oto\\u010dec v skladu z zadnjim odlokom Vlade RS in priporo\\u010dili NIJZ | Teni\\u0161ki klub Krka Oto\\u010dec\",\"description\":\"V skladu z v\\u010deraj\\u0161njim odlokom Vlade RS, dana\\u0161njim dogovorom s Terme Krka ter usmeritvami Teni\\u0161ke zveze slovenije smo se v UO TK Krka danes odlo\\u010dili, da do nadaljnjega prekinemo s skupinskimi teni\\u0161kimi vadbami v okviru Teni\\u0161ke \\u0161ole in Teni\\u0161kega vrtca TK Krka. Od danes dalje bo v teni\\u0161kem centru na zunanjih in notranjih igri\\u0161\\u010dih mo\\u017ena\",\"inLanguage\":\"sl-SI\",\"isPartOf\":{\"@id\":\"https:\\\/\\\/www.tenis-krka.org\\\/#website\"},\"breadcrumb\":{\"@id\":\"https:\\\/\\\/www.tenis-krka.org\\\/?p=4138#breadcrumblist\"},\"author\":{\"@id\":\"https:\\\/\\\/www.tenis-krka.org\\\/?author=3#author\"},\"creator\":{\"@id\":\"https:\\\/\\\/www.tenis-krka.org\\\/?author=3#author\"},\"datePublished\":\"2020-10-16T21:16:08+02:00\",\"dateModified\":\"2020-12-22T15:40:43+02:00\"},{\"@type\":\"WebSite\",\"@id\":\"https:\\\/\\\/www.tenis-krka.org\\\/#website\",\"url\":\"https:\\\/\\\/www.tenis-krka.org\\\/\",\"name\":\"Teni\\u0161ki klub Krka Oto\\u010dec\",\"description\":\"Vse o klubu, novice, dogodki, rezultati in \\u0161e veliko ve\\u010d...\",\"inLanguage\":\"sl-SI\",\"publisher\":{\"@id\":\"https:\\\/\\\/www.tenis-krka.org\\\/#organization\"}}]}\n\t\t<\/script>\n\t\t<!-- All in One SEO -->\n\n","aioseo_head_json":{"title":"Obvestilo o za\u010dasni prekinitvi skupinskih vadb za neregistrirane igralce TK Krka Oto\u010dec v skladu z zadnjim odlokom Vlade RS in priporo\u010dili NIJZ | Teni\u0161ki klub Krka Oto\u010dec","description":"V skladu z v\u010deraj\u0161njim odlokom Vlade RS, dana\u0161njim dogovorom s Terme Krka ter usmeritvami Teni\u0161ke zveze slovenije smo se v UO TK Krka danes odlo\u010dili, da do nadaljnjega prekinemo s skupinskimi teni\u0161kimi vadbami v okviru Teni\u0161ke \u0161ole in Teni\u0161kega vrtca TK Krka. Od danes dalje bo v teni\u0161kem centru na zunanjih in notranjih igri\u0161\u010dih mo\u017ena","canonical_url":"https:\/\/www.tenis-krka.org\/?p=4138","robots":"max-image-preview:large","keywords":"","webmasterTools":{"miscellaneous":""},"schema":{"@context":"https:\/\/schema.org","@graph":[{"@type":"Article","@id":"https:\/\/www.tenis-krka.org\/?p=4138#article","name":"Obvestilo o za\u010dasni prekinitvi skupinskih vadb za neregistrirane igralce TK Krka Oto\u010dec v skladu z zadnjim odlokom Vlade RS in priporo\u010dili NIJZ | Teni\u0161ki klub Krka Oto\u010dec","headline":"Obvestilo o za\u010dasni prekinitvi skupinskih vadb za neregistrirane igralce TK Krka Oto\u010dec v skladu z zadnjim odlokom Vlade RS in priporo\u010dili NIJZ","author":{"@id":"https:\/\/www.tenis-krka.org\/?author=3#author"},"publisher":{"@id":"https:\/\/www.tenis-krka.org\/#organization"},"datePublished":"2020-10-16T21:16:08+02:00","dateModified":"2020-12-22T15:40:43+02:00","inLanguage":"sl-SI","mainEntityOfPage":{"@id":"https:\/\/www.tenis-krka.org\/?p=4138#webpage"},"isPartOf":{"@id":"https:\/\/www.tenis-krka.org\/?p=4138#webpage"},"articleSection":"Uncategorized"},{"@type":"BreadcrumbList","@id":"https:\/\/www.tenis-krka.org\/?p=4138#breadcrumblist","itemListElement":[{"@type":"ListItem","@id":"https:\/\/www.tenis-krka.org#listItem","position":1,"name":"Domov","item":"https:\/\/www.tenis-krka.org","nextItem":{"@type":"ListItem","@id":"https:\/\/www.tenis-krka.org\/?cat=1#listItem","name":"Uncategorized"}},{"@type":"ListItem","@id":"https:\/\/www.tenis-krka.org\/?cat=1#listItem","position":2,"name":"Uncategorized","item":"https:\/\/www.tenis-krka.org\/?cat=1","nextItem":{"@type":"ListItem","@id":"https:\/\/www.tenis-krka.org\/?p=4138#listItem","name":"Obvestilo o za\u010dasni prekinitvi skupinskih vadb za neregistrirane igralce TK Krka Oto\u010dec v skladu z zadnjim odlokom Vlade RS in priporo\u010dili NIJZ"},"previousItem":{"@type":"ListItem","@id":"https:\/\/www.tenis-krka.org#listItem","name":"Domov"}},{"@type":"ListItem","@id":"https:\/\/www.tenis-krka.org\/?p=4138#listItem","position":3,"name":"Obvestilo o za\u010dasni prekinitvi skupinskih vadb za neregistrirane igralce TK Krka Oto\u010dec v skladu z zadnjim odlokom Vlade RS in priporo\u010dili NIJZ","previousItem":{"@type":"ListItem","@id":"https:\/\/www.tenis-krka.org\/?cat=1#listItem","name":"Uncategorized"}}]},{"@type":"Organization","@id":"https:\/\/www.tenis-krka.org\/#organization","name":"Teni\u0161ki klub Krka Oto\u010dec","description":"Vse o klubu, novice, dogodki, rezultati in \u0161e veliko ve\u010d...","url":"https:\/\/www.tenis-krka.org\/"},{"@type":"Person","@id":"https:\/\/www.tenis-krka.org\/?author=3#author","url":"https:\/\/www.tenis-krka.org\/?author=3","name":"Bojan","image":{"@type":"ImageObject","@id":"https:\/\/www.tenis-krka.org\/?p=4138#authorImage","url":"https:\/\/secure.gravatar.com\/avatar\/1f264a6e4925daebca710ecc9a5332dd3b83d21e726ba47123743347c1c9fd6c?s=96&d=mm&r=g","width":96,"height":96,"caption":"Bojan"}},{"@type":"WebPage","@id":"https:\/\/www.tenis-krka.org\/?p=4138#webpage","url":"https:\/\/www.tenis-krka.org\/?p=4138","name":"Obvestilo o za\u010dasni prekinitvi skupinskih vadb za neregistrirane igralce TK Krka Oto\u010dec v skladu z zadnjim odlokom Vlade RS in priporo\u010dili NIJZ | Teni\u0161ki klub Krka Oto\u010dec","description":"V skladu z v\u010deraj\u0161njim odlokom Vlade RS, dana\u0161njim dogovorom s Terme Krka ter usmeritvami Teni\u0161ke zveze slovenije smo se v UO TK Krka danes odlo\u010dili, da do nadaljnjega prekinemo s skupinskimi teni\u0161kimi vadbami v okviru Teni\u0161ke \u0161ole in Teni\u0161kega vrtca TK Krka. Od danes dalje bo v teni\u0161kem centru na zunanjih in notranjih igri\u0161\u010dih mo\u017ena","inLanguage":"sl-SI","isPartOf":{"@id":"https:\/\/www.tenis-krka.org\/#website"},"breadcrumb":{"@id":"https:\/\/www.tenis-krka.org\/?p=4138#breadcrumblist"},"author":{"@id":"https:\/\/www.tenis-krka.org\/?author=3#author"},"creator":{"@id":"https:\/\/www.tenis-krka.org\/?author=3#author"},"datePublished":"2020-10-16T21:16:08+02:00","dateModified":"2020-12-22T15:40:43+02:00"},{"@type":"WebSite","@id":"https:\/\/www.tenis-krka.org\/#website","url":"https:\/\/www.tenis-krka.org\/","name":"Teni\u0161ki klub Krka Oto\u010dec","description":"Vse o klubu, novice, dogodki, rezultati in \u0161e veliko ve\u010d...","inLanguage":"sl-SI","publisher":{"@id":"https:\/\/www.tenis-krka.org\/#organization"}}]},"og:locale":"sl_SI","og:site_name":"Teni\u0161ki klub Krka Oto\u010dec | Vse o klubu, novice, dogodki, rezultati in \u0161e veliko ve\u010d...","og:type":"article","og:title":"Obvestilo o za\u010dasni prekinitvi skupinskih vadb za neregistrirane igralce TK Krka Oto\u010dec v skladu z zadnjim odlokom Vlade RS in priporo\u010dili NIJZ | Teni\u0161ki klub Krka Oto\u010dec","og:description":"V skladu z v\u010deraj\u0161njim odlokom Vlade RS, dana\u0161njim dogovorom s Terme Krka ter usmeritvami Teni\u0161ke zveze slovenije smo se v UO TK Krka danes odlo\u010dili, da do nadaljnjega prekinemo s skupinskimi teni\u0161kimi vadbami v okviru Teni\u0161ke \u0161ole in Teni\u0161kega vrtca TK Krka. Od danes dalje bo v teni\u0161kem centru na zunanjih in notranjih igri\u0161\u010dih mo\u017ena","og:url":"https:\/\/www.tenis-krka.org\/?p=4138","article:published_time":"2020-10-16T19:16:08+00:00","article:modified_time":"2020-12-22T13:40:43+00:00","twitter:card":"summary_large_image","twitter:title":"Obvestilo o za\u010dasni prekinitvi skupinskih vadb za neregistrirane igralce TK Krka Oto\u010dec v skladu z zadnjim odlokom Vlade RS in priporo\u010dili NIJZ | Teni\u0161ki klub Krka Oto\u010dec","twitter:description":"V skladu z v\u010deraj\u0161njim odlokom Vlade RS, dana\u0161njim dogovorom s Terme Krka ter usmeritvami Teni\u0161ke zveze slovenije smo se v UO TK Krka danes odlo\u010dili, da do nadaljnjega prekinemo s skupinskimi teni\u0161kimi vadbami v okviru Teni\u0161ke \u0161ole in Teni\u0161kega vrtca TK Krka. Od danes dalje bo v teni\u0161kem centru na zunanjih in notranjih igri\u0161\u010dih mo\u017ena"},"aioseo_meta_data":{"post_id":"4138","title":null,"description":null,"keywords":null,"keyphrases":null,"primary_term":null,"canonical_url":null,"og_title":null,"og_description":null,"og_object_type":"default","og_image_type":"default","og_image_url":null,"og_image_width":null,"og_image_height":null,"og_image_custom_url":null,"og_image_custom_fields":null,"og_video":null,"og_custom_url":null,"og_article_section":null,"og_article_tags":null,"twitter_use_og":false,"twitter_card":"default","twitter_image_type":"default","twitter_image_url":null,"twitter_image_custom_url":null,"twitter_image_custom_fields":null,"twitter_title":null,"twitter_description":null,"schema":{"blockGraphs":[],"customGraphs":[],"default":{"data":{"Article":[],"Course":[],"Dataset":[],"FAQPage":[],"Movie":[],"Person":[],"Product":[],"ProductReview":[],"Car":[],"Recipe":[],"Service":[],"SoftwareApplication":[],"WebPage":[]},"graphName":"","isEnabled":true},"graphs":[]},"schema_type":"default","schema_type_options":null,"pillar_content":false,"robots_default":true,"robots_noindex":false,"robots_noarchive":false,"robots_nosnippet":false,"robots_nofollow":false,"robots_noimageindex":false,"robots_noodp":false,"robots_notranslate":false,"robots_max_snippet":null,"robots_max_videopreview":null,"robots_max_imagepreview":"large","priority":null,"frequency":null,"local_seo":null,"breadcrumb_settings":null,"limit_modified_date":false,"ai":null,"created":"2024-08-30 08:37:27","updated":"2025-10-22 07:04:47","seo_analyzer_scan_date":null},"aioseo_breadcrumb":"<div class=\"aioseo-breadcrumbs\"><span class=\"aioseo-breadcrumb\">\n\t\t\t<a href=\"https:\/\/www.tenis-krka.org\" title=\"Domov\">Domov<\/a>\n\t\t<\/span><span class=\"aioseo-breadcrumb-separator\">&raquo;<\/span><span class=\"aioseo-breadcrumb\">\n\t\t\t<a href=\"https:\/\/www.tenis-krka.org\/?cat=1\" title=\"Uncategorized\">Uncategorized<\/a>\n\t\t<\/span><span class=\"aioseo-breadcrumb-separator\">&raquo;<\/span><span class=\"aioseo-breadcrumb\">\n\t\t\tObvestilo o za\u010dasni prekinitvi skupinskih vadb za neregistrirane igralce TK Krka Oto\u010dec v skladu z zadnjim odlokom Vlade RS in priporo\u010dili NIJZ\n\t\t<\/span><\/div>","aioseo_breadcrumb_json":[{"label":"Domov","link":"https:\/\/www.tenis-krka.org"},{"label":"Uncategorized","link":"https:\/\/www.tenis-krka.org\/?cat=1"},{"label":"Obvestilo o za\u010dasni prekinitvi skupinskih vadb za neregistrirane igralce TK Krka Oto\u010dec v skladu z zadnjim odlokom Vlade RS in priporo\u010dili NIJZ","link":"https:\/\/www.tenis-krka.org\/?p=4138"}],"_links":{"self":[{"href":"https:\/\/www.tenis-krka.org\/index.php?rest_route=\/wp\/v2\/posts\/4138","targetHints":{"allow":["GET"]}}],"collection":[{"href":"https:\/\/www.tenis-krka.org\/index.php?rest_route=\/wp\/v2\/posts"}],"about":[{"href":"https:\/\/www.tenis-krka.org\/index.php?rest_route=\/wp\/v2\/types\/post"}],"author":[{"embeddable":true,"href":"https:\/\/www.tenis-krka.org\/index.php?rest_route=\/wp\/v2\/users\/3"}],"replies":[{"embeddable":true,"href":"https:\/\/www.tenis-krka.org\/index.php?rest_route=%2Fwp%2Fv2%2Fcomments&post=4138"}],"version-history":[{"count":1,"href":"https:\/\/www.tenis-krka.org\/index.php?rest_route=\/wp\/v2\/posts\/4138\/revisions"}],"predecessor-version":[{"id":4141,"href":"https:\/\/www.tenis-krka.org\/index.php?rest_route=\/wp\/v2\/posts\/4138\/revisions\/4141"}],"wp:attachment":[{"href":"https:\/\/www.tenis-krka.org\/index.php?rest_route=%2Fwp%2Fv2%2Fmedia&parent=4138"}],"wp:term":[{"taxonomy":"category","embeddable":true,"href":"https:\/\/www.tenis-krka.org\/index.php?rest_route=%2Fwp%2Fv2%2Fcategories&post=4138"},{"taxonomy":"post_tag","embeddable":true,"href":"https:\/\/www.tenis-krka.org\/index.php?rest_route=%2Fwp%2Fv2%2Ftags&post=4138"}],"curies":[{"name":"wp","href":"https:\/\/api.w.org\/{rel}","templated":true}]}}