{"id":4132,"date":"2020-10-07T11:20:30","date_gmt":"2020-10-07T09:20:30","guid":{"rendered":"http:\/\/www.tenis-krka.org\/?p=4132"},"modified":"2021-02-13T20:13:52","modified_gmt":"2021-02-13T18:13:52","slug":"ziva-falkner-na-roland-garrosu","status":"publish","type":"post","link":"https:\/\/www.tenis-krka.org\/?p=4132","title":{"rendered":"\u017diva Falkner na Roland Garrosu!"},"content":{"rendered":"<p>V Parizu trenutno poteka Grand Slam turnir Roland Garros. V junior kategoriji je nastopila tudi \u017diva Falkner. V prvem krogu se je pomerila z doma\u010dinko Laio Petretic in po izena\u010denem dvoboju zmagala s 6-4 7-5.<\/p>\n<p>V naslednjem krogu jo je \u010dakala 4. nosilka turnirja rusinja Polina Kudermetova, ki pa je bila od \u017dive bolj\u0161a z 6-2 6-0.<\/p>\n<p>V konkurenci dvojic je \u017diva v paru z Matildo Mutavdzic (UK) pomerila proti ameri\u0161ki navezi E. Coleman \/ M. Sieg, ki pa sta bili bolj\u0161i z rezultatom 7-5 6-2.<\/p>\n<p>Leto\u0161nja situacija s koronavirusom je \u017divi, po izjemnem nastopu januarja v Avstraliji, kjer se je prebila do finala v konkurenci dvojic, prepre\u010dila nastop na juniorskem Wimbledonu in US Open-u, zaradi \u010desar je bil ta turnir toliko pomembnej\u0161i. Vsekakor je \u017diva pokazala izjemno fizi\u010dno in psihi\u010dno pripravljenost. Svojo pot med juniorji bo zaslu\u017eeno zaklju\u010dila med top 50 igralkami sveta!<\/p>\n<p>\u010cestitke \u017divi, trenerski ekipi in dru\u017einskim \u010dlanom, ki jo podpirajo.<\/p>\n<p><a href=\"http:\/\/www.tenis-krka.org\/wp-content\/uploads\/2020\/10\/ziva-rg2.jpg\"><img loading=\"lazy\" decoding=\"async\" class=\"alignnone size-medium wp-image-4133\" src=\"http:\/\/www.tenis-krka.org\/wp-content\/uploads\/2020\/10\/ziva-rg2-200x300.jpg\" alt=\"\" width=\"200\" height=\"300\" srcset=\"https:\/\/www.tenis-krka.org\/wp-content\/uploads\/2020\/10\/ziva-rg2-200x300.jpg 200w, https:\/\/www.tenis-krka.org\/wp-content\/uploads\/2020\/10\/ziva-rg2.jpg 640w\" sizes=\"auto, (max-width: 200px) 100vw, 200px\" \/><\/a> <a href=\"http:\/\/www.tenis-krka.org\/wp-content\/uploads\/2020\/10\/ziva-rg.jpg\">&nbsp;<img loading=\"lazy\" decoding=\"async\" class=\"alignnone size-medium wp-image-4134\" src=\"http:\/\/www.tenis-krka.org\/wp-content\/uploads\/2020\/10\/ziva-rg-300x200.jpg\" alt=\"\" width=\"300\" height=\"200\" srcset=\"https:\/\/www.tenis-krka.org\/wp-content\/uploads\/2020\/10\/ziva-rg-300x200.jpg 300w, https:\/\/www.tenis-krka.org\/wp-content\/uploads\/2020\/10\/ziva-rg-768x512.jpg 768w, https:\/\/www.tenis-krka.org\/wp-content\/uploads\/2020\/10\/ziva-rg.jpg 960w\" sizes=\"auto, (max-width: 300px) 100vw, 300px\" \/><\/a><\/p>\n<p>Tekme si lahko z nekaj dopla\u010dila ogledate na spodnjih povezavah:<\/p>\n<p><strong><a href=\"https:\/\/www.eurosport.nl\/tennis\/roland-garros\/ziva-falkner---laia-petretic_brdeurosport-e14893958c0ch732\/video.shtml\">1.krog posamezno: Falkner (SLO) vs. Petretic (FRA) 6-4 7-5<\/a><\/strong><\/p>\n<p><strong><a href=\"https:\/\/www.eurosport.co.uk\/tennis\/roland-garros\/polina-kudermetova---ziva-falkner_brdeurosport-e14894056c0ch730\/video.shtml\">2.krog posamezno: Falkner (SLO) vs. Kudermetova (RUS) [4] 2-6 0-6<\/a><\/strong><\/p>\n<p><strong><a href=\"https:\/\/www.eurosport.co.uk\/tennis\/roland-garros\/elizabeth-coleman--madison-sieg---ziva-falkner--matilda-mutavdzic_brdeurosport-e14894029c0ch736\/video.shtml\">1.krog dvojice: Falkner (SLO) \/ Mutavdzic (UK) vs. Sieg (US) \/ Coleman (US) 5-7 2-6<\/a><\/strong><\/p>\n","protected":false},"excerpt":{"rendered":"<p>V Parizu trenutno poteka Grand Slam turnir Roland Garros. V junior kategoriji je nastopila tudi \u017diva Falkner. V prvem krogu se je pomerila z doma\u010dinko Laio Petretic in po izena\u010denem dvoboju zmagala s 6-4 7-5. V naslednjem krogu jo je \u010dakala 4. nosilka turnirja rusinja Polina Kudermetova, ki pa je bila od \u017dive bolj\u0161a z [&hellip;]<\/p>\n","protected":false},"author":1,"featured_media":4133,"comment_status":"closed","ping_status":"closed","sticky":false,"template":"","format":"standard","meta":{"ngg_post_thumbnail":0,"footnotes":""},"categories":[47],"tags":[],"class_list":["post-4132","post","type-post","status-publish","format-standard","has-post-thumbnail","hentry","category-ziva-falkner"],"aioseo_notices":[],"aioseo_head":"\n\t\t<!-- All in One SEO 4.9.10 - aioseo.com -->\n\t<meta name=\"description\" content=\"V Parizu trenutno poteka Grand Slam turnir Roland Garros. V junior kategoriji je nastopila tudi \u017diva Falkner. V prvem krogu se je pomerila z doma\u010dinko Laio Petretic in po izena\u010denem dvoboju zmagala s 6-4 7-5. V naslednjem krogu jo je \u010dakala 4. nosilka turnirja rusinja Polina Kudermetova, ki pa je bila od \u017dive bolj\u0161a z\" \/>\n\t<meta name=\"robots\" content=\"max-image-preview:large\" \/>\n\t<meta name=\"author\" content=\"admin\"\/>\n\t<link rel=\"canonical\" href=\"https:\/\/www.tenis-krka.org\/?p=4132\" \/>\n\t<meta name=\"generator\" content=\"All in One SEO (AIOSEO) 4.9.10\" \/>\n\t\t<meta property=\"og:locale\" content=\"sl_SI\" \/>\n\t\t<meta property=\"og:site_name\" content=\"Teni\u0161ki klub Krka Oto\u010dec | Vse o klubu, novice, dogodki, rezultati in \u0161e veliko ve\u010d...\" \/>\n\t\t<meta property=\"og:type\" content=\"article\" \/>\n\t\t<meta property=\"og:title\" content=\"\u017diva Falkner na Roland Garrosu! | Teni\u0161ki klub Krka Oto\u010dec\" \/>\n\t\t<meta property=\"og:description\" content=\"V Parizu trenutno poteka Grand Slam turnir Roland Garros. V junior kategoriji je nastopila tudi \u017diva Falkner. V prvem krogu se je pomerila z doma\u010dinko Laio Petretic in po izena\u010denem dvoboju zmagala s 6-4 7-5. V naslednjem krogu jo je \u010dakala 4. nosilka turnirja rusinja Polina Kudermetova, ki pa je bila od \u017dive bolj\u0161a z\" \/>\n\t\t<meta property=\"og:url\" content=\"https:\/\/www.tenis-krka.org\/?p=4132\" \/>\n\t\t<meta property=\"article:published_time\" content=\"2020-10-07T09:20:30+00:00\" \/>\n\t\t<meta property=\"article:modified_time\" content=\"2021-02-13T18:13:52+00:00\" \/>\n\t\t<meta name=\"twitter:card\" content=\"summary_large_image\" \/>\n\t\t<meta name=\"twitter:title\" content=\"\u017diva Falkner na Roland Garrosu! | Teni\u0161ki klub Krka Oto\u010dec\" \/>\n\t\t<meta name=\"twitter:description\" content=\"V Parizu trenutno poteka Grand Slam turnir Roland Garros. V junior kategoriji je nastopila tudi \u017diva Falkner. V prvem krogu se je pomerila z doma\u010dinko Laio Petretic in po izena\u010denem dvoboju zmagala s 6-4 7-5. V naslednjem krogu jo je \u010dakala 4. nosilka turnirja rusinja Polina Kudermetova, ki pa je bila od \u017dive bolj\u0161a z\" \/>\n\t\t<script type=\"application\/ld+json\" class=\"aioseo-schema\">\n\t\t\t{\"@context\":\"https:\\\/\\\/schema.org\",\"@graph\":[{\"@type\":\"Article\",\"@id\":\"https:\\\/\\\/www.tenis-krka.org\\\/?p=4132#article\",\"name\":\"\\u017diva Falkner na Roland Garrosu! | Teni\\u0161ki klub Krka Oto\\u010dec\",\"headline\":\"\\u017diva Falkner na Roland Garrosu!\",\"author\":{\"@id\":\"https:\\\/\\\/www.tenis-krka.org\\\/?author=1#author\"},\"publisher\":{\"@id\":\"https:\\\/\\\/www.tenis-krka.org\\\/#organization\"},\"image\":{\"@type\":\"ImageObject\",\"url\":\"https:\\\/\\\/www.tenis-krka.org\\\/wp-content\\\/uploads\\\/2020\\\/10\\\/ziva-rg2.jpg\",\"width\":640,\"height\":960},\"datePublished\":\"2020-10-07T11:20:30+02:00\",\"dateModified\":\"2021-02-13T20:13:52+02:00\",\"inLanguage\":\"sl-SI\",\"mainEntityOfPage\":{\"@id\":\"https:\\\/\\\/www.tenis-krka.org\\\/?p=4132#webpage\"},\"isPartOf\":{\"@id\":\"https:\\\/\\\/www.tenis-krka.org\\\/?p=4132#webpage\"},\"articleSection\":\"\\u017diva Falkner\"},{\"@type\":\"BreadcrumbList\",\"@id\":\"https:\\\/\\\/www.tenis-krka.org\\\/?p=4132#breadcrumblist\",\"itemListElement\":[{\"@type\":\"ListItem\",\"@id\":\"https:\\\/\\\/www.tenis-krka.org#listItem\",\"position\":1,\"name\":\"Domov\",\"item\":\"https:\\\/\\\/www.tenis-krka.org\",\"nextItem\":{\"@type\":\"ListItem\",\"@id\":\"https:\\\/\\\/www.tenis-krka.org\\\/?cat=47#listItem\",\"name\":\"\\u017diva Falkner\"}},{\"@type\":\"ListItem\",\"@id\":\"https:\\\/\\\/www.tenis-krka.org\\\/?cat=47#listItem\",\"position\":2,\"name\":\"\\u017diva Falkner\",\"item\":\"https:\\\/\\\/www.tenis-krka.org\\\/?cat=47\",\"nextItem\":{\"@type\":\"ListItem\",\"@id\":\"https:\\\/\\\/www.tenis-krka.org\\\/?p=4132#listItem\",\"name\":\"\\u017diva Falkner na Roland Garrosu!\"},\"previousItem\":{\"@type\":\"ListItem\",\"@id\":\"https:\\\/\\\/www.tenis-krka.org#listItem\",\"name\":\"Domov\"}},{\"@type\":\"ListItem\",\"@id\":\"https:\\\/\\\/www.tenis-krka.org\\\/?p=4132#listItem\",\"position\":3,\"name\":\"\\u017diva Falkner na Roland Garrosu!\",\"previousItem\":{\"@type\":\"ListItem\",\"@id\":\"https:\\\/\\\/www.tenis-krka.org\\\/?cat=47#listItem\",\"name\":\"\\u017diva Falkner\"}}]},{\"@type\":\"Organization\",\"@id\":\"https:\\\/\\\/www.tenis-krka.org\\\/#organization\",\"name\":\"Teni\\u0161ki klub Krka Oto\\u010dec\",\"description\":\"Vse o klubu, novice, dogodki, rezultati in \\u0161e veliko ve\\u010d...\",\"url\":\"https:\\\/\\\/www.tenis-krka.org\\\/\"},{\"@type\":\"Person\",\"@id\":\"https:\\\/\\\/www.tenis-krka.org\\\/?author=1#author\",\"url\":\"https:\\\/\\\/www.tenis-krka.org\\\/?author=1\",\"name\":\"admin\",\"image\":{\"@type\":\"ImageObject\",\"@id\":\"https:\\\/\\\/www.tenis-krka.org\\\/?p=4132#authorImage\",\"url\":\"https:\\\/\\\/secure.gravatar.com\\\/avatar\\\/9e60ad079c111140ec6df07f7c8d348b27680a6649653907523325cecd07935e?s=96&d=mm&r=g\",\"width\":96,\"height\":96,\"caption\":\"admin\"}},{\"@type\":\"WebPage\",\"@id\":\"https:\\\/\\\/www.tenis-krka.org\\\/?p=4132#webpage\",\"url\":\"https:\\\/\\\/www.tenis-krka.org\\\/?p=4132\",\"name\":\"\\u017diva Falkner na Roland Garrosu! | Teni\\u0161ki klub Krka Oto\\u010dec\",\"description\":\"V Parizu trenutno poteka Grand Slam turnir Roland Garros. V junior kategoriji je nastopila tudi \\u017diva Falkner. V prvem krogu se je pomerila z doma\\u010dinko Laio Petretic in po izena\\u010denem dvoboju zmagala s 6-4 7-5. V naslednjem krogu jo je \\u010dakala 4. nosilka turnirja rusinja Polina Kudermetova, ki pa je bila od \\u017dive bolj\\u0161a z\",\"inLanguage\":\"sl-SI\",\"isPartOf\":{\"@id\":\"https:\\\/\\\/www.tenis-krka.org\\\/#website\"},\"breadcrumb\":{\"@id\":\"https:\\\/\\\/www.tenis-krka.org\\\/?p=4132#breadcrumblist\"},\"author\":{\"@id\":\"https:\\\/\\\/www.tenis-krka.org\\\/?author=1#author\"},\"creator\":{\"@id\":\"https:\\\/\\\/www.tenis-krka.org\\\/?author=1#author\"},\"image\":{\"@type\":\"ImageObject\",\"url\":\"https:\\\/\\\/www.tenis-krka.org\\\/wp-content\\\/uploads\\\/2020\\\/10\\\/ziva-rg2.jpg\",\"@id\":\"https:\\\/\\\/www.tenis-krka.org\\\/?p=4132\\\/#mainImage\",\"width\":640,\"height\":960},\"primaryImageOfPage\":{\"@id\":\"https:\\\/\\\/www.tenis-krka.org\\\/?p=4132#mainImage\"},\"datePublished\":\"2020-10-07T11:20:30+02:00\",\"dateModified\":\"2021-02-13T20:13:52+02:00\"},{\"@type\":\"WebSite\",\"@id\":\"https:\\\/\\\/www.tenis-krka.org\\\/#website\",\"url\":\"https:\\\/\\\/www.tenis-krka.org\\\/\",\"name\":\"Teni\\u0161ki klub Krka Oto\\u010dec\",\"description\":\"Vse o klubu, novice, dogodki, rezultati in \\u0161e veliko ve\\u010d...\",\"inLanguage\":\"sl-SI\",\"publisher\":{\"@id\":\"https:\\\/\\\/www.tenis-krka.org\\\/#organization\"}}]}\n\t\t<\/script>\n\t\t<!-- All in One SEO -->\n\n","aioseo_head_json":{"title":"\u017diva Falkner na Roland Garrosu! | Teni\u0161ki klub Krka Oto\u010dec","description":"V Parizu trenutno poteka Grand Slam turnir Roland Garros. V junior kategoriji je nastopila tudi \u017diva Falkner. V prvem krogu se je pomerila z doma\u010dinko Laio Petretic in po izena\u010denem dvoboju zmagala s 6-4 7-5. V naslednjem krogu jo je \u010dakala 4. nosilka turnirja rusinja Polina Kudermetova, ki pa je bila od \u017dive bolj\u0161a z","canonical_url":"https:\/\/www.tenis-krka.org\/?p=4132","robots":"max-image-preview:large","keywords":"","webmasterTools":{"miscellaneous":""},"schema":{"@context":"https:\/\/schema.org","@graph":[{"@type":"Article","@id":"https:\/\/www.tenis-krka.org\/?p=4132#article","name":"\u017diva Falkner na Roland Garrosu! | Teni\u0161ki klub Krka Oto\u010dec","headline":"\u017diva Falkner na Roland Garrosu!","author":{"@id":"https:\/\/www.tenis-krka.org\/?author=1#author"},"publisher":{"@id":"https:\/\/www.tenis-krka.org\/#organization"},"image":{"@type":"ImageObject","url":"https:\/\/www.tenis-krka.org\/wp-content\/uploads\/2020\/10\/ziva-rg2.jpg","width":640,"height":960},"datePublished":"2020-10-07T11:20:30+02:00","dateModified":"2021-02-13T20:13:52+02:00","inLanguage":"sl-SI","mainEntityOfPage":{"@id":"https:\/\/www.tenis-krka.org\/?p=4132#webpage"},"isPartOf":{"@id":"https:\/\/www.tenis-krka.org\/?p=4132#webpage"},"articleSection":"\u017diva Falkner"},{"@type":"BreadcrumbList","@id":"https:\/\/www.tenis-krka.org\/?p=4132#breadcrumblist","itemListElement":[{"@type":"ListItem","@id":"https:\/\/www.tenis-krka.org#listItem","position":1,"name":"Domov","item":"https:\/\/www.tenis-krka.org","nextItem":{"@type":"ListItem","@id":"https:\/\/www.tenis-krka.org\/?cat=47#listItem","name":"\u017diva Falkner"}},{"@type":"ListItem","@id":"https:\/\/www.tenis-krka.org\/?cat=47#listItem","position":2,"name":"\u017diva Falkner","item":"https:\/\/www.tenis-krka.org\/?cat=47","nextItem":{"@type":"ListItem","@id":"https:\/\/www.tenis-krka.org\/?p=4132#listItem","name":"\u017diva Falkner na Roland Garrosu!"},"previousItem":{"@type":"ListItem","@id":"https:\/\/www.tenis-krka.org#listItem","name":"Domov"}},{"@type":"ListItem","@id":"https:\/\/www.tenis-krka.org\/?p=4132#listItem","position":3,"name":"\u017diva Falkner na Roland Garrosu!","previousItem":{"@type":"ListItem","@id":"https:\/\/www.tenis-krka.org\/?cat=47#listItem","name":"\u017diva Falkner"}}]},{"@type":"Organization","@id":"https:\/\/www.tenis-krka.org\/#organization","name":"Teni\u0161ki klub Krka Oto\u010dec","description":"Vse o klubu, novice, dogodki, rezultati in \u0161e veliko ve\u010d...","url":"https:\/\/www.tenis-krka.org\/"},{"@type":"Person","@id":"https:\/\/www.tenis-krka.org\/?author=1#author","url":"https:\/\/www.tenis-krka.org\/?author=1","name":"admin","image":{"@type":"ImageObject","@id":"https:\/\/www.tenis-krka.org\/?p=4132#authorImage","url":"https:\/\/secure.gravatar.com\/avatar\/9e60ad079c111140ec6df07f7c8d348b27680a6649653907523325cecd07935e?s=96&d=mm&r=g","width":96,"height":96,"caption":"admin"}},{"@type":"WebPage","@id":"https:\/\/www.tenis-krka.org\/?p=4132#webpage","url":"https:\/\/www.tenis-krka.org\/?p=4132","name":"\u017diva Falkner na Roland Garrosu! | Teni\u0161ki klub Krka Oto\u010dec","description":"V Parizu trenutno poteka Grand Slam turnir Roland Garros. V junior kategoriji je nastopila tudi \u017diva Falkner. V prvem krogu se je pomerila z doma\u010dinko Laio Petretic in po izena\u010denem dvoboju zmagala s 6-4 7-5. V naslednjem krogu jo je \u010dakala 4. nosilka turnirja rusinja Polina Kudermetova, ki pa je bila od \u017dive bolj\u0161a z","inLanguage":"sl-SI","isPartOf":{"@id":"https:\/\/www.tenis-krka.org\/#website"},"breadcrumb":{"@id":"https:\/\/www.tenis-krka.org\/?p=4132#breadcrumblist"},"author":{"@id":"https:\/\/www.tenis-krka.org\/?author=1#author"},"creator":{"@id":"https:\/\/www.tenis-krka.org\/?author=1#author"},"image":{"@type":"ImageObject","url":"https:\/\/www.tenis-krka.org\/wp-content\/uploads\/2020\/10\/ziva-rg2.jpg","@id":"https:\/\/www.tenis-krka.org\/?p=4132\/#mainImage","width":640,"height":960},"primaryImageOfPage":{"@id":"https:\/\/www.tenis-krka.org\/?p=4132#mainImage"},"datePublished":"2020-10-07T11:20:30+02:00","dateModified":"2021-02-13T20:13:52+02:00"},{"@type":"WebSite","@id":"https:\/\/www.tenis-krka.org\/#website","url":"https:\/\/www.tenis-krka.org\/","name":"Teni\u0161ki klub Krka Oto\u010dec","description":"Vse o klubu, novice, dogodki, rezultati in \u0161e veliko ve\u010d...","inLanguage":"sl-SI","publisher":{"@id":"https:\/\/www.tenis-krka.org\/#organization"}}]},"og:locale":"sl_SI","og:site_name":"Teni\u0161ki klub Krka Oto\u010dec | Vse o klubu, novice, dogodki, rezultati in \u0161e veliko ve\u010d...","og:type":"article","og:title":"\u017diva Falkner na Roland Garrosu! | Teni\u0161ki klub Krka Oto\u010dec","og:description":"V Parizu trenutno poteka Grand Slam turnir Roland Garros. V junior kategoriji je nastopila tudi \u017diva Falkner. V prvem krogu se je pomerila z doma\u010dinko Laio Petretic in po izena\u010denem dvoboju zmagala s 6-4 7-5. V naslednjem krogu jo je \u010dakala 4. nosilka turnirja rusinja Polina Kudermetova, ki pa je bila od \u017dive bolj\u0161a z","og:url":"https:\/\/www.tenis-krka.org\/?p=4132","article:published_time":"2020-10-07T09:20:30+00:00","article:modified_time":"2021-02-13T18:13:52+00:00","twitter:card":"summary_large_image","twitter:title":"\u017diva Falkner na Roland Garrosu! | Teni\u0161ki klub Krka Oto\u010dec","twitter:description":"V Parizu trenutno poteka Grand Slam turnir Roland Garros. V junior kategoriji je nastopila tudi \u017diva Falkner. V prvem krogu se je pomerila z doma\u010dinko Laio Petretic in po izena\u010denem dvoboju zmagala s 6-4 7-5. V naslednjem krogu jo je \u010dakala 4. nosilka turnirja rusinja Polina Kudermetova, ki pa je bila od \u017dive bolj\u0161a z"},"aioseo_meta_data":{"post_id":"4132","title":null,"description":null,"keywords":null,"keyphrases":null,"primary_term":null,"canonical_url":null,"og_title":null,"og_description":null,"og_object_type":"default","og_image_type":"default","og_image_url":null,"og_image_width":null,"og_image_height":null,"og_image_custom_url":null,"og_image_custom_fields":null,"og_video":null,"og_custom_url":null,"og_article_section":null,"og_article_tags":null,"twitter_use_og":false,"twitter_card":"default","twitter_image_type":"default","twitter_image_url":null,"twitter_image_custom_url":null,"twitter_image_custom_fields":null,"twitter_title":null,"twitter_description":null,"schema":{"blockGraphs":[],"customGraphs":[],"default":{"data":{"Article":[],"Course":[],"Dataset":[],"FAQPage":[],"Movie":[],"Person":[],"Product":[],"ProductReview":[],"Car":[],"Recipe":[],"Service":[],"SoftwareApplication":[],"WebPage":[]},"graphName":"","isEnabled":true},"graphs":[]},"schema_type":"default","schema_type_options":null,"pillar_content":false,"robots_default":true,"robots_noindex":false,"robots_noarchive":false,"robots_nosnippet":false,"robots_nofollow":false,"robots_noimageindex":false,"robots_noodp":false,"robots_notranslate":false,"robots_max_snippet":null,"robots_max_videopreview":null,"robots_max_imagepreview":"large","priority":null,"frequency":null,"local_seo":null,"breadcrumb_settings":null,"limit_modified_date":false,"ai":null,"created":"2024-08-30 08:37:27","updated":"2025-10-22 07:04:47","seo_analyzer_scan_date":null},"aioseo_breadcrumb":"<div class=\"aioseo-breadcrumbs\"><span class=\"aioseo-breadcrumb\">\n\t\t\t<a href=\"https:\/\/www.tenis-krka.org\" title=\"Domov\">Domov<\/a>\n\t\t<\/span><span class=\"aioseo-breadcrumb-separator\">&raquo;<\/span><span class=\"aioseo-breadcrumb\">\n\t\t\t<a href=\"https:\/\/www.tenis-krka.org\/?cat=47\" title=\"\u017diva Falkner\">\u017diva Falkner<\/a>\n\t\t<\/span><span class=\"aioseo-breadcrumb-separator\">&raquo;<\/span><span class=\"aioseo-breadcrumb\">\n\t\t\t\u017diva Falkner na Roland Garrosu!\n\t\t<\/span><\/div>","aioseo_breadcrumb_json":[{"label":"Domov","link":"https:\/\/www.tenis-krka.org"},{"label":"\u017diva Falkner","link":"https:\/\/www.tenis-krka.org\/?cat=47"},{"label":"\u017diva Falkner na Roland Garrosu!","link":"https:\/\/www.tenis-krka.org\/?p=4132"}],"_links":{"self":[{"href":"https:\/\/www.tenis-krka.org\/index.php?rest_route=\/wp\/v2\/posts\/4132","targetHints":{"allow":["GET"]}}],"collection":[{"href":"https:\/\/www.tenis-krka.org\/index.php?rest_route=\/wp\/v2\/posts"}],"about":[{"href":"https:\/\/www.tenis-krka.org\/index.php?rest_route=\/wp\/v2\/types\/post"}],"author":[{"embeddable":true,"href":"https:\/\/www.tenis-krka.org\/index.php?rest_route=\/wp\/v2\/users\/1"}],"replies":[{"embeddable":true,"href":"https:\/\/www.tenis-krka.org\/index.php?rest_route=%2Fwp%2Fv2%2Fcomments&post=4132"}],"version-history":[{"count":3,"href":"https:\/\/www.tenis-krka.org\/index.php?rest_route=\/wp\/v2\/posts\/4132\/revisions"}],"predecessor-version":[{"id":4206,"href":"https:\/\/www.tenis-krka.org\/index.php?rest_route=\/wp\/v2\/posts\/4132\/revisions\/4206"}],"wp:featuredmedia":[{"embeddable":true,"href":"https:\/\/www.tenis-krka.org\/index.php?rest_route=\/wp\/v2\/media\/4133"}],"wp:attachment":[{"href":"https:\/\/www.tenis-krka.org\/index.php?rest_route=%2Fwp%2Fv2%2Fmedia&parent=4132"}],"wp:term":[{"taxonomy":"category","embeddable":true,"href":"https:\/\/www.tenis-krka.org\/index.php?rest_route=%2Fwp%2Fv2%2Fcategories&post=4132"},{"taxonomy":"post_tag","embeddable":true,"href":"https:\/\/www.tenis-krka.org\/index.php?rest_route=%2Fwp%2Fv2%2Ftags&post=4132"}],"curies":[{"name":"wp","href":"https:\/\/api.w.org\/{rel}","templated":true}]}}