{"id":3528,"date":"2019-02-13T17:19:43","date_gmt":"2019-02-13T15:19:43","guid":{"rendered":"http:\/\/www.tenis-krka.org\/?p=3528"},"modified":"2019-05-27T15:15:55","modified_gmt":"2019-05-27T13:15:55","slug":"marko-retelj-2019","status":"publish","type":"post","link":"https:\/\/www.tenis-krka.org\/?p=3528","title":{"rendered":"MARKO  RETELJ  2019"},"content":{"rendered":"\n\t\t<style>\n\t\t\t#gallery-1 {\n\t\t\t\tmargin: auto;\n\t\t\t}\n\t\t\t#gallery-1 .gallery-item {\n\t\t\t\tfloat: left;\n\t\t\t\tmargin-top: 10px;\n\t\t\t\ttext-align: center;\n\t\t\t\twidth: 33%;\n\t\t\t}\n\t\t\t#gallery-1 img {\n\t\t\t\tborder: 2px solid #cfcfcf;\n\t\t\t}\n\t\t\t#gallery-1 .gallery-caption {\n\t\t\t\tmargin-left: 0;\n\t\t\t}\n\t\t\t\/* see gallery_shortcode() in wp-includes\/media.php *\/\n\t\t<\/style>\n\t\t<div id='gallery-1' class='gallery galleryid-3528 gallery-columns-3 gallery-size-thumbnail'><dl class='gallery-item'>\n\t\t\t<dt class='gallery-icon portrait'>\n\t\t\t\t<a href='https:\/\/www.tenis-krka.org\/?attachment_id=3512'><img loading=\"lazy\" decoding=\"async\" width=\"150\" height=\"150\" src=\"https:\/\/www.tenis-krka.org\/wp-content\/uploads\/2019\/02\/MARKO-RETELJ-DP-12-LJUBLJANA-150x150.jpg\" class=\"attachment-thumbnail size-thumbnail\" alt=\"\" \/><\/a>\n\t\t\t<\/dt><\/dl>\n\t\t\t<br style='clear: both' \/>\n\t\t<\/div>\n\n<p>Marko Retelj je 13. 1. 2019 postal  novi SLOVENSKI DR\u017dAVNI PRVAK  do 12 let.<br \/>\nDP 12 LJUBLJANA<br \/>\n1.kolo:<br \/>\nMarko Retelj- Ploj<br \/>\n61,60<br \/>\n2.kolo:<br \/>\nMarko Retelj-Rozman<br \/>\n62,61<br \/>\n\u010cETRTFINALE<br \/>\nMarko Retelj- Peterlin<br \/>\n63,60<br \/>\nPOLFINALE<br \/>\nMarko Retelj- \u0160e\u0161ko<br \/>\n36,62,60<br \/>\nFINALE<br \/>\nMarko Retelj-Albrecht<br \/>\n62,57,75<\/p>\n<p>\u010cESTITKE<\/p>\n","protected":false},"excerpt":{"rendered":"<p>Marko Retelj je 13. 1. 2019 postal novi SLOVENSKI DR\u017dAVNI PRVAK do 12 let. DP 12 LJUBLJANA 1.kolo: Marko Retelj- Ploj 61,60 2.kolo: Marko Retelj-Rozman 62,61 \u010cETRTFINALE Marko Retelj- Peterlin 63,60 POLFINALE Marko Retelj- \u0160e\u0161ko 36,62,60 FINALE Marko Retelj-Albrecht 62,57,75 \u010cESTITKE<\/p>\n","protected":false},"author":10,"featured_media":0,"comment_status":"closed","ping_status":"open","sticky":false,"template":"","format":"standard","meta":{"ngg_post_thumbnail":0,"footnotes":""},"categories":[4,31,6,5,7,1],"tags":[],"class_list":["post-3528","post","type-post","status-publish","format-standard","hentry","category-dog","category-lige","category-rezult","category-tekm","category-tsola","category-uncategorized"],"aioseo_notices":[],"aioseo_head":"\n\t\t<!-- All in One SEO 4.9.10 - aioseo.com -->\n\t<meta name=\"description\" content=\"Marko Retelj je 13. 1. 2019 postal novi SLOVENSKI DR\u017dAVNI PRVAK do 12 let. DP 12 LJUBLJANA 1.kolo: Marko Retelj- Ploj 61,60 2.kolo: Marko Retelj-Rozman 62,61 \u010cETRTFINALE Marko Retelj- Peterlin 63,60 POLFINALE Marko Retelj- \u0160e\u0161ko 36,62,60 FINALE Marko Retelj-Albrecht 62,57,75 \u010cESTITKE\" \/>\n\t<meta name=\"robots\" content=\"max-image-preview:large\" \/>\n\t<meta name=\"author\" content=\"Ana Ponikvar\"\/>\n\t<link rel=\"canonical\" href=\"https:\/\/www.tenis-krka.org\/?p=3528\" \/>\n\t<meta name=\"generator\" content=\"All in One SEO (AIOSEO) 4.9.10\" \/>\n\t\t<meta property=\"og:locale\" content=\"sl_SI\" \/>\n\t\t<meta property=\"og:site_name\" content=\"Teni\u0161ki klub Krka Oto\u010dec | Vse o klubu, novice, dogodki, rezultati in \u0161e veliko ve\u010d...\" \/>\n\t\t<meta property=\"og:type\" content=\"article\" \/>\n\t\t<meta property=\"og:title\" content=\"MARKO RETELJ 2019 | Teni\u0161ki klub Krka Oto\u010dec\" \/>\n\t\t<meta property=\"og:description\" content=\"Marko Retelj je 13. 1. 2019 postal novi SLOVENSKI DR\u017dAVNI PRVAK do 12 let. DP 12 LJUBLJANA 1.kolo: Marko Retelj- Ploj 61,60 2.kolo: Marko Retelj-Rozman 62,61 \u010cETRTFINALE Marko Retelj- Peterlin 63,60 POLFINALE Marko Retelj- \u0160e\u0161ko 36,62,60 FINALE Marko Retelj-Albrecht 62,57,75 \u010cESTITKE\" \/>\n\t\t<meta property=\"og:url\" content=\"https:\/\/www.tenis-krka.org\/?p=3528\" \/>\n\t\t<meta property=\"article:published_time\" content=\"2019-02-13T15:19:43+00:00\" \/>\n\t\t<meta property=\"article:modified_time\" content=\"2019-05-27T13:15:55+00:00\" \/>\n\t\t<meta name=\"twitter:card\" content=\"summary_large_image\" \/>\n\t\t<meta name=\"twitter:title\" content=\"MARKO RETELJ 2019 | Teni\u0161ki klub Krka Oto\u010dec\" \/>\n\t\t<meta name=\"twitter:description\" content=\"Marko Retelj je 13. 1. 2019 postal novi SLOVENSKI DR\u017dAVNI PRVAK do 12 let. DP 12 LJUBLJANA 1.kolo: Marko Retelj- Ploj 61,60 2.kolo: Marko Retelj-Rozman 62,61 \u010cETRTFINALE Marko Retelj- Peterlin 63,60 POLFINALE Marko Retelj- \u0160e\u0161ko 36,62,60 FINALE Marko Retelj-Albrecht 62,57,75 \u010cESTITKE\" \/>\n\t\t<script type=\"application\/ld+json\" class=\"aioseo-schema\">\n\t\t\t{\"@context\":\"https:\\\/\\\/schema.org\",\"@graph\":[{\"@type\":\"Article\",\"@id\":\"https:\\\/\\\/www.tenis-krka.org\\\/?p=3528#article\",\"name\":\"MARKO RETELJ 2019 | Teni\\u0161ki klub Krka Oto\\u010dec\",\"headline\":\"MARKO  RETELJ  2019\",\"author\":{\"@id\":\"https:\\\/\\\/www.tenis-krka.org\\\/?author=10#author\"},\"publisher\":{\"@id\":\"https:\\\/\\\/www.tenis-krka.org\\\/#organization\"},\"datePublished\":\"2019-02-13T17:19:43+02:00\",\"dateModified\":\"2019-05-27T15:15:55+02:00\",\"inLanguage\":\"sl-SI\",\"mainEntityOfPage\":{\"@id\":\"https:\\\/\\\/www.tenis-krka.org\\\/?p=3528#webpage\"},\"isPartOf\":{\"@id\":\"https:\\\/\\\/www.tenis-krka.org\\\/?p=3528#webpage\"},\"articleSection\":\"Dogodki, Lige, Rezultati, Tekmovanja, Teni\\u0161ka \\u0161ola, Uncategorized\"},{\"@type\":\"BreadcrumbList\",\"@id\":\"https:\\\/\\\/www.tenis-krka.org\\\/?p=3528#breadcrumblist\",\"itemListElement\":[{\"@type\":\"ListItem\",\"@id\":\"https:\\\/\\\/www.tenis-krka.org#listItem\",\"position\":1,\"name\":\"Domov\",\"item\":\"https:\\\/\\\/www.tenis-krka.org\",\"nextItem\":{\"@type\":\"ListItem\",\"@id\":\"https:\\\/\\\/www.tenis-krka.org\\\/?cat=1#listItem\",\"name\":\"Uncategorized\"}},{\"@type\":\"ListItem\",\"@id\":\"https:\\\/\\\/www.tenis-krka.org\\\/?cat=1#listItem\",\"position\":2,\"name\":\"Uncategorized\",\"item\":\"https:\\\/\\\/www.tenis-krka.org\\\/?cat=1\",\"nextItem\":{\"@type\":\"ListItem\",\"@id\":\"https:\\\/\\\/www.tenis-krka.org\\\/?p=3528#listItem\",\"name\":\"MARKO  RETELJ  2019\"},\"previousItem\":{\"@type\":\"ListItem\",\"@id\":\"https:\\\/\\\/www.tenis-krka.org#listItem\",\"name\":\"Domov\"}},{\"@type\":\"ListItem\",\"@id\":\"https:\\\/\\\/www.tenis-krka.org\\\/?p=3528#listItem\",\"position\":3,\"name\":\"MARKO  RETELJ  2019\",\"previousItem\":{\"@type\":\"ListItem\",\"@id\":\"https:\\\/\\\/www.tenis-krka.org\\\/?cat=1#listItem\",\"name\":\"Uncategorized\"}}]},{\"@type\":\"Organization\",\"@id\":\"https:\\\/\\\/www.tenis-krka.org\\\/#organization\",\"name\":\"Teni\\u0161ki klub Krka Oto\\u010dec\",\"description\":\"Vse o klubu, novice, dogodki, rezultati in \\u0161e veliko ve\\u010d...\",\"url\":\"https:\\\/\\\/www.tenis-krka.org\\\/\"},{\"@type\":\"Person\",\"@id\":\"https:\\\/\\\/www.tenis-krka.org\\\/?author=10#author\",\"url\":\"https:\\\/\\\/www.tenis-krka.org\\\/?author=10\",\"name\":\"Ana Ponikvar\",\"image\":{\"@type\":\"ImageObject\",\"@id\":\"https:\\\/\\\/www.tenis-krka.org\\\/?p=3528#authorImage\",\"url\":\"https:\\\/\\\/secure.gravatar.com\\\/avatar\\\/3f77537b836fe0763acec1e7ffc24bcee1a998feea954c5e751bdaa0776a7f5c?s=96&d=mm&r=g\",\"width\":96,\"height\":96,\"caption\":\"Ana Ponikvar\"}},{\"@type\":\"WebPage\",\"@id\":\"https:\\\/\\\/www.tenis-krka.org\\\/?p=3528#webpage\",\"url\":\"https:\\\/\\\/www.tenis-krka.org\\\/?p=3528\",\"name\":\"MARKO RETELJ 2019 | Teni\\u0161ki klub Krka Oto\\u010dec\",\"description\":\"Marko Retelj je 13. 1. 2019 postal novi SLOVENSKI DR\\u017dAVNI PRVAK do 12 let. DP 12 LJUBLJANA 1.kolo: Marko Retelj- Ploj 61,60 2.kolo: Marko Retelj-Rozman 62,61 \\u010cETRTFINALE Marko Retelj- Peterlin 63,60 POLFINALE Marko Retelj- \\u0160e\\u0161ko 36,62,60 FINALE Marko Retelj-Albrecht 62,57,75 \\u010cESTITKE\",\"inLanguage\":\"sl-SI\",\"isPartOf\":{\"@id\":\"https:\\\/\\\/www.tenis-krka.org\\\/#website\"},\"breadcrumb\":{\"@id\":\"https:\\\/\\\/www.tenis-krka.org\\\/?p=3528#breadcrumblist\"},\"author\":{\"@id\":\"https:\\\/\\\/www.tenis-krka.org\\\/?author=10#author\"},\"creator\":{\"@id\":\"https:\\\/\\\/www.tenis-krka.org\\\/?author=10#author\"},\"datePublished\":\"2019-02-13T17:19:43+02:00\",\"dateModified\":\"2019-05-27T15:15:55+02:00\"},{\"@type\":\"WebSite\",\"@id\":\"https:\\\/\\\/www.tenis-krka.org\\\/#website\",\"url\":\"https:\\\/\\\/www.tenis-krka.org\\\/\",\"name\":\"Teni\\u0161ki klub Krka Oto\\u010dec\",\"description\":\"Vse o klubu, novice, dogodki, rezultati in \\u0161e veliko ve\\u010d...\",\"inLanguage\":\"sl-SI\",\"publisher\":{\"@id\":\"https:\\\/\\\/www.tenis-krka.org\\\/#organization\"}}]}\n\t\t<\/script>\n\t\t<!-- All in One SEO -->\n\n","aioseo_head_json":{"title":"MARKO RETELJ 2019 | Teni\u0161ki klub Krka Oto\u010dec","description":"Marko Retelj je 13. 1. 2019 postal novi SLOVENSKI DR\u017dAVNI PRVAK do 12 let. DP 12 LJUBLJANA 1.kolo: Marko Retelj- Ploj 61,60 2.kolo: Marko Retelj-Rozman 62,61 \u010cETRTFINALE Marko Retelj- Peterlin 63,60 POLFINALE Marko Retelj- \u0160e\u0161ko 36,62,60 FINALE Marko Retelj-Albrecht 62,57,75 \u010cESTITKE","canonical_url":"https:\/\/www.tenis-krka.org\/?p=3528","robots":"max-image-preview:large","keywords":"","webmasterTools":{"miscellaneous":""},"schema":{"@context":"https:\/\/schema.org","@graph":[{"@type":"Article","@id":"https:\/\/www.tenis-krka.org\/?p=3528#article","name":"MARKO RETELJ 2019 | Teni\u0161ki klub Krka Oto\u010dec","headline":"MARKO  RETELJ  2019","author":{"@id":"https:\/\/www.tenis-krka.org\/?author=10#author"},"publisher":{"@id":"https:\/\/www.tenis-krka.org\/#organization"},"datePublished":"2019-02-13T17:19:43+02:00","dateModified":"2019-05-27T15:15:55+02:00","inLanguage":"sl-SI","mainEntityOfPage":{"@id":"https:\/\/www.tenis-krka.org\/?p=3528#webpage"},"isPartOf":{"@id":"https:\/\/www.tenis-krka.org\/?p=3528#webpage"},"articleSection":"Dogodki, Lige, Rezultati, Tekmovanja, Teni\u0161ka \u0161ola, Uncategorized"},{"@type":"BreadcrumbList","@id":"https:\/\/www.tenis-krka.org\/?p=3528#breadcrumblist","itemListElement":[{"@type":"ListItem","@id":"https:\/\/www.tenis-krka.org#listItem","position":1,"name":"Domov","item":"https:\/\/www.tenis-krka.org","nextItem":{"@type":"ListItem","@id":"https:\/\/www.tenis-krka.org\/?cat=1#listItem","name":"Uncategorized"}},{"@type":"ListItem","@id":"https:\/\/www.tenis-krka.org\/?cat=1#listItem","position":2,"name":"Uncategorized","item":"https:\/\/www.tenis-krka.org\/?cat=1","nextItem":{"@type":"ListItem","@id":"https:\/\/www.tenis-krka.org\/?p=3528#listItem","name":"MARKO  RETELJ  2019"},"previousItem":{"@type":"ListItem","@id":"https:\/\/www.tenis-krka.org#listItem","name":"Domov"}},{"@type":"ListItem","@id":"https:\/\/www.tenis-krka.org\/?p=3528#listItem","position":3,"name":"MARKO  RETELJ  2019","previousItem":{"@type":"ListItem","@id":"https:\/\/www.tenis-krka.org\/?cat=1#listItem","name":"Uncategorized"}}]},{"@type":"Organization","@id":"https:\/\/www.tenis-krka.org\/#organization","name":"Teni\u0161ki klub Krka Oto\u010dec","description":"Vse o klubu, novice, dogodki, rezultati in \u0161e veliko ve\u010d...","url":"https:\/\/www.tenis-krka.org\/"},{"@type":"Person","@id":"https:\/\/www.tenis-krka.org\/?author=10#author","url":"https:\/\/www.tenis-krka.org\/?author=10","name":"Ana Ponikvar","image":{"@type":"ImageObject","@id":"https:\/\/www.tenis-krka.org\/?p=3528#authorImage","url":"https:\/\/secure.gravatar.com\/avatar\/3f77537b836fe0763acec1e7ffc24bcee1a998feea954c5e751bdaa0776a7f5c?s=96&d=mm&r=g","width":96,"height":96,"caption":"Ana Ponikvar"}},{"@type":"WebPage","@id":"https:\/\/www.tenis-krka.org\/?p=3528#webpage","url":"https:\/\/www.tenis-krka.org\/?p=3528","name":"MARKO RETELJ 2019 | Teni\u0161ki klub Krka Oto\u010dec","description":"Marko Retelj je 13. 1. 2019 postal novi SLOVENSKI DR\u017dAVNI PRVAK do 12 let. DP 12 LJUBLJANA 1.kolo: Marko Retelj- Ploj 61,60 2.kolo: Marko Retelj-Rozman 62,61 \u010cETRTFINALE Marko Retelj- Peterlin 63,60 POLFINALE Marko Retelj- \u0160e\u0161ko 36,62,60 FINALE Marko Retelj-Albrecht 62,57,75 \u010cESTITKE","inLanguage":"sl-SI","isPartOf":{"@id":"https:\/\/www.tenis-krka.org\/#website"},"breadcrumb":{"@id":"https:\/\/www.tenis-krka.org\/?p=3528#breadcrumblist"},"author":{"@id":"https:\/\/www.tenis-krka.org\/?author=10#author"},"creator":{"@id":"https:\/\/www.tenis-krka.org\/?author=10#author"},"datePublished":"2019-02-13T17:19:43+02:00","dateModified":"2019-05-27T15:15:55+02:00"},{"@type":"WebSite","@id":"https:\/\/www.tenis-krka.org\/#website","url":"https:\/\/www.tenis-krka.org\/","name":"Teni\u0161ki klub Krka Oto\u010dec","description":"Vse o klubu, novice, dogodki, rezultati in \u0161e veliko ve\u010d...","inLanguage":"sl-SI","publisher":{"@id":"https:\/\/www.tenis-krka.org\/#organization"}}]},"og:locale":"sl_SI","og:site_name":"Teni\u0161ki klub Krka Oto\u010dec | Vse o klubu, novice, dogodki, rezultati in \u0161e veliko ve\u010d...","og:type":"article","og:title":"MARKO RETELJ 2019 | Teni\u0161ki klub Krka Oto\u010dec","og:description":"Marko Retelj je 13. 1. 2019 postal novi SLOVENSKI DR\u017dAVNI PRVAK do 12 let. DP 12 LJUBLJANA 1.kolo: Marko Retelj- Ploj 61,60 2.kolo: Marko Retelj-Rozman 62,61 \u010cETRTFINALE Marko Retelj- Peterlin 63,60 POLFINALE Marko Retelj- \u0160e\u0161ko 36,62,60 FINALE Marko Retelj-Albrecht 62,57,75 \u010cESTITKE","og:url":"https:\/\/www.tenis-krka.org\/?p=3528","article:published_time":"2019-02-13T15:19:43+00:00","article:modified_time":"2019-05-27T13:15:55+00:00","twitter:card":"summary_large_image","twitter:title":"MARKO RETELJ 2019 | Teni\u0161ki klub Krka Oto\u010dec","twitter:description":"Marko Retelj je 13. 1. 2019 postal novi SLOVENSKI DR\u017dAVNI PRVAK do 12 let. DP 12 LJUBLJANA 1.kolo: Marko Retelj- Ploj 61,60 2.kolo: Marko Retelj-Rozman 62,61 \u010cETRTFINALE Marko Retelj- Peterlin 63,60 POLFINALE Marko Retelj- \u0160e\u0161ko 36,62,60 FINALE Marko Retelj-Albrecht 62,57,75 \u010cESTITKE"},"aioseo_meta_data":{"post_id":"3528","title":null,"description":null,"keywords":null,"keyphrases":null,"primary_term":null,"canonical_url":null,"og_title":null,"og_description":null,"og_object_type":"default","og_image_type":"default","og_image_url":null,"og_image_width":null,"og_image_height":null,"og_image_custom_url":null,"og_image_custom_fields":null,"og_video":null,"og_custom_url":null,"og_article_section":null,"og_article_tags":null,"twitter_use_og":false,"twitter_card":"default","twitter_image_type":"default","twitter_image_url":null,"twitter_image_custom_url":null,"twitter_image_custom_fields":null,"twitter_title":null,"twitter_description":null,"schema":{"blockGraphs":[],"customGraphs":[],"default":{"data":{"Article":[],"Course":[],"Dataset":[],"FAQPage":[],"Movie":[],"Person":[],"Product":[],"ProductReview":[],"Car":[],"Recipe":[],"Service":[],"SoftwareApplication":[],"WebPage":[]},"graphName":"","isEnabled":true},"graphs":[]},"schema_type":"default","schema_type_options":null,"pillar_content":false,"robots_default":true,"robots_noindex":false,"robots_noarchive":false,"robots_nosnippet":false,"robots_nofollow":false,"robots_noimageindex":false,"robots_noodp":false,"robots_notranslate":false,"robots_max_snippet":null,"robots_max_videopreview":null,"robots_max_imagepreview":"large","priority":null,"frequency":null,"local_seo":null,"breadcrumb_settings":null,"limit_modified_date":false,"ai":null,"created":"2024-08-30 08:45:30","updated":"2025-10-22 06:00:48","seo_analyzer_scan_date":null},"aioseo_breadcrumb":"<div class=\"aioseo-breadcrumbs\"><span class=\"aioseo-breadcrumb\">\n\t\t\t<a href=\"https:\/\/www.tenis-krka.org\" title=\"Domov\">Domov<\/a>\n\t\t<\/span><span class=\"aioseo-breadcrumb-separator\">&raquo;<\/span><span class=\"aioseo-breadcrumb\">\n\t\t\t<a href=\"https:\/\/www.tenis-krka.org\/?cat=1\" title=\"Uncategorized\">Uncategorized<\/a>\n\t\t<\/span><span class=\"aioseo-breadcrumb-separator\">&raquo;<\/span><span class=\"aioseo-breadcrumb\">\n\t\t\tMARKO  RETELJ  2019\n\t\t<\/span><\/div>","aioseo_breadcrumb_json":[{"label":"Domov","link":"https:\/\/www.tenis-krka.org"},{"label":"Uncategorized","link":"https:\/\/www.tenis-krka.org\/?cat=1"},{"label":"MARKO  RETELJ  2019","link":"https:\/\/www.tenis-krka.org\/?p=3528"}],"_links":{"self":[{"href":"https:\/\/www.tenis-krka.org\/index.php?rest_route=\/wp\/v2\/posts\/3528","targetHints":{"allow":["GET"]}}],"collection":[{"href":"https:\/\/www.tenis-krka.org\/index.php?rest_route=\/wp\/v2\/posts"}],"about":[{"href":"https:\/\/www.tenis-krka.org\/index.php?rest_route=\/wp\/v2\/types\/post"}],"author":[{"embeddable":true,"href":"https:\/\/www.tenis-krka.org\/index.php?rest_route=\/wp\/v2\/users\/10"}],"replies":[{"embeddable":true,"href":"https:\/\/www.tenis-krka.org\/index.php?rest_route=%2Fwp%2Fv2%2Fcomments&post=3528"}],"version-history":[{"count":3,"href":"https:\/\/www.tenis-krka.org\/index.php?rest_route=\/wp\/v2\/posts\/3528\/revisions"}],"predecessor-version":[{"id":3532,"href":"https:\/\/www.tenis-krka.org\/index.php?rest_route=\/wp\/v2\/posts\/3528\/revisions\/3532"}],"wp:attachment":[{"href":"https:\/\/www.tenis-krka.org\/index.php?rest_route=%2Fwp%2Fv2%2Fmedia&parent=3528"}],"wp:term":[{"taxonomy":"category","embeddable":true,"href":"https:\/\/www.tenis-krka.org\/index.php?rest_route=%2Fwp%2Fv2%2Fcategories&post=3528"},{"taxonomy":"post_tag","embeddable":true,"href":"https:\/\/www.tenis-krka.org\/index.php?rest_route=%2Fwp%2Fv2%2Ftags&post=3528"}],"curies":[{"name":"wp","href":"https:\/\/api.w.org\/{rel}","templated":true}]}}