{"id":3385,"date":"2018-03-20T11:19:41","date_gmt":"2018-03-20T09:19:41","guid":{"rendered":"http:\/\/www.tenis-krka.org\/?p=3385"},"modified":"2019-05-27T15:15:56","modified_gmt":"2019-05-27T13:15:56","slug":"priprave-strunjan","status":"publish","type":"post","link":"https:\/\/www.tenis-krka.org\/?p=3385","title":{"rendered":"PRIPRAVE  STRUNJAN"},"content":{"rendered":"<p>PRIPRAVE  TRUNJAN<br \/>\nTK Krka  Oto\u010dec je organiziral 3 dnevne priprave v Strunjanu za otroke teni\u0161ke \u0161ole od 8. leta naprej in tekmovalce.<br \/>\nPriprav  se  je  udele\u017eilo  19 otrok, ki so vklju\u010deni  v Teni\u0161ki  klub  Krka  Oto\u010dec.<br \/>\nOdhod vseh udele\u017eencev kampa v  Strunjan, je bil \u010detrtek, 15. marca 2018, vrnili  so  se  v nedeljo 18. marca  2018.<br \/>\nOsnovni cilj priprav je  bil prilagoditev za igranje na pe\u0161\u010denem igri\u0161\u010du, krepitev klubske  pripadnosti otrok,spoznavanje predtekmovalcev s  tekmovalci, motori\u010dna  priprava, dru\u017eenje in definiranje ciljev za poletno sezono, izdelava na\u010drta tekmovanj in dogovor  za igranje lige do 12 let  in  do 14 let.<\/p>\n<p>Odgovoren in organizator, vodja tabora:Du\u0161an Ho\u010devar<br \/>\nTrenerja: Rok Gabri\u010d in Ur\u0161ka Sila<\/p>\n<p><a href=\"http:\/\/www.tenis-krka.org\/wp-content\/uploads\/2018\/03\/18.3.2018-STRUNJAN.jpg\"><img loading=\"lazy\" decoding=\"async\" src=\"http:\/\/www.tenis-krka.org\/wp-content\/uploads\/2018\/03\/18.3.2018-STRUNJAN-300x224.jpg\" alt=\"\" width=\"300\" height=\"224\" class=\"alignnone size-medium wp-image-3386\" srcset=\"https:\/\/www.tenis-krka.org\/wp-content\/uploads\/2018\/03\/18.3.2018-STRUNJAN-300x224.jpg 300w, https:\/\/www.tenis-krka.org\/wp-content\/uploads\/2018\/03\/18.3.2018-STRUNJAN-768x574.jpg 768w, https:\/\/www.tenis-krka.org\/wp-content\/uploads\/2018\/03\/18.3.2018-STRUNJAN-1024x765.jpg 1024w\" sizes=\"auto, (max-width: 300px) 100vw, 300px\" \/><\/a><\/p>\n<p><a href=\"http:\/\/www.tenis-krka.org\/wp-content\/uploads\/2018\/03\/PRIPRAVE-16.3.2018.jpg\"><img loading=\"lazy\" decoding=\"async\" src=\"http:\/\/www.tenis-krka.org\/wp-content\/uploads\/2018\/03\/PRIPRAVE-16.3.2018-300x224.jpg\" alt=\"\" width=\"300\" height=\"224\" class=\"alignnone size-medium wp-image-3387\" srcset=\"https:\/\/www.tenis-krka.org\/wp-content\/uploads\/2018\/03\/PRIPRAVE-16.3.2018-300x224.jpg 300w, https:\/\/www.tenis-krka.org\/wp-content\/uploads\/2018\/03\/PRIPRAVE-16.3.2018-768x574.jpg 768w, https:\/\/www.tenis-krka.org\/wp-content\/uploads\/2018\/03\/PRIPRAVE-16.3.2018-1024x765.jpg 1024w\" sizes=\"auto, (max-width: 300px) 100vw, 300px\" \/><\/a><\/p>\n","protected":false},"excerpt":{"rendered":"<p>PRIPRAVE TRUNJAN TK Krka Oto\u010dec je organiziral 3 dnevne priprave v Strunjanu za otroke teni\u0161ke \u0161ole od 8. leta naprej in tekmovalce. Priprav se je udele\u017eilo 19 otrok, ki so vklju\u010deni v Teni\u0161ki klub Krka Oto\u010dec. Odhod vseh udele\u017eencev kampa v Strunjan, je bil \u010detrtek, 15. marca 2018, vrnili so se v nedeljo 18. marca [&hellip;]<\/p>\n","protected":false},"author":10,"featured_media":0,"comment_status":"closed","ping_status":"open","sticky":false,"template":"","format":"standard","meta":{"ngg_post_thumbnail":0,"footnotes":""},"categories":[4,31,20,5,7,30,1],"tags":[],"class_list":["post-3385","post","type-post","status-publish","format-standard","hentry","category-dog","category-lige","category-turnirji","category-tekm","category-tsola","category-teniski-kampi","category-uncategorized"],"aioseo_notices":[],"aioseo_head":"\n\t\t<!-- All in One SEO 4.9.10 - aioseo.com -->\n\t<meta name=\"description\" content=\"PRIPRAVE TRUNJAN TK Krka Oto\u010dec je organiziral 3 dnevne priprave v Strunjanu za otroke teni\u0161ke \u0161ole od 8. leta naprej in tekmovalce. Priprav se je udele\u017eilo 19 otrok, ki so vklju\u010deni v Teni\u0161ki klub Krka Oto\u010dec. Odhod vseh udele\u017eencev kampa v Strunjan, je bil \u010detrtek, 15. marca 2018, vrnili so se v nedeljo 18. marca\" \/>\n\t<meta name=\"robots\" content=\"max-image-preview:large\" \/>\n\t<meta name=\"author\" content=\"Ana Ponikvar\"\/>\n\t<link rel=\"canonical\" href=\"https:\/\/www.tenis-krka.org\/?p=3385\" \/>\n\t<meta name=\"generator\" content=\"All in One SEO (AIOSEO) 4.9.10\" \/>\n\t\t<meta property=\"og:locale\" content=\"sl_SI\" \/>\n\t\t<meta property=\"og:site_name\" content=\"Teni\u0161ki klub Krka Oto\u010dec | Vse o klubu, novice, dogodki, rezultati in \u0161e veliko ve\u010d...\" \/>\n\t\t<meta property=\"og:type\" content=\"article\" \/>\n\t\t<meta property=\"og:title\" content=\"PRIPRAVE STRUNJAN | Teni\u0161ki klub Krka Oto\u010dec\" \/>\n\t\t<meta property=\"og:description\" content=\"PRIPRAVE TRUNJAN TK Krka Oto\u010dec je organiziral 3 dnevne priprave v Strunjanu za otroke teni\u0161ke \u0161ole od 8. leta naprej in tekmovalce. Priprav se je udele\u017eilo 19 otrok, ki so vklju\u010deni v Teni\u0161ki klub Krka Oto\u010dec. Odhod vseh udele\u017eencev kampa v Strunjan, je bil \u010detrtek, 15. marca 2018, vrnili so se v nedeljo 18. marca\" \/>\n\t\t<meta property=\"og:url\" content=\"https:\/\/www.tenis-krka.org\/?p=3385\" \/>\n\t\t<meta property=\"article:published_time\" content=\"2018-03-20T09:19:41+00:00\" \/>\n\t\t<meta property=\"article:modified_time\" content=\"2019-05-27T13:15:56+00:00\" \/>\n\t\t<meta name=\"twitter:card\" content=\"summary_large_image\" \/>\n\t\t<meta name=\"twitter:title\" content=\"PRIPRAVE STRUNJAN | Teni\u0161ki klub Krka Oto\u010dec\" \/>\n\t\t<meta name=\"twitter:description\" content=\"PRIPRAVE TRUNJAN TK Krka Oto\u010dec je organiziral 3 dnevne priprave v Strunjanu za otroke teni\u0161ke \u0161ole od 8. leta naprej in tekmovalce. Priprav se je udele\u017eilo 19 otrok, ki so vklju\u010deni v Teni\u0161ki klub Krka Oto\u010dec. Odhod vseh udele\u017eencev kampa v Strunjan, je bil \u010detrtek, 15. marca 2018, vrnili so se v nedeljo 18. marca\" \/>\n\t\t<script type=\"application\/ld+json\" class=\"aioseo-schema\">\n\t\t\t{\"@context\":\"https:\\\/\\\/schema.org\",\"@graph\":[{\"@type\":\"Article\",\"@id\":\"https:\\\/\\\/www.tenis-krka.org\\\/?p=3385#article\",\"name\":\"PRIPRAVE STRUNJAN | Teni\\u0161ki klub Krka Oto\\u010dec\",\"headline\":\"PRIPRAVE  STRUNJAN\",\"author\":{\"@id\":\"https:\\\/\\\/www.tenis-krka.org\\\/?author=10#author\"},\"publisher\":{\"@id\":\"https:\\\/\\\/www.tenis-krka.org\\\/#organization\"},\"image\":{\"@type\":\"ImageObject\",\"url\":\"https:\\\/\\\/www.tenis-krka.org\\\/wp-content\\\/uploads\\\/2018\\\/03\\\/18.3.2018-STRUNJAN.jpg\",\"@id\":\"https:\\\/\\\/www.tenis-krka.org\\\/?p=3385\\\/#articleImage\",\"width\":2592,\"height\":1936},\"datePublished\":\"2018-03-20T11:19:41+02:00\",\"dateModified\":\"2019-05-27T15:15:56+02:00\",\"inLanguage\":\"sl-SI\",\"mainEntityOfPage\":{\"@id\":\"https:\\\/\\\/www.tenis-krka.org\\\/?p=3385#webpage\"},\"isPartOf\":{\"@id\":\"https:\\\/\\\/www.tenis-krka.org\\\/?p=3385#webpage\"},\"articleSection\":\"Dogodki, Lige, Organizacija turnirjev, Tekmovanja, Teni\\u0161ka \\u0161ola, Teni\\u0161ki kampi, Uncategorized\"},{\"@type\":\"BreadcrumbList\",\"@id\":\"https:\\\/\\\/www.tenis-krka.org\\\/?p=3385#breadcrumblist\",\"itemListElement\":[{\"@type\":\"ListItem\",\"@id\":\"https:\\\/\\\/www.tenis-krka.org#listItem\",\"position\":1,\"name\":\"Domov\",\"item\":\"https:\\\/\\\/www.tenis-krka.org\",\"nextItem\":{\"@type\":\"ListItem\",\"@id\":\"https:\\\/\\\/www.tenis-krka.org\\\/?cat=1#listItem\",\"name\":\"Uncategorized\"}},{\"@type\":\"ListItem\",\"@id\":\"https:\\\/\\\/www.tenis-krka.org\\\/?cat=1#listItem\",\"position\":2,\"name\":\"Uncategorized\",\"item\":\"https:\\\/\\\/www.tenis-krka.org\\\/?cat=1\",\"nextItem\":{\"@type\":\"ListItem\",\"@id\":\"https:\\\/\\\/www.tenis-krka.org\\\/?p=3385#listItem\",\"name\":\"PRIPRAVE  STRUNJAN\"},\"previousItem\":{\"@type\":\"ListItem\",\"@id\":\"https:\\\/\\\/www.tenis-krka.org#listItem\",\"name\":\"Domov\"}},{\"@type\":\"ListItem\",\"@id\":\"https:\\\/\\\/www.tenis-krka.org\\\/?p=3385#listItem\",\"position\":3,\"name\":\"PRIPRAVE  STRUNJAN\",\"previousItem\":{\"@type\":\"ListItem\",\"@id\":\"https:\\\/\\\/www.tenis-krka.org\\\/?cat=1#listItem\",\"name\":\"Uncategorized\"}}]},{\"@type\":\"Organization\",\"@id\":\"https:\\\/\\\/www.tenis-krka.org\\\/#organization\",\"name\":\"Teni\\u0161ki klub Krka Oto\\u010dec\",\"description\":\"Vse o klubu, novice, dogodki, rezultati in \\u0161e veliko ve\\u010d...\",\"url\":\"https:\\\/\\\/www.tenis-krka.org\\\/\"},{\"@type\":\"Person\",\"@id\":\"https:\\\/\\\/www.tenis-krka.org\\\/?author=10#author\",\"url\":\"https:\\\/\\\/www.tenis-krka.org\\\/?author=10\",\"name\":\"Ana Ponikvar\",\"image\":{\"@type\":\"ImageObject\",\"@id\":\"https:\\\/\\\/www.tenis-krka.org\\\/?p=3385#authorImage\",\"url\":\"https:\\\/\\\/secure.gravatar.com\\\/avatar\\\/3f77537b836fe0763acec1e7ffc24bcee1a998feea954c5e751bdaa0776a7f5c?s=96&d=mm&r=g\",\"width\":96,\"height\":96,\"caption\":\"Ana Ponikvar\"}},{\"@type\":\"WebPage\",\"@id\":\"https:\\\/\\\/www.tenis-krka.org\\\/?p=3385#webpage\",\"url\":\"https:\\\/\\\/www.tenis-krka.org\\\/?p=3385\",\"name\":\"PRIPRAVE STRUNJAN | Teni\\u0161ki klub Krka Oto\\u010dec\",\"description\":\"PRIPRAVE TRUNJAN TK Krka Oto\\u010dec je organiziral 3 dnevne priprave v Strunjanu za otroke teni\\u0161ke \\u0161ole od 8. leta naprej in tekmovalce. Priprav se je udele\\u017eilo 19 otrok, ki so vklju\\u010deni v Teni\\u0161ki klub Krka Oto\\u010dec. Odhod vseh udele\\u017eencev kampa v Strunjan, je bil \\u010detrtek, 15. marca 2018, vrnili so se v nedeljo 18. marca\",\"inLanguage\":\"sl-SI\",\"isPartOf\":{\"@id\":\"https:\\\/\\\/www.tenis-krka.org\\\/#website\"},\"breadcrumb\":{\"@id\":\"https:\\\/\\\/www.tenis-krka.org\\\/?p=3385#breadcrumblist\"},\"author\":{\"@id\":\"https:\\\/\\\/www.tenis-krka.org\\\/?author=10#author\"},\"creator\":{\"@id\":\"https:\\\/\\\/www.tenis-krka.org\\\/?author=10#author\"},\"datePublished\":\"2018-03-20T11:19:41+02:00\",\"dateModified\":\"2019-05-27T15:15:56+02:00\"},{\"@type\":\"WebSite\",\"@id\":\"https:\\\/\\\/www.tenis-krka.org\\\/#website\",\"url\":\"https:\\\/\\\/www.tenis-krka.org\\\/\",\"name\":\"Teni\\u0161ki klub Krka Oto\\u010dec\",\"description\":\"Vse o klubu, novice, dogodki, rezultati in \\u0161e veliko ve\\u010d...\",\"inLanguage\":\"sl-SI\",\"publisher\":{\"@id\":\"https:\\\/\\\/www.tenis-krka.org\\\/#organization\"}}]}\n\t\t<\/script>\n\t\t<!-- All in One SEO -->\n\n","aioseo_head_json":{"title":"PRIPRAVE STRUNJAN | Teni\u0161ki klub Krka Oto\u010dec","description":"PRIPRAVE TRUNJAN TK Krka Oto\u010dec je organiziral 3 dnevne priprave v Strunjanu za otroke teni\u0161ke \u0161ole od 8. leta naprej in tekmovalce. Priprav se je udele\u017eilo 19 otrok, ki so vklju\u010deni v Teni\u0161ki klub Krka Oto\u010dec. Odhod vseh udele\u017eencev kampa v Strunjan, je bil \u010detrtek, 15. marca 2018, vrnili so se v nedeljo 18. marca","canonical_url":"https:\/\/www.tenis-krka.org\/?p=3385","robots":"max-image-preview:large","keywords":"","webmasterTools":{"miscellaneous":""},"schema":{"@context":"https:\/\/schema.org","@graph":[{"@type":"Article","@id":"https:\/\/www.tenis-krka.org\/?p=3385#article","name":"PRIPRAVE STRUNJAN | Teni\u0161ki klub Krka Oto\u010dec","headline":"PRIPRAVE  STRUNJAN","author":{"@id":"https:\/\/www.tenis-krka.org\/?author=10#author"},"publisher":{"@id":"https:\/\/www.tenis-krka.org\/#organization"},"image":{"@type":"ImageObject","url":"https:\/\/www.tenis-krka.org\/wp-content\/uploads\/2018\/03\/18.3.2018-STRUNJAN.jpg","@id":"https:\/\/www.tenis-krka.org\/?p=3385\/#articleImage","width":2592,"height":1936},"datePublished":"2018-03-20T11:19:41+02:00","dateModified":"2019-05-27T15:15:56+02:00","inLanguage":"sl-SI","mainEntityOfPage":{"@id":"https:\/\/www.tenis-krka.org\/?p=3385#webpage"},"isPartOf":{"@id":"https:\/\/www.tenis-krka.org\/?p=3385#webpage"},"articleSection":"Dogodki, Lige, Organizacija turnirjev, Tekmovanja, Teni\u0161ka \u0161ola, Teni\u0161ki kampi, Uncategorized"},{"@type":"BreadcrumbList","@id":"https:\/\/www.tenis-krka.org\/?p=3385#breadcrumblist","itemListElement":[{"@type":"ListItem","@id":"https:\/\/www.tenis-krka.org#listItem","position":1,"name":"Domov","item":"https:\/\/www.tenis-krka.org","nextItem":{"@type":"ListItem","@id":"https:\/\/www.tenis-krka.org\/?cat=1#listItem","name":"Uncategorized"}},{"@type":"ListItem","@id":"https:\/\/www.tenis-krka.org\/?cat=1#listItem","position":2,"name":"Uncategorized","item":"https:\/\/www.tenis-krka.org\/?cat=1","nextItem":{"@type":"ListItem","@id":"https:\/\/www.tenis-krka.org\/?p=3385#listItem","name":"PRIPRAVE  STRUNJAN"},"previousItem":{"@type":"ListItem","@id":"https:\/\/www.tenis-krka.org#listItem","name":"Domov"}},{"@type":"ListItem","@id":"https:\/\/www.tenis-krka.org\/?p=3385#listItem","position":3,"name":"PRIPRAVE  STRUNJAN","previousItem":{"@type":"ListItem","@id":"https:\/\/www.tenis-krka.org\/?cat=1#listItem","name":"Uncategorized"}}]},{"@type":"Organization","@id":"https:\/\/www.tenis-krka.org\/#organization","name":"Teni\u0161ki klub Krka Oto\u010dec","description":"Vse o klubu, novice, dogodki, rezultati in \u0161e veliko ve\u010d...","url":"https:\/\/www.tenis-krka.org\/"},{"@type":"Person","@id":"https:\/\/www.tenis-krka.org\/?author=10#author","url":"https:\/\/www.tenis-krka.org\/?author=10","name":"Ana Ponikvar","image":{"@type":"ImageObject","@id":"https:\/\/www.tenis-krka.org\/?p=3385#authorImage","url":"https:\/\/secure.gravatar.com\/avatar\/3f77537b836fe0763acec1e7ffc24bcee1a998feea954c5e751bdaa0776a7f5c?s=96&d=mm&r=g","width":96,"height":96,"caption":"Ana Ponikvar"}},{"@type":"WebPage","@id":"https:\/\/www.tenis-krka.org\/?p=3385#webpage","url":"https:\/\/www.tenis-krka.org\/?p=3385","name":"PRIPRAVE STRUNJAN | Teni\u0161ki klub Krka Oto\u010dec","description":"PRIPRAVE TRUNJAN TK Krka Oto\u010dec je organiziral 3 dnevne priprave v Strunjanu za otroke teni\u0161ke \u0161ole od 8. leta naprej in tekmovalce. Priprav se je udele\u017eilo 19 otrok, ki so vklju\u010deni v Teni\u0161ki klub Krka Oto\u010dec. Odhod vseh udele\u017eencev kampa v Strunjan, je bil \u010detrtek, 15. marca 2018, vrnili so se v nedeljo 18. marca","inLanguage":"sl-SI","isPartOf":{"@id":"https:\/\/www.tenis-krka.org\/#website"},"breadcrumb":{"@id":"https:\/\/www.tenis-krka.org\/?p=3385#breadcrumblist"},"author":{"@id":"https:\/\/www.tenis-krka.org\/?author=10#author"},"creator":{"@id":"https:\/\/www.tenis-krka.org\/?author=10#author"},"datePublished":"2018-03-20T11:19:41+02:00","dateModified":"2019-05-27T15:15:56+02:00"},{"@type":"WebSite","@id":"https:\/\/www.tenis-krka.org\/#website","url":"https:\/\/www.tenis-krka.org\/","name":"Teni\u0161ki klub Krka Oto\u010dec","description":"Vse o klubu, novice, dogodki, rezultati in \u0161e veliko ve\u010d...","inLanguage":"sl-SI","publisher":{"@id":"https:\/\/www.tenis-krka.org\/#organization"}}]},"og:locale":"sl_SI","og:site_name":"Teni\u0161ki klub Krka Oto\u010dec | Vse o klubu, novice, dogodki, rezultati in \u0161e veliko ve\u010d...","og:type":"article","og:title":"PRIPRAVE STRUNJAN | Teni\u0161ki klub Krka Oto\u010dec","og:description":"PRIPRAVE TRUNJAN TK Krka Oto\u010dec je organiziral 3 dnevne priprave v Strunjanu za otroke teni\u0161ke \u0161ole od 8. leta naprej in tekmovalce. Priprav se je udele\u017eilo 19 otrok, ki so vklju\u010deni v Teni\u0161ki klub Krka Oto\u010dec. Odhod vseh udele\u017eencev kampa v Strunjan, je bil \u010detrtek, 15. marca 2018, vrnili so se v nedeljo 18. marca","og:url":"https:\/\/www.tenis-krka.org\/?p=3385","article:published_time":"2018-03-20T09:19:41+00:00","article:modified_time":"2019-05-27T13:15:56+00:00","twitter:card":"summary_large_image","twitter:title":"PRIPRAVE STRUNJAN | Teni\u0161ki klub Krka Oto\u010dec","twitter:description":"PRIPRAVE TRUNJAN TK Krka Oto\u010dec je organiziral 3 dnevne priprave v Strunjanu za otroke teni\u0161ke \u0161ole od 8. leta naprej in tekmovalce. Priprav se je udele\u017eilo 19 otrok, ki so vklju\u010deni v Teni\u0161ki klub Krka Oto\u010dec. Odhod vseh udele\u017eencev kampa v Strunjan, je bil \u010detrtek, 15. marca 2018, vrnili so se v nedeljo 18. marca"},"aioseo_meta_data":{"post_id":"3385","title":null,"description":null,"keywords":null,"keyphrases":null,"primary_term":null,"canonical_url":null,"og_title":null,"og_description":null,"og_object_type":"default","og_image_type":"default","og_image_url":null,"og_image_width":null,"og_image_height":null,"og_image_custom_url":null,"og_image_custom_fields":null,"og_video":null,"og_custom_url":null,"og_article_section":null,"og_article_tags":null,"twitter_use_og":false,"twitter_card":"default","twitter_image_type":"default","twitter_image_url":null,"twitter_image_custom_url":null,"twitter_image_custom_fields":null,"twitter_title":null,"twitter_description":null,"schema":{"blockGraphs":[],"customGraphs":[],"default":{"data":{"Article":[],"Course":[],"Dataset":[],"FAQPage":[],"Movie":[],"Person":[],"Product":[],"ProductReview":[],"Car":[],"Recipe":[],"Service":[],"SoftwareApplication":[],"WebPage":[]},"graphName":"","isEnabled":true},"graphs":[]},"schema_type":"default","schema_type_options":null,"pillar_content":false,"robots_default":true,"robots_noindex":false,"robots_noarchive":false,"robots_nosnippet":false,"robots_nofollow":false,"robots_noimageindex":false,"robots_noodp":false,"robots_notranslate":false,"robots_max_snippet":null,"robots_max_videopreview":null,"robots_max_imagepreview":"large","priority":null,"frequency":null,"local_seo":null,"breadcrumb_settings":null,"limit_modified_date":false,"ai":null,"created":"2024-08-30 08:46:56","updated":"2025-10-22 06:00:48","seo_analyzer_scan_date":null},"aioseo_breadcrumb":"<div class=\"aioseo-breadcrumbs\"><span class=\"aioseo-breadcrumb\">\n\t\t\t<a href=\"https:\/\/www.tenis-krka.org\" title=\"Domov\">Domov<\/a>\n\t\t<\/span><span class=\"aioseo-breadcrumb-separator\">&raquo;<\/span><span class=\"aioseo-breadcrumb\">\n\t\t\t<a href=\"https:\/\/www.tenis-krka.org\/?cat=1\" title=\"Uncategorized\">Uncategorized<\/a>\n\t\t<\/span><span class=\"aioseo-breadcrumb-separator\">&raquo;<\/span><span class=\"aioseo-breadcrumb\">\n\t\t\tPRIPRAVE  STRUNJAN\n\t\t<\/span><\/div>","aioseo_breadcrumb_json":[{"label":"Domov","link":"https:\/\/www.tenis-krka.org"},{"label":"Uncategorized","link":"https:\/\/www.tenis-krka.org\/?cat=1"},{"label":"PRIPRAVE  STRUNJAN","link":"https:\/\/www.tenis-krka.org\/?p=3385"}],"_links":{"self":[{"href":"https:\/\/www.tenis-krka.org\/index.php?rest_route=\/wp\/v2\/posts\/3385","targetHints":{"allow":["GET"]}}],"collection":[{"href":"https:\/\/www.tenis-krka.org\/index.php?rest_route=\/wp\/v2\/posts"}],"about":[{"href":"https:\/\/www.tenis-krka.org\/index.php?rest_route=\/wp\/v2\/types\/post"}],"author":[{"embeddable":true,"href":"https:\/\/www.tenis-krka.org\/index.php?rest_route=\/wp\/v2\/users\/10"}],"replies":[{"embeddable":true,"href":"https:\/\/www.tenis-krka.org\/index.php?rest_route=%2Fwp%2Fv2%2Fcomments&post=3385"}],"version-history":[{"count":1,"href":"https:\/\/www.tenis-krka.org\/index.php?rest_route=\/wp\/v2\/posts\/3385\/revisions"}],"predecessor-version":[{"id":3388,"href":"https:\/\/www.tenis-krka.org\/index.php?rest_route=\/wp\/v2\/posts\/3385\/revisions\/3388"}],"wp:attachment":[{"href":"https:\/\/www.tenis-krka.org\/index.php?rest_route=%2Fwp%2Fv2%2Fmedia&parent=3385"}],"wp:term":[{"taxonomy":"category","embeddable":true,"href":"https:\/\/www.tenis-krka.org\/index.php?rest_route=%2Fwp%2Fv2%2Fcategories&post=3385"},{"taxonomy":"post_tag","embeddable":true,"href":"https:\/\/www.tenis-krka.org\/index.php?rest_route=%2Fwp%2Fv2%2Ftags&post=3385"}],"curies":[{"name":"wp","href":"https:\/\/api.w.org\/{rel}","templated":true}]}}