{"id":3321,"date":"2017-12-02T23:32:12","date_gmt":"2017-12-02T21:32:12","guid":{"rendered":"http:\/\/www.tenis-krka.org\/?p=3321"},"modified":"2019-05-27T15:15:56","modified_gmt":"2019-05-27T13:15:56","slug":"eddie-herr-itf-1-rang-bradenton-florida","status":"publish","type":"post","link":"https:\/\/www.tenis-krka.org\/?p=3321","title":{"rendered":"EDDIE HERR ITF 1. RANG BRADENTON FLORIDA"},"content":{"rendered":"<p>EDDIE HERR ITF 1. RANG BRADENTON FLORIDA<\/p>\n<p>\u010clanica\u00a0 TK KRKA Oto\u010dec, 15-letna \u017diva FALKNER, je od\u00a0 20.\u00a0 do\u00a0 30. novembra 2017 nastopala\u00a0 na\u00a0 ITF turnirju 1. ranga\u00a0 v\u00a0 Brandentonu\u00a0 na\u00a0 Floridi. Z uvrstitvijo v \u010detrtfinale je dosegla uspeh kariere. V osmini finala je s 6-4, 6-4 premagala 17-letno doma\u010dinko Angelico BLAKE (376), ki je v glavnem turnirju nastopila s posebnim povabilom. Za \u017divo je to peta zmaga na turnirju, trikrat je zmagala \u017ee v kvalifikacijah. V \u010detrtfinalu jo je \u010dakalo te\u017eko delo, saj ji je nasproti stala 63. mladinka sveta, 16-letna Francozinja Yasmine MANSOURI. Obe igralki sta na zadnjih desetih tekmah zmagali po osemkrat in zabele\u017eili le po dva poraza, tudi za Francozinjo pa je bil naporen teden, saj je vsa tri uvodna sre\u010danja dobila po odigranih treh nizih.<\/p>\n<p>\u010cETRTFINALE EDDIE HERR BRADENTON ITF, 1.RANG<\/p>\n<p>\u017diva- Mansouri(fra)<\/p>\n<p>75,46,16<\/p>\n<p>Po te\u017eki borbi je \u017diva klonila proti Francozinji , vendar je\u00a0 dosegla\u00a0 vrhunski rezultat.\u00a0To\u00a0 je\u00a0 tudi \u00a0najvi\u0161ji\u00a0 uspeh\u00a0 v zgodovini\u00a0 TK Krka\u00a0 Oto\u010dec.<\/p>\n<p>BRAVO \u017dIVA!<\/p>\n<p>Gremo naprej na Orange Bowl&#8230;.<\/p>\n<p>&nbsp;<\/p>\n\n\t\t<style>\n\t\t\t#gallery-1 {\n\t\t\t\tmargin: auto;\n\t\t\t}\n\t\t\t#gallery-1 .gallery-item {\n\t\t\t\tfloat: left;\n\t\t\t\tmargin-top: 10px;\n\t\t\t\ttext-align: center;\n\t\t\t\twidth: 33%;\n\t\t\t}\n\t\t\t#gallery-1 img {\n\t\t\t\tborder: 2px solid #cfcfcf;\n\t\t\t}\n\t\t\t#gallery-1 .gallery-caption {\n\t\t\t\tmargin-left: 0;\n\t\t\t}\n\t\t\t\/* see gallery_shortcode() in wp-includes\/media.php *\/\n\t\t<\/style>\n\t\t<div id='gallery-1' class='gallery galleryid-3321 gallery-columns-3 gallery-size-thumbnail'><dl class='gallery-item'>\n\t\t\t<dt class='gallery-icon portrait'>\n\t\t\t\t<a href='https:\/\/www.tenis-krka.org\/?attachment_id=3322'><img loading=\"lazy\" decoding=\"async\" width=\"150\" height=\"150\" src=\"https:\/\/www.tenis-krka.org\/wp-content\/uploads\/2017\/12\/GORDAN-IN-\u017dIVA-150x150.jpg\" class=\"attachment-thumbnail size-thumbnail\" alt=\"\" aria-describedby=\"gallery-1-3322\" \/><\/a>\n\t\t\t<\/dt>\n\t\t\t\t<dd class='wp-caption-text gallery-caption' id='gallery-1-3322'>\n\t\t\t\t\u017dIVA  IN  TRENER  GORDAN\n\t\t\t\t<\/dd><\/dl><dl class='gallery-item'>\n\t\t\t<dt class='gallery-icon portrait'>\n\t\t\t\t<a href='https:\/\/www.tenis-krka.org\/?attachment_id=3323'><img loading=\"lazy\" decoding=\"async\" width=\"150\" height=\"150\" src=\"https:\/\/www.tenis-krka.org\/wp-content\/uploads\/2017\/12\/\u017dIVA-1-150x150.jpg\" class=\"attachment-thumbnail size-thumbnail\" alt=\"\" aria-describedby=\"gallery-1-3323\" \/><\/a>\n\t\t\t<\/dt>\n\t\t\t\t<dd class='wp-caption-text gallery-caption' id='gallery-1-3323'>\n\t\t\t\t\u017dIVA Z  OSTALIMI\n\t\t\t\t<\/dd><\/dl><dl class='gallery-item'>\n\t\t\t<dt class='gallery-icon portrait'>\n\t\t\t\t<a href='https:\/\/www.tenis-krka.org\/?attachment_id=3324'><img loading=\"lazy\" decoding=\"async\" width=\"150\" height=\"150\" src=\"https:\/\/www.tenis-krka.org\/wp-content\/uploads\/2017\/12\/\u017dIVA-150x150.jpg\" class=\"attachment-thumbnail size-thumbnail\" alt=\"\" aria-describedby=\"gallery-1-3324\" \/><\/a>\n\t\t\t<\/dt>\n\t\t\t\t<dd class='wp-caption-text gallery-caption' id='gallery-1-3324'>\n\t\t\t\t\u017dIVA\n\t\t\t\t<\/dd><\/dl><br style=\"clear: both\" \/>\n\t\t<\/div>\n\n<p>&nbsp;<\/p>\n<p>&nbsp;<\/p>\n<p>&nbsp;<\/p>\n","protected":false},"excerpt":{"rendered":"<p>EDDIE HERR ITF 1. RANG BRADENTON FLORIDA \u010clanica\u00a0 TK KRKA Oto\u010dec, 15-letna \u017diva FALKNER, je od\u00a0 20.\u00a0 do\u00a0 30. novembra 2017 nastopala\u00a0 na\u00a0 ITF turnirju 1. ranga\u00a0 v\u00a0 Brandentonu\u00a0 na\u00a0 Floridi. Z uvrstitvijo v \u010detrtfinale je dosegla uspeh kariere. V osmini finala je s 6-4, 6-4 premagala 17-letno doma\u010dinko Angelico BLAKE (376), ki je v [&hellip;]<\/p>\n","protected":false},"author":10,"featured_media":0,"comment_status":"closed","ping_status":"open","sticky":false,"template":"","format":"standard","meta":{"ngg_post_thumbnail":0,"footnotes":""},"categories":[4,31,6,5,1],"tags":[],"class_list":["post-3321","post","type-post","status-publish","format-standard","hentry","category-dog","category-lige","category-rezult","category-tekm","category-uncategorized"],"aioseo_notices":[],"aioseo_head":"\n\t\t<!-- All in One SEO 4.9.10 - aioseo.com -->\n\t<meta name=\"description\" content=\"EDDIE HERR ITF 1. RANG BRADENTON FLORIDA \u010clanica TK KRKA Oto\u010dec, 15-letna \u017diva FALKNER, je od 20. do 30. novembra 2017 nastopala na ITF turnirju 1. ranga v Brandentonu na Floridi. Z uvrstitvijo v \u010detrtfinale je dosegla uspeh kariere. V osmini finala je s 6-4, 6-4 premagala 17-letno doma\u010dinko Angelico BLAKE (376), ki je v\" \/>\n\t<meta name=\"robots\" content=\"max-image-preview:large\" \/>\n\t<meta name=\"author\" content=\"Ana Ponikvar\"\/>\n\t<link rel=\"canonical\" href=\"https:\/\/www.tenis-krka.org\/?p=3321\" \/>\n\t<meta name=\"generator\" content=\"All in One SEO (AIOSEO) 4.9.10\" \/>\n\t\t<meta property=\"og:locale\" content=\"sl_SI\" \/>\n\t\t<meta property=\"og:site_name\" content=\"Teni\u0161ki klub Krka Oto\u010dec | Vse o klubu, novice, dogodki, rezultati in \u0161e veliko ve\u010d...\" \/>\n\t\t<meta property=\"og:type\" content=\"article\" \/>\n\t\t<meta property=\"og:title\" content=\"EDDIE HERR ITF 1. RANG BRADENTON FLORIDA | Teni\u0161ki klub Krka Oto\u010dec\" \/>\n\t\t<meta property=\"og:description\" content=\"EDDIE HERR ITF 1. RANG BRADENTON FLORIDA \u010clanica TK KRKA Oto\u010dec, 15-letna \u017diva FALKNER, je od 20. do 30. novembra 2017 nastopala na ITF turnirju 1. ranga v Brandentonu na Floridi. Z uvrstitvijo v \u010detrtfinale je dosegla uspeh kariere. V osmini finala je s 6-4, 6-4 premagala 17-letno doma\u010dinko Angelico BLAKE (376), ki je v\" \/>\n\t\t<meta property=\"og:url\" content=\"https:\/\/www.tenis-krka.org\/?p=3321\" \/>\n\t\t<meta property=\"article:published_time\" content=\"2017-12-02T21:32:12+00:00\" \/>\n\t\t<meta property=\"article:modified_time\" content=\"2019-05-27T13:15:56+00:00\" \/>\n\t\t<meta name=\"twitter:card\" content=\"summary_large_image\" \/>\n\t\t<meta name=\"twitter:title\" content=\"EDDIE HERR ITF 1. RANG BRADENTON FLORIDA | Teni\u0161ki klub Krka Oto\u010dec\" \/>\n\t\t<meta name=\"twitter:description\" content=\"EDDIE HERR ITF 1. RANG BRADENTON FLORIDA \u010clanica TK KRKA Oto\u010dec, 15-letna \u017diva FALKNER, je od 20. do 30. novembra 2017 nastopala na ITF turnirju 1. ranga v Brandentonu na Floridi. Z uvrstitvijo v \u010detrtfinale je dosegla uspeh kariere. V osmini finala je s 6-4, 6-4 premagala 17-letno doma\u010dinko Angelico BLAKE (376), ki je v\" \/>\n\t\t<script type=\"application\/ld+json\" class=\"aioseo-schema\">\n\t\t\t{\"@context\":\"https:\\\/\\\/schema.org\",\"@graph\":[{\"@type\":\"Article\",\"@id\":\"https:\\\/\\\/www.tenis-krka.org\\\/?p=3321#article\",\"name\":\"EDDIE HERR ITF 1. RANG BRADENTON FLORIDA | Teni\\u0161ki klub Krka Oto\\u010dec\",\"headline\":\"EDDIE HERR ITF 1. RANG BRADENTON FLORIDA\",\"author\":{\"@id\":\"https:\\\/\\\/www.tenis-krka.org\\\/?author=10#author\"},\"publisher\":{\"@id\":\"https:\\\/\\\/www.tenis-krka.org\\\/#organization\"},\"datePublished\":\"2017-12-02T23:32:12+02:00\",\"dateModified\":\"2019-05-27T15:15:56+02:00\",\"inLanguage\":\"sl-SI\",\"mainEntityOfPage\":{\"@id\":\"https:\\\/\\\/www.tenis-krka.org\\\/?p=3321#webpage\"},\"isPartOf\":{\"@id\":\"https:\\\/\\\/www.tenis-krka.org\\\/?p=3321#webpage\"},\"articleSection\":\"Dogodki, Lige, Rezultati, Tekmovanja, Uncategorized\"},{\"@type\":\"BreadcrumbList\",\"@id\":\"https:\\\/\\\/www.tenis-krka.org\\\/?p=3321#breadcrumblist\",\"itemListElement\":[{\"@type\":\"ListItem\",\"@id\":\"https:\\\/\\\/www.tenis-krka.org#listItem\",\"position\":1,\"name\":\"Domov\",\"item\":\"https:\\\/\\\/www.tenis-krka.org\",\"nextItem\":{\"@type\":\"ListItem\",\"@id\":\"https:\\\/\\\/www.tenis-krka.org\\\/?cat=1#listItem\",\"name\":\"Uncategorized\"}},{\"@type\":\"ListItem\",\"@id\":\"https:\\\/\\\/www.tenis-krka.org\\\/?cat=1#listItem\",\"position\":2,\"name\":\"Uncategorized\",\"item\":\"https:\\\/\\\/www.tenis-krka.org\\\/?cat=1\",\"nextItem\":{\"@type\":\"ListItem\",\"@id\":\"https:\\\/\\\/www.tenis-krka.org\\\/?p=3321#listItem\",\"name\":\"EDDIE HERR ITF 1. RANG BRADENTON FLORIDA\"},\"previousItem\":{\"@type\":\"ListItem\",\"@id\":\"https:\\\/\\\/www.tenis-krka.org#listItem\",\"name\":\"Domov\"}},{\"@type\":\"ListItem\",\"@id\":\"https:\\\/\\\/www.tenis-krka.org\\\/?p=3321#listItem\",\"position\":3,\"name\":\"EDDIE HERR ITF 1. RANG BRADENTON FLORIDA\",\"previousItem\":{\"@type\":\"ListItem\",\"@id\":\"https:\\\/\\\/www.tenis-krka.org\\\/?cat=1#listItem\",\"name\":\"Uncategorized\"}}]},{\"@type\":\"Organization\",\"@id\":\"https:\\\/\\\/www.tenis-krka.org\\\/#organization\",\"name\":\"Teni\\u0161ki klub Krka Oto\\u010dec\",\"description\":\"Vse o klubu, novice, dogodki, rezultati in \\u0161e veliko ve\\u010d...\",\"url\":\"https:\\\/\\\/www.tenis-krka.org\\\/\"},{\"@type\":\"Person\",\"@id\":\"https:\\\/\\\/www.tenis-krka.org\\\/?author=10#author\",\"url\":\"https:\\\/\\\/www.tenis-krka.org\\\/?author=10\",\"name\":\"Ana Ponikvar\",\"image\":{\"@type\":\"ImageObject\",\"@id\":\"https:\\\/\\\/www.tenis-krka.org\\\/?p=3321#authorImage\",\"url\":\"https:\\\/\\\/secure.gravatar.com\\\/avatar\\\/3f77537b836fe0763acec1e7ffc24bcee1a998feea954c5e751bdaa0776a7f5c?s=96&d=mm&r=g\",\"width\":96,\"height\":96,\"caption\":\"Ana Ponikvar\"}},{\"@type\":\"WebPage\",\"@id\":\"https:\\\/\\\/www.tenis-krka.org\\\/?p=3321#webpage\",\"url\":\"https:\\\/\\\/www.tenis-krka.org\\\/?p=3321\",\"name\":\"EDDIE HERR ITF 1. RANG BRADENTON FLORIDA | Teni\\u0161ki klub Krka Oto\\u010dec\",\"description\":\"EDDIE HERR ITF 1. RANG BRADENTON FLORIDA \\u010clanica TK KRKA Oto\\u010dec, 15-letna \\u017diva FALKNER, je od 20. do 30. novembra 2017 nastopala na ITF turnirju 1. ranga v Brandentonu na Floridi. Z uvrstitvijo v \\u010detrtfinale je dosegla uspeh kariere. V osmini finala je s 6-4, 6-4 premagala 17-letno doma\\u010dinko Angelico BLAKE (376), ki je v\",\"inLanguage\":\"sl-SI\",\"isPartOf\":{\"@id\":\"https:\\\/\\\/www.tenis-krka.org\\\/#website\"},\"breadcrumb\":{\"@id\":\"https:\\\/\\\/www.tenis-krka.org\\\/?p=3321#breadcrumblist\"},\"author\":{\"@id\":\"https:\\\/\\\/www.tenis-krka.org\\\/?author=10#author\"},\"creator\":{\"@id\":\"https:\\\/\\\/www.tenis-krka.org\\\/?author=10#author\"},\"datePublished\":\"2017-12-02T23:32:12+02:00\",\"dateModified\":\"2019-05-27T15:15:56+02:00\"},{\"@type\":\"WebSite\",\"@id\":\"https:\\\/\\\/www.tenis-krka.org\\\/#website\",\"url\":\"https:\\\/\\\/www.tenis-krka.org\\\/\",\"name\":\"Teni\\u0161ki klub Krka Oto\\u010dec\",\"description\":\"Vse o klubu, novice, dogodki, rezultati in \\u0161e veliko ve\\u010d...\",\"inLanguage\":\"sl-SI\",\"publisher\":{\"@id\":\"https:\\\/\\\/www.tenis-krka.org\\\/#organization\"}}]}\n\t\t<\/script>\n\t\t<!-- All in One SEO -->\n\n","aioseo_head_json":{"title":"EDDIE HERR ITF 1. RANG BRADENTON FLORIDA | Teni\u0161ki klub Krka Oto\u010dec","description":"EDDIE HERR ITF 1. RANG BRADENTON FLORIDA \u010clanica TK KRKA Oto\u010dec, 15-letna \u017diva FALKNER, je od 20. do 30. novembra 2017 nastopala na ITF turnirju 1. ranga v Brandentonu na Floridi. Z uvrstitvijo v \u010detrtfinale je dosegla uspeh kariere. V osmini finala je s 6-4, 6-4 premagala 17-letno doma\u010dinko Angelico BLAKE (376), ki je v","canonical_url":"https:\/\/www.tenis-krka.org\/?p=3321","robots":"max-image-preview:large","keywords":"","webmasterTools":{"miscellaneous":""},"schema":{"@context":"https:\/\/schema.org","@graph":[{"@type":"Article","@id":"https:\/\/www.tenis-krka.org\/?p=3321#article","name":"EDDIE HERR ITF 1. RANG BRADENTON FLORIDA | Teni\u0161ki klub Krka Oto\u010dec","headline":"EDDIE HERR ITF 1. RANG BRADENTON FLORIDA","author":{"@id":"https:\/\/www.tenis-krka.org\/?author=10#author"},"publisher":{"@id":"https:\/\/www.tenis-krka.org\/#organization"},"datePublished":"2017-12-02T23:32:12+02:00","dateModified":"2019-05-27T15:15:56+02:00","inLanguage":"sl-SI","mainEntityOfPage":{"@id":"https:\/\/www.tenis-krka.org\/?p=3321#webpage"},"isPartOf":{"@id":"https:\/\/www.tenis-krka.org\/?p=3321#webpage"},"articleSection":"Dogodki, Lige, Rezultati, Tekmovanja, Uncategorized"},{"@type":"BreadcrumbList","@id":"https:\/\/www.tenis-krka.org\/?p=3321#breadcrumblist","itemListElement":[{"@type":"ListItem","@id":"https:\/\/www.tenis-krka.org#listItem","position":1,"name":"Domov","item":"https:\/\/www.tenis-krka.org","nextItem":{"@type":"ListItem","@id":"https:\/\/www.tenis-krka.org\/?cat=1#listItem","name":"Uncategorized"}},{"@type":"ListItem","@id":"https:\/\/www.tenis-krka.org\/?cat=1#listItem","position":2,"name":"Uncategorized","item":"https:\/\/www.tenis-krka.org\/?cat=1","nextItem":{"@type":"ListItem","@id":"https:\/\/www.tenis-krka.org\/?p=3321#listItem","name":"EDDIE HERR ITF 1. RANG BRADENTON FLORIDA"},"previousItem":{"@type":"ListItem","@id":"https:\/\/www.tenis-krka.org#listItem","name":"Domov"}},{"@type":"ListItem","@id":"https:\/\/www.tenis-krka.org\/?p=3321#listItem","position":3,"name":"EDDIE HERR ITF 1. RANG BRADENTON FLORIDA","previousItem":{"@type":"ListItem","@id":"https:\/\/www.tenis-krka.org\/?cat=1#listItem","name":"Uncategorized"}}]},{"@type":"Organization","@id":"https:\/\/www.tenis-krka.org\/#organization","name":"Teni\u0161ki klub Krka Oto\u010dec","description":"Vse o klubu, novice, dogodki, rezultati in \u0161e veliko ve\u010d...","url":"https:\/\/www.tenis-krka.org\/"},{"@type":"Person","@id":"https:\/\/www.tenis-krka.org\/?author=10#author","url":"https:\/\/www.tenis-krka.org\/?author=10","name":"Ana Ponikvar","image":{"@type":"ImageObject","@id":"https:\/\/www.tenis-krka.org\/?p=3321#authorImage","url":"https:\/\/secure.gravatar.com\/avatar\/3f77537b836fe0763acec1e7ffc24bcee1a998feea954c5e751bdaa0776a7f5c?s=96&d=mm&r=g","width":96,"height":96,"caption":"Ana Ponikvar"}},{"@type":"WebPage","@id":"https:\/\/www.tenis-krka.org\/?p=3321#webpage","url":"https:\/\/www.tenis-krka.org\/?p=3321","name":"EDDIE HERR ITF 1. RANG BRADENTON FLORIDA | Teni\u0161ki klub Krka Oto\u010dec","description":"EDDIE HERR ITF 1. RANG BRADENTON FLORIDA \u010clanica TK KRKA Oto\u010dec, 15-letna \u017diva FALKNER, je od 20. do 30. novembra 2017 nastopala na ITF turnirju 1. ranga v Brandentonu na Floridi. Z uvrstitvijo v \u010detrtfinale je dosegla uspeh kariere. V osmini finala je s 6-4, 6-4 premagala 17-letno doma\u010dinko Angelico BLAKE (376), ki je v","inLanguage":"sl-SI","isPartOf":{"@id":"https:\/\/www.tenis-krka.org\/#website"},"breadcrumb":{"@id":"https:\/\/www.tenis-krka.org\/?p=3321#breadcrumblist"},"author":{"@id":"https:\/\/www.tenis-krka.org\/?author=10#author"},"creator":{"@id":"https:\/\/www.tenis-krka.org\/?author=10#author"},"datePublished":"2017-12-02T23:32:12+02:00","dateModified":"2019-05-27T15:15:56+02:00"},{"@type":"WebSite","@id":"https:\/\/www.tenis-krka.org\/#website","url":"https:\/\/www.tenis-krka.org\/","name":"Teni\u0161ki klub Krka Oto\u010dec","description":"Vse o klubu, novice, dogodki, rezultati in \u0161e veliko ve\u010d...","inLanguage":"sl-SI","publisher":{"@id":"https:\/\/www.tenis-krka.org\/#organization"}}]},"og:locale":"sl_SI","og:site_name":"Teni\u0161ki klub Krka Oto\u010dec | Vse o klubu, novice, dogodki, rezultati in \u0161e veliko ve\u010d...","og:type":"article","og:title":"EDDIE HERR ITF 1. RANG BRADENTON FLORIDA | Teni\u0161ki klub Krka Oto\u010dec","og:description":"EDDIE HERR ITF 1. RANG BRADENTON FLORIDA \u010clanica TK KRKA Oto\u010dec, 15-letna \u017diva FALKNER, je od 20. do 30. novembra 2017 nastopala na ITF turnirju 1. ranga v Brandentonu na Floridi. Z uvrstitvijo v \u010detrtfinale je dosegla uspeh kariere. V osmini finala je s 6-4, 6-4 premagala 17-letno doma\u010dinko Angelico BLAKE (376), ki je v","og:url":"https:\/\/www.tenis-krka.org\/?p=3321","article:published_time":"2017-12-02T21:32:12+00:00","article:modified_time":"2019-05-27T13:15:56+00:00","twitter:card":"summary_large_image","twitter:title":"EDDIE HERR ITF 1. RANG BRADENTON FLORIDA | Teni\u0161ki klub Krka Oto\u010dec","twitter:description":"EDDIE HERR ITF 1. RANG BRADENTON FLORIDA \u010clanica TK KRKA Oto\u010dec, 15-letna \u017diva FALKNER, je od 20. do 30. novembra 2017 nastopala na ITF turnirju 1. ranga v Brandentonu na Floridi. Z uvrstitvijo v \u010detrtfinale je dosegla uspeh kariere. V osmini finala je s 6-4, 6-4 premagala 17-letno doma\u010dinko Angelico BLAKE (376), ki je v"},"aioseo_meta_data":{"post_id":"3321","title":null,"description":null,"keywords":null,"keyphrases":null,"primary_term":null,"canonical_url":null,"og_title":null,"og_description":null,"og_object_type":"default","og_image_type":"default","og_image_url":null,"og_image_width":null,"og_image_height":null,"og_image_custom_url":null,"og_image_custom_fields":null,"og_video":null,"og_custom_url":null,"og_article_section":null,"og_article_tags":null,"twitter_use_og":false,"twitter_card":"default","twitter_image_type":"default","twitter_image_url":null,"twitter_image_custom_url":null,"twitter_image_custom_fields":null,"twitter_title":null,"twitter_description":null,"schema":{"blockGraphs":[],"customGraphs":[],"default":{"data":{"Article":[],"Course":[],"Dataset":[],"FAQPage":[],"Movie":[],"Person":[],"Product":[],"ProductReview":[],"Car":[],"Recipe":[],"Service":[],"SoftwareApplication":[],"WebPage":[]},"graphName":"","isEnabled":true},"graphs":[]},"schema_type":"default","schema_type_options":null,"pillar_content":false,"robots_default":true,"robots_noindex":false,"robots_noarchive":false,"robots_nosnippet":false,"robots_nofollow":false,"robots_noimageindex":false,"robots_noodp":false,"robots_notranslate":false,"robots_max_snippet":null,"robots_max_videopreview":null,"robots_max_imagepreview":"large","priority":null,"frequency":null,"local_seo":null,"breadcrumb_settings":null,"limit_modified_date":false,"ai":null,"created":"2024-08-30 08:47:31","updated":"2025-10-22 05:56:21","seo_analyzer_scan_date":null},"aioseo_breadcrumb":"<div class=\"aioseo-breadcrumbs\"><span class=\"aioseo-breadcrumb\">\n\t\t\t<a href=\"https:\/\/www.tenis-krka.org\" title=\"Domov\">Domov<\/a>\n\t\t<\/span><span class=\"aioseo-breadcrumb-separator\">&raquo;<\/span><span class=\"aioseo-breadcrumb\">\n\t\t\t<a href=\"https:\/\/www.tenis-krka.org\/?cat=1\" title=\"Uncategorized\">Uncategorized<\/a>\n\t\t<\/span><span class=\"aioseo-breadcrumb-separator\">&raquo;<\/span><span class=\"aioseo-breadcrumb\">\n\t\t\tEDDIE HERR ITF 1. RANG BRADENTON FLORIDA\n\t\t<\/span><\/div>","aioseo_breadcrumb_json":[{"label":"Domov","link":"https:\/\/www.tenis-krka.org"},{"label":"Uncategorized","link":"https:\/\/www.tenis-krka.org\/?cat=1"},{"label":"EDDIE HERR ITF 1. RANG BRADENTON FLORIDA","link":"https:\/\/www.tenis-krka.org\/?p=3321"}],"_links":{"self":[{"href":"https:\/\/www.tenis-krka.org\/index.php?rest_route=\/wp\/v2\/posts\/3321","targetHints":{"allow":["GET"]}}],"collection":[{"href":"https:\/\/www.tenis-krka.org\/index.php?rest_route=\/wp\/v2\/posts"}],"about":[{"href":"https:\/\/www.tenis-krka.org\/index.php?rest_route=\/wp\/v2\/types\/post"}],"author":[{"embeddable":true,"href":"https:\/\/www.tenis-krka.org\/index.php?rest_route=\/wp\/v2\/users\/10"}],"replies":[{"embeddable":true,"href":"https:\/\/www.tenis-krka.org\/index.php?rest_route=%2Fwp%2Fv2%2Fcomments&post=3321"}],"version-history":[{"count":1,"href":"https:\/\/www.tenis-krka.org\/index.php?rest_route=\/wp\/v2\/posts\/3321\/revisions"}],"predecessor-version":[{"id":3325,"href":"https:\/\/www.tenis-krka.org\/index.php?rest_route=\/wp\/v2\/posts\/3321\/revisions\/3325"}],"wp:attachment":[{"href":"https:\/\/www.tenis-krka.org\/index.php?rest_route=%2Fwp%2Fv2%2Fmedia&parent=3321"}],"wp:term":[{"taxonomy":"category","embeddable":true,"href":"https:\/\/www.tenis-krka.org\/index.php?rest_route=%2Fwp%2Fv2%2Fcategories&post=3321"},{"taxonomy":"post_tag","embeddable":true,"href":"https:\/\/www.tenis-krka.org\/index.php?rest_route=%2Fwp%2Fv2%2Ftags&post=3321"}],"curies":[{"name":"wp","href":"https:\/\/api.w.org\/{rel}","templated":true}]}}