{"id":3136,"date":"2016-05-23T13:53:59","date_gmt":"2016-05-23T11:53:59","guid":{"rendered":"http:\/\/www.tenis-krka.org\/?p=3136"},"modified":"2019-05-27T15:15:57","modified_gmt":"2019-05-27T13:15:57","slug":"jani-in-jakob-na-tennis-europe-do-12-let-v-kopru","status":"publish","type":"post","link":"https:\/\/www.tenis-krka.org\/?p=3136","title":{"rendered":"Jani in Jakob na Tennis Europe do 12 let v Kopru"},"content":{"rendered":"<p><a href=\"http:\/\/www.tenis-krka.org\/wp-content\/uploads\/2016\/05\/Jakob-in-Jani.jpg\"><img loading=\"lazy\" decoding=\"async\" class=\"alignleft size-medium wp-image-3137\" src=\"http:\/\/www.tenis-krka.org\/wp-content\/uploads\/2016\/05\/Jakob-in-Jani-300x225.jpg\" alt=\"Jakob in Jani\" width=\"300\" height=\"225\" \/><\/a>Jani Retelj in Jakob Franc Kav\u0161ek sta se na turnirju &#8220;9.Luka Koper Junior Open-International Junior Championships Under 12&#8221; oba preko kvalifikacij uvrstila v glavni del turnirja.<\/p>\n<p>Jani je v prvem kolu premagal\u00a0\u00a0KUTHY Kolos iz Mad\u017earske.<\/p>\n<p>Jakob je v kvalifikacijah dvakrat zmagal v prvem kolu pa je naletel na bol razpolo\u017eenega\u00a0LESJAK Moritz iz Avstrije.<\/p>\n<h4><strong><span style=\"color: #ff0000\">Bravo Jani in Jakob<\/span><\/strong><\/h4>\n","protected":false},"excerpt":{"rendered":"<p>Jani Retelj in Jakob Franc Kav\u0161ek sta se na turnirju &#8220;9.Luka Koper Junior Open-International Junior Championships Under 12&#8221; oba preko kvalifikacij uvrstila v glavni del turnirja. Jani je v prvem kolu premagal\u00a0\u00a0KUTHY Kolos iz Mad\u017earske. Jakob je v kvalifikacijah dvakrat zmagal v prvem kolu pa je naletel na bol razpolo\u017eenega\u00a0LESJAK Moritz iz Avstrije. Bravo Jani [&hellip;]<\/p>\n","protected":false},"author":1,"featured_media":0,"comment_status":"closed","ping_status":"open","sticky":false,"template":"","format":"standard","meta":{"ngg_post_thumbnail":0,"footnotes":""},"categories":[6],"tags":[],"class_list":["post-3136","post","type-post","status-publish","format-standard","hentry","category-rezult"],"aioseo_notices":[],"aioseo_head":"\n\t\t<!-- All in One SEO 4.9.10 - aioseo.com -->\n\t<meta name=\"description\" content=\"Jani Retelj in Jakob Franc Kav\u0161ek sta se na turnirju &quot;9.Luka Koper Junior Open-International Junior Championships Under 12&quot; oba preko kvalifikacij uvrstila v glavni del turnirja. Jani je v prvem kolu premagal KUTHY Kolos iz Mad\u017earske. Jakob je v kvalifikacijah dvakrat zmagal v prvem kolu pa je naletel na bol razpolo\u017eenega LESJAK Moritz iz Avstrije. Bravo Jani\" \/>\n\t<meta name=\"robots\" content=\"max-image-preview:large\" \/>\n\t<meta name=\"author\" content=\"admin\"\/>\n\t<link rel=\"canonical\" href=\"https:\/\/www.tenis-krka.org\/?p=3136\" \/>\n\t<meta name=\"generator\" content=\"All in One SEO (AIOSEO) 4.9.10\" \/>\n\t\t<meta property=\"og:locale\" content=\"sl_SI\" \/>\n\t\t<meta property=\"og:site_name\" content=\"Teni\u0161ki klub Krka Oto\u010dec | Vse o klubu, novice, dogodki, rezultati in \u0161e veliko ve\u010d...\" \/>\n\t\t<meta property=\"og:type\" content=\"article\" \/>\n\t\t<meta property=\"og:title\" content=\"Jani in Jakob na Tennis Europe do 12 let v Kopru | Teni\u0161ki klub Krka Oto\u010dec\" \/>\n\t\t<meta property=\"og:description\" content=\"Jani Retelj in Jakob Franc Kav\u0161ek sta se na turnirju &quot;9.Luka Koper Junior Open-International Junior Championships Under 12&quot; oba preko kvalifikacij uvrstila v glavni del turnirja. Jani je v prvem kolu premagal KUTHY Kolos iz Mad\u017earske. Jakob je v kvalifikacijah dvakrat zmagal v prvem kolu pa je naletel na bol razpolo\u017eenega LESJAK Moritz iz Avstrije. Bravo Jani\" \/>\n\t\t<meta property=\"og:url\" content=\"https:\/\/www.tenis-krka.org\/?p=3136\" \/>\n\t\t<meta property=\"article:published_time\" content=\"2016-05-23T11:53:59+00:00\" \/>\n\t\t<meta property=\"article:modified_time\" content=\"2019-05-27T13:15:57+00:00\" \/>\n\t\t<meta name=\"twitter:card\" content=\"summary_large_image\" \/>\n\t\t<meta name=\"twitter:title\" content=\"Jani in Jakob na Tennis Europe do 12 let v Kopru | Teni\u0161ki klub Krka Oto\u010dec\" \/>\n\t\t<meta name=\"twitter:description\" content=\"Jani Retelj in Jakob Franc Kav\u0161ek sta se na turnirju &quot;9.Luka Koper Junior Open-International Junior Championships Under 12&quot; oba preko kvalifikacij uvrstila v glavni del turnirja. Jani je v prvem kolu premagal KUTHY Kolos iz Mad\u017earske. Jakob je v kvalifikacijah dvakrat zmagal v prvem kolu pa je naletel na bol razpolo\u017eenega LESJAK Moritz iz Avstrije. Bravo Jani\" \/>\n\t\t<script type=\"application\/ld+json\" class=\"aioseo-schema\">\n\t\t\t{\"@context\":\"https:\\\/\\\/schema.org\",\"@graph\":[{\"@type\":\"Article\",\"@id\":\"https:\\\/\\\/www.tenis-krka.org\\\/?p=3136#article\",\"name\":\"Jani in Jakob na Tennis Europe do 12 let v Kopru | Teni\\u0161ki klub Krka Oto\\u010dec\",\"headline\":\"Jani in Jakob na Tennis Europe do 12 let v Kopru\",\"author\":{\"@id\":\"https:\\\/\\\/www.tenis-krka.org\\\/?author=1#author\"},\"publisher\":{\"@id\":\"https:\\\/\\\/www.tenis-krka.org\\\/#organization\"},\"image\":{\"@type\":\"ImageObject\",\"url\":\"http:\\\/\\\/www.tenis-krka.org\\\/wp-content\\\/uploads\\\/2016\\\/05\\\/Jakob-in-Jani.jpg\",\"@id\":\"https:\\\/\\\/www.tenis-krka.org\\\/?p=3136\\\/#articleImage\"},\"datePublished\":\"2016-05-23T13:53:59+02:00\",\"dateModified\":\"2019-05-27T15:15:57+02:00\",\"inLanguage\":\"sl-SI\",\"mainEntityOfPage\":{\"@id\":\"https:\\\/\\\/www.tenis-krka.org\\\/?p=3136#webpage\"},\"isPartOf\":{\"@id\":\"https:\\\/\\\/www.tenis-krka.org\\\/?p=3136#webpage\"},\"articleSection\":\"Rezultati\"},{\"@type\":\"BreadcrumbList\",\"@id\":\"https:\\\/\\\/www.tenis-krka.org\\\/?p=3136#breadcrumblist\",\"itemListElement\":[{\"@type\":\"ListItem\",\"@id\":\"https:\\\/\\\/www.tenis-krka.org#listItem\",\"position\":1,\"name\":\"Domov\",\"item\":\"https:\\\/\\\/www.tenis-krka.org\",\"nextItem\":{\"@type\":\"ListItem\",\"@id\":\"https:\\\/\\\/www.tenis-krka.org\\\/?cat=6#listItem\",\"name\":\"Rezultati\"}},{\"@type\":\"ListItem\",\"@id\":\"https:\\\/\\\/www.tenis-krka.org\\\/?cat=6#listItem\",\"position\":2,\"name\":\"Rezultati\",\"item\":\"https:\\\/\\\/www.tenis-krka.org\\\/?cat=6\",\"nextItem\":{\"@type\":\"ListItem\",\"@id\":\"https:\\\/\\\/www.tenis-krka.org\\\/?p=3136#listItem\",\"name\":\"Jani in Jakob na Tennis Europe do 12 let v Kopru\"},\"previousItem\":{\"@type\":\"ListItem\",\"@id\":\"https:\\\/\\\/www.tenis-krka.org#listItem\",\"name\":\"Domov\"}},{\"@type\":\"ListItem\",\"@id\":\"https:\\\/\\\/www.tenis-krka.org\\\/?p=3136#listItem\",\"position\":3,\"name\":\"Jani in Jakob na Tennis Europe do 12 let v Kopru\",\"previousItem\":{\"@type\":\"ListItem\",\"@id\":\"https:\\\/\\\/www.tenis-krka.org\\\/?cat=6#listItem\",\"name\":\"Rezultati\"}}]},{\"@type\":\"Organization\",\"@id\":\"https:\\\/\\\/www.tenis-krka.org\\\/#organization\",\"name\":\"Teni\\u0161ki klub Krka Oto\\u010dec\",\"description\":\"Vse o klubu, novice, dogodki, rezultati in \\u0161e veliko ve\\u010d...\",\"url\":\"https:\\\/\\\/www.tenis-krka.org\\\/\"},{\"@type\":\"Person\",\"@id\":\"https:\\\/\\\/www.tenis-krka.org\\\/?author=1#author\",\"url\":\"https:\\\/\\\/www.tenis-krka.org\\\/?author=1\",\"name\":\"admin\",\"image\":{\"@type\":\"ImageObject\",\"@id\":\"https:\\\/\\\/www.tenis-krka.org\\\/?p=3136#authorImage\",\"url\":\"https:\\\/\\\/secure.gravatar.com\\\/avatar\\\/9e60ad079c111140ec6df07f7c8d348b27680a6649653907523325cecd07935e?s=96&d=mm&r=g\",\"width\":96,\"height\":96,\"caption\":\"admin\"}},{\"@type\":\"WebPage\",\"@id\":\"https:\\\/\\\/www.tenis-krka.org\\\/?p=3136#webpage\",\"url\":\"https:\\\/\\\/www.tenis-krka.org\\\/?p=3136\",\"name\":\"Jani in Jakob na Tennis Europe do 12 let v Kopru | Teni\\u0161ki klub Krka Oto\\u010dec\",\"description\":\"Jani Retelj in Jakob Franc Kav\\u0161ek sta se na turnirju \\\"9.Luka Koper Junior Open-International Junior Championships Under 12\\\" oba preko kvalifikacij uvrstila v glavni del turnirja. Jani je v prvem kolu premagal KUTHY Kolos iz Mad\\u017earske. Jakob je v kvalifikacijah dvakrat zmagal v prvem kolu pa je naletel na bol razpolo\\u017eenega LESJAK Moritz iz Avstrije. Bravo Jani\",\"inLanguage\":\"sl-SI\",\"isPartOf\":{\"@id\":\"https:\\\/\\\/www.tenis-krka.org\\\/#website\"},\"breadcrumb\":{\"@id\":\"https:\\\/\\\/www.tenis-krka.org\\\/?p=3136#breadcrumblist\"},\"author\":{\"@id\":\"https:\\\/\\\/www.tenis-krka.org\\\/?author=1#author\"},\"creator\":{\"@id\":\"https:\\\/\\\/www.tenis-krka.org\\\/?author=1#author\"},\"datePublished\":\"2016-05-23T13:53:59+02:00\",\"dateModified\":\"2019-05-27T15:15:57+02:00\"},{\"@type\":\"WebSite\",\"@id\":\"https:\\\/\\\/www.tenis-krka.org\\\/#website\",\"url\":\"https:\\\/\\\/www.tenis-krka.org\\\/\",\"name\":\"Teni\\u0161ki klub Krka Oto\\u010dec\",\"description\":\"Vse o klubu, novice, dogodki, rezultati in \\u0161e veliko ve\\u010d...\",\"inLanguage\":\"sl-SI\",\"publisher\":{\"@id\":\"https:\\\/\\\/www.tenis-krka.org\\\/#organization\"}}]}\n\t\t<\/script>\n\t\t<!-- All in One SEO -->\n\n","aioseo_head_json":{"title":"Jani in Jakob na Tennis Europe do 12 let v Kopru | Teni\u0161ki klub Krka Oto\u010dec","description":"Jani Retelj in Jakob Franc Kav\u0161ek sta se na turnirju \"9.Luka Koper Junior Open-International Junior Championships Under 12\" oba preko kvalifikacij uvrstila v glavni del turnirja. Jani je v prvem kolu premagal KUTHY Kolos iz Mad\u017earske. Jakob je v kvalifikacijah dvakrat zmagal v prvem kolu pa je naletel na bol razpolo\u017eenega LESJAK Moritz iz Avstrije. Bravo Jani","canonical_url":"https:\/\/www.tenis-krka.org\/?p=3136","robots":"max-image-preview:large","keywords":"","webmasterTools":{"miscellaneous":""},"schema":{"@context":"https:\/\/schema.org","@graph":[{"@type":"Article","@id":"https:\/\/www.tenis-krka.org\/?p=3136#article","name":"Jani in Jakob na Tennis Europe do 12 let v Kopru | Teni\u0161ki klub Krka Oto\u010dec","headline":"Jani in Jakob na Tennis Europe do 12 let v Kopru","author":{"@id":"https:\/\/www.tenis-krka.org\/?author=1#author"},"publisher":{"@id":"https:\/\/www.tenis-krka.org\/#organization"},"image":{"@type":"ImageObject","url":"http:\/\/www.tenis-krka.org\/wp-content\/uploads\/2016\/05\/Jakob-in-Jani.jpg","@id":"https:\/\/www.tenis-krka.org\/?p=3136\/#articleImage"},"datePublished":"2016-05-23T13:53:59+02:00","dateModified":"2019-05-27T15:15:57+02:00","inLanguage":"sl-SI","mainEntityOfPage":{"@id":"https:\/\/www.tenis-krka.org\/?p=3136#webpage"},"isPartOf":{"@id":"https:\/\/www.tenis-krka.org\/?p=3136#webpage"},"articleSection":"Rezultati"},{"@type":"BreadcrumbList","@id":"https:\/\/www.tenis-krka.org\/?p=3136#breadcrumblist","itemListElement":[{"@type":"ListItem","@id":"https:\/\/www.tenis-krka.org#listItem","position":1,"name":"Domov","item":"https:\/\/www.tenis-krka.org","nextItem":{"@type":"ListItem","@id":"https:\/\/www.tenis-krka.org\/?cat=6#listItem","name":"Rezultati"}},{"@type":"ListItem","@id":"https:\/\/www.tenis-krka.org\/?cat=6#listItem","position":2,"name":"Rezultati","item":"https:\/\/www.tenis-krka.org\/?cat=6","nextItem":{"@type":"ListItem","@id":"https:\/\/www.tenis-krka.org\/?p=3136#listItem","name":"Jani in Jakob na Tennis Europe do 12 let v Kopru"},"previousItem":{"@type":"ListItem","@id":"https:\/\/www.tenis-krka.org#listItem","name":"Domov"}},{"@type":"ListItem","@id":"https:\/\/www.tenis-krka.org\/?p=3136#listItem","position":3,"name":"Jani in Jakob na Tennis Europe do 12 let v Kopru","previousItem":{"@type":"ListItem","@id":"https:\/\/www.tenis-krka.org\/?cat=6#listItem","name":"Rezultati"}}]},{"@type":"Organization","@id":"https:\/\/www.tenis-krka.org\/#organization","name":"Teni\u0161ki klub Krka Oto\u010dec","description":"Vse o klubu, novice, dogodki, rezultati in \u0161e veliko ve\u010d...","url":"https:\/\/www.tenis-krka.org\/"},{"@type":"Person","@id":"https:\/\/www.tenis-krka.org\/?author=1#author","url":"https:\/\/www.tenis-krka.org\/?author=1","name":"admin","image":{"@type":"ImageObject","@id":"https:\/\/www.tenis-krka.org\/?p=3136#authorImage","url":"https:\/\/secure.gravatar.com\/avatar\/9e60ad079c111140ec6df07f7c8d348b27680a6649653907523325cecd07935e?s=96&d=mm&r=g","width":96,"height":96,"caption":"admin"}},{"@type":"WebPage","@id":"https:\/\/www.tenis-krka.org\/?p=3136#webpage","url":"https:\/\/www.tenis-krka.org\/?p=3136","name":"Jani in Jakob na Tennis Europe do 12 let v Kopru | Teni\u0161ki klub Krka Oto\u010dec","description":"Jani Retelj in Jakob Franc Kav\u0161ek sta se na turnirju \"9.Luka Koper Junior Open-International Junior Championships Under 12\" oba preko kvalifikacij uvrstila v glavni del turnirja. Jani je v prvem kolu premagal KUTHY Kolos iz Mad\u017earske. Jakob je v kvalifikacijah dvakrat zmagal v prvem kolu pa je naletel na bol razpolo\u017eenega LESJAK Moritz iz Avstrije. Bravo Jani","inLanguage":"sl-SI","isPartOf":{"@id":"https:\/\/www.tenis-krka.org\/#website"},"breadcrumb":{"@id":"https:\/\/www.tenis-krka.org\/?p=3136#breadcrumblist"},"author":{"@id":"https:\/\/www.tenis-krka.org\/?author=1#author"},"creator":{"@id":"https:\/\/www.tenis-krka.org\/?author=1#author"},"datePublished":"2016-05-23T13:53:59+02:00","dateModified":"2019-05-27T15:15:57+02:00"},{"@type":"WebSite","@id":"https:\/\/www.tenis-krka.org\/#website","url":"https:\/\/www.tenis-krka.org\/","name":"Teni\u0161ki klub Krka Oto\u010dec","description":"Vse o klubu, novice, dogodki, rezultati in \u0161e veliko ve\u010d...","inLanguage":"sl-SI","publisher":{"@id":"https:\/\/www.tenis-krka.org\/#organization"}}]},"og:locale":"sl_SI","og:site_name":"Teni\u0161ki klub Krka Oto\u010dec | Vse o klubu, novice, dogodki, rezultati in \u0161e veliko ve\u010d...","og:type":"article","og:title":"Jani in Jakob na Tennis Europe do 12 let v Kopru | Teni\u0161ki klub Krka Oto\u010dec","og:description":"Jani Retelj in Jakob Franc Kav\u0161ek sta se na turnirju &quot;9.Luka Koper Junior Open-International Junior Championships Under 12&quot; oba preko kvalifikacij uvrstila v glavni del turnirja. Jani je v prvem kolu premagal KUTHY Kolos iz Mad\u017earske. Jakob je v kvalifikacijah dvakrat zmagal v prvem kolu pa je naletel na bol razpolo\u017eenega LESJAK Moritz iz Avstrije. Bravo Jani","og:url":"https:\/\/www.tenis-krka.org\/?p=3136","article:published_time":"2016-05-23T11:53:59+00:00","article:modified_time":"2019-05-27T13:15:57+00:00","twitter:card":"summary_large_image","twitter:title":"Jani in Jakob na Tennis Europe do 12 let v Kopru | Teni\u0161ki klub Krka Oto\u010dec","twitter:description":"Jani Retelj in Jakob Franc Kav\u0161ek sta se na turnirju &quot;9.Luka Koper Junior Open-International Junior Championships Under 12&quot; oba preko kvalifikacij uvrstila v glavni del turnirja. Jani je v prvem kolu premagal KUTHY Kolos iz Mad\u017earske. Jakob je v kvalifikacijah dvakrat zmagal v prvem kolu pa je naletel na bol razpolo\u017eenega LESJAK Moritz iz Avstrije. Bravo Jani"},"aioseo_meta_data":{"post_id":"3136","title":null,"description":null,"keywords":null,"keyphrases":null,"primary_term":null,"canonical_url":null,"og_title":null,"og_description":null,"og_object_type":"default","og_image_type":"default","og_image_url":null,"og_image_width":null,"og_image_height":null,"og_image_custom_url":null,"og_image_custom_fields":null,"og_video":null,"og_custom_url":null,"og_article_section":null,"og_article_tags":null,"twitter_use_og":false,"twitter_card":"default","twitter_image_type":"default","twitter_image_url":null,"twitter_image_custom_url":null,"twitter_image_custom_fields":null,"twitter_title":null,"twitter_description":null,"schema":{"blockGraphs":[],"customGraphs":[],"default":{"data":{"Article":[],"Course":[],"Dataset":[],"FAQPage":[],"Movie":[],"Person":[],"Product":[],"ProductReview":[],"Car":[],"Recipe":[],"Service":[],"SoftwareApplication":[],"WebPage":[]},"graphName":"","isEnabled":true},"graphs":[]},"schema_type":"default","schema_type_options":null,"pillar_content":false,"robots_default":true,"robots_noindex":false,"robots_noarchive":false,"robots_nosnippet":false,"robots_nofollow":false,"robots_noimageindex":false,"robots_noodp":false,"robots_notranslate":false,"robots_max_snippet":null,"robots_max_videopreview":null,"robots_max_imagepreview":"large","priority":null,"frequency":null,"local_seo":null,"breadcrumb_settings":null,"limit_modified_date":false,"ai":null,"created":"2024-08-30 08:49:32","updated":"2025-10-22 05:38:50","seo_analyzer_scan_date":null},"aioseo_breadcrumb":"<div class=\"aioseo-breadcrumbs\"><span class=\"aioseo-breadcrumb\">\n\t\t\t<a href=\"https:\/\/www.tenis-krka.org\" title=\"Domov\">Domov<\/a>\n\t\t<\/span><span class=\"aioseo-breadcrumb-separator\">&raquo;<\/span><span class=\"aioseo-breadcrumb\">\n\t\t\t<a href=\"https:\/\/www.tenis-krka.org\/?cat=6\" title=\"Rezultati\">Rezultati<\/a>\n\t\t<\/span><span class=\"aioseo-breadcrumb-separator\">&raquo;<\/span><span class=\"aioseo-breadcrumb\">\n\t\t\tJani in Jakob na Tennis Europe do 12 let v Kopru\n\t\t<\/span><\/div>","aioseo_breadcrumb_json":[{"label":"Domov","link":"https:\/\/www.tenis-krka.org"},{"label":"Rezultati","link":"https:\/\/www.tenis-krka.org\/?cat=6"},{"label":"Jani in Jakob na Tennis Europe do 12 let v Kopru","link":"https:\/\/www.tenis-krka.org\/?p=3136"}],"_links":{"self":[{"href":"https:\/\/www.tenis-krka.org\/index.php?rest_route=\/wp\/v2\/posts\/3136","targetHints":{"allow":["GET"]}}],"collection":[{"href":"https:\/\/www.tenis-krka.org\/index.php?rest_route=\/wp\/v2\/posts"}],"about":[{"href":"https:\/\/www.tenis-krka.org\/index.php?rest_route=\/wp\/v2\/types\/post"}],"author":[{"embeddable":true,"href":"https:\/\/www.tenis-krka.org\/index.php?rest_route=\/wp\/v2\/users\/1"}],"replies":[{"embeddable":true,"href":"https:\/\/www.tenis-krka.org\/index.php?rest_route=%2Fwp%2Fv2%2Fcomments&post=3136"}],"version-history":[{"count":1,"href":"https:\/\/www.tenis-krka.org\/index.php?rest_route=\/wp\/v2\/posts\/3136\/revisions"}],"predecessor-version":[{"id":3138,"href":"https:\/\/www.tenis-krka.org\/index.php?rest_route=\/wp\/v2\/posts\/3136\/revisions\/3138"}],"wp:attachment":[{"href":"https:\/\/www.tenis-krka.org\/index.php?rest_route=%2Fwp%2Fv2%2Fmedia&parent=3136"}],"wp:term":[{"taxonomy":"category","embeddable":true,"href":"https:\/\/www.tenis-krka.org\/index.php?rest_route=%2Fwp%2Fv2%2Fcategories&post=3136"},{"taxonomy":"post_tag","embeddable":true,"href":"https:\/\/www.tenis-krka.org\/index.php?rest_route=%2Fwp%2Fv2%2Ftags&post=3136"}],"curies":[{"name":"wp","href":"https:\/\/api.w.org\/{rel}","templated":true}]}}