{"id":3096,"date":"2016-02-11T11:48:22","date_gmt":"2016-02-11T09:48:22","guid":{"rendered":"http:\/\/www.tenis-krka.org\/?p=3096"},"modified":"2019-05-27T15:15:57","modified_gmt":"2019-05-27T13:15:57","slug":"rok-za-prijavo-na-tecaj-za-trenerja-tenisa-d-se-zakljuci-12-2-2016","status":"publish","type":"post","link":"https:\/\/www.tenis-krka.org\/?p=3096","title":{"rendered":"Rok za prijavo na te\u010daj za trenerja tenisa D se zaklju\u010di 12.2.2016"},"content":{"rendered":"<p>V petek, 12.2.2016 pote\u010de rok za prijavo na prvi te\u010daj za trenerje tenisa D, ki se pri\u010dne v petek, 26.2.2016.<\/p>\n<p>Prilo\u017eeni so razpisi za te\u010daje v letu 2016.<\/p>\n<p>&nbsp;<\/p>\n<p>Ve\u010d informacij si lahko ogledate na <a href=\"http:\/\/www.aftennis.si\/\">www.aftennis.si<\/a>, kjer se lahko tudi prijavite.<\/p>\n<p>&nbsp;<\/p>\n","protected":false},"excerpt":{"rendered":"<p>V petek, 12.2.2016 pote\u010de rok za prijavo na prvi te\u010daj za trenerje tenisa D, ki se pri\u010dne v petek, 26.2.2016. Prilo\u017eeni so razpisi za te\u010daje v letu 2016. &nbsp; Ve\u010d informacij si lahko ogledate na www.aftennis.si, kjer se lahko tudi prijavite. &nbsp;<\/p>\n","protected":false},"author":1,"featured_media":0,"comment_status":"closed","ping_status":"open","sticky":false,"template":"","format":"standard","meta":{"ngg_post_thumbnail":0,"footnotes":""},"categories":[4],"tags":[],"class_list":["post-3096","post","type-post","status-publish","format-standard","hentry","category-dog"],"aioseo_notices":[],"aioseo_head":"\n\t\t<!-- All in One SEO 4.9.10 - aioseo.com -->\n\t<meta name=\"description\" content=\"V petek, 12.2.2016 pote\u010de rok za prijavo na prvi te\u010daj za trenerje tenisa D, ki se pri\u010dne v petek, 26.2.2016. Prilo\u017eeni so razpisi za te\u010daje v letu 2016. Ve\u010d informacij si lahko ogledate na www.aftennis.si, kjer se lahko tudi prijavite.\" \/>\n\t<meta name=\"robots\" content=\"max-image-preview:large\" \/>\n\t<meta name=\"author\" content=\"admin\"\/>\n\t<link rel=\"canonical\" href=\"https:\/\/www.tenis-krka.org\/?p=3096\" \/>\n\t<meta name=\"generator\" content=\"All in One SEO (AIOSEO) 4.9.10\" \/>\n\t\t<meta property=\"og:locale\" content=\"sl_SI\" \/>\n\t\t<meta property=\"og:site_name\" content=\"Teni\u0161ki klub Krka Oto\u010dec | Vse o klubu, novice, dogodki, rezultati in \u0161e veliko ve\u010d...\" \/>\n\t\t<meta property=\"og:type\" content=\"article\" \/>\n\t\t<meta property=\"og:title\" content=\"Rok za prijavo na te\u010daj za trenerja tenisa D se zaklju\u010di 12.2.2016 | Teni\u0161ki klub Krka Oto\u010dec\" \/>\n\t\t<meta property=\"og:description\" content=\"V petek, 12.2.2016 pote\u010de rok za prijavo na prvi te\u010daj za trenerje tenisa D, ki se pri\u010dne v petek, 26.2.2016. Prilo\u017eeni so razpisi za te\u010daje v letu 2016. Ve\u010d informacij si lahko ogledate na www.aftennis.si, kjer se lahko tudi prijavite.\" \/>\n\t\t<meta property=\"og:url\" content=\"https:\/\/www.tenis-krka.org\/?p=3096\" \/>\n\t\t<meta property=\"article:published_time\" content=\"2016-02-11T09:48:22+00:00\" \/>\n\t\t<meta property=\"article:modified_time\" content=\"2019-05-27T13:15:57+00:00\" \/>\n\t\t<meta name=\"twitter:card\" content=\"summary_large_image\" \/>\n\t\t<meta name=\"twitter:title\" content=\"Rok za prijavo na te\u010daj za trenerja tenisa D se zaklju\u010di 12.2.2016 | Teni\u0161ki klub Krka Oto\u010dec\" \/>\n\t\t<meta name=\"twitter:description\" content=\"V petek, 12.2.2016 pote\u010de rok za prijavo na prvi te\u010daj za trenerje tenisa D, ki se pri\u010dne v petek, 26.2.2016. Prilo\u017eeni so razpisi za te\u010daje v letu 2016. Ve\u010d informacij si lahko ogledate na www.aftennis.si, kjer se lahko tudi prijavite.\" \/>\n\t\t<script type=\"application\/ld+json\" class=\"aioseo-schema\">\n\t\t\t{\"@context\":\"https:\\\/\\\/schema.org\",\"@graph\":[{\"@type\":\"Article\",\"@id\":\"https:\\\/\\\/www.tenis-krka.org\\\/?p=3096#article\",\"name\":\"Rok za prijavo na te\\u010daj za trenerja tenisa D se zaklju\\u010di 12.2.2016 | Teni\\u0161ki klub Krka Oto\\u010dec\",\"headline\":\"Rok za prijavo na te\\u010daj za trenerja tenisa D se zaklju\\u010di 12.2.2016\",\"author\":{\"@id\":\"https:\\\/\\\/www.tenis-krka.org\\\/?author=1#author\"},\"publisher\":{\"@id\":\"https:\\\/\\\/www.tenis-krka.org\\\/#organization\"},\"datePublished\":\"2016-02-11T11:48:22+02:00\",\"dateModified\":\"2019-05-27T15:15:57+02:00\",\"inLanguage\":\"sl-SI\",\"mainEntityOfPage\":{\"@id\":\"https:\\\/\\\/www.tenis-krka.org\\\/?p=3096#webpage\"},\"isPartOf\":{\"@id\":\"https:\\\/\\\/www.tenis-krka.org\\\/?p=3096#webpage\"},\"articleSection\":\"Dogodki\"},{\"@type\":\"BreadcrumbList\",\"@id\":\"https:\\\/\\\/www.tenis-krka.org\\\/?p=3096#breadcrumblist\",\"itemListElement\":[{\"@type\":\"ListItem\",\"@id\":\"https:\\\/\\\/www.tenis-krka.org#listItem\",\"position\":1,\"name\":\"Domov\",\"item\":\"https:\\\/\\\/www.tenis-krka.org\",\"nextItem\":{\"@type\":\"ListItem\",\"@id\":\"https:\\\/\\\/www.tenis-krka.org\\\/?cat=4#listItem\",\"name\":\"Dogodki\"}},{\"@type\":\"ListItem\",\"@id\":\"https:\\\/\\\/www.tenis-krka.org\\\/?cat=4#listItem\",\"position\":2,\"name\":\"Dogodki\",\"item\":\"https:\\\/\\\/www.tenis-krka.org\\\/?cat=4\",\"nextItem\":{\"@type\":\"ListItem\",\"@id\":\"https:\\\/\\\/www.tenis-krka.org\\\/?p=3096#listItem\",\"name\":\"Rok za prijavo na te\\u010daj za trenerja tenisa D se zaklju\\u010di 12.2.2016\"},\"previousItem\":{\"@type\":\"ListItem\",\"@id\":\"https:\\\/\\\/www.tenis-krka.org#listItem\",\"name\":\"Domov\"}},{\"@type\":\"ListItem\",\"@id\":\"https:\\\/\\\/www.tenis-krka.org\\\/?p=3096#listItem\",\"position\":3,\"name\":\"Rok za prijavo na te\\u010daj za trenerja tenisa D se zaklju\\u010di 12.2.2016\",\"previousItem\":{\"@type\":\"ListItem\",\"@id\":\"https:\\\/\\\/www.tenis-krka.org\\\/?cat=4#listItem\",\"name\":\"Dogodki\"}}]},{\"@type\":\"Organization\",\"@id\":\"https:\\\/\\\/www.tenis-krka.org\\\/#organization\",\"name\":\"Teni\\u0161ki klub Krka Oto\\u010dec\",\"description\":\"Vse o klubu, novice, dogodki, rezultati in \\u0161e veliko ve\\u010d...\",\"url\":\"https:\\\/\\\/www.tenis-krka.org\\\/\"},{\"@type\":\"Person\",\"@id\":\"https:\\\/\\\/www.tenis-krka.org\\\/?author=1#author\",\"url\":\"https:\\\/\\\/www.tenis-krka.org\\\/?author=1\",\"name\":\"admin\",\"image\":{\"@type\":\"ImageObject\",\"@id\":\"https:\\\/\\\/www.tenis-krka.org\\\/?p=3096#authorImage\",\"url\":\"https:\\\/\\\/secure.gravatar.com\\\/avatar\\\/9e60ad079c111140ec6df07f7c8d348b27680a6649653907523325cecd07935e?s=96&d=mm&r=g\",\"width\":96,\"height\":96,\"caption\":\"admin\"}},{\"@type\":\"WebPage\",\"@id\":\"https:\\\/\\\/www.tenis-krka.org\\\/?p=3096#webpage\",\"url\":\"https:\\\/\\\/www.tenis-krka.org\\\/?p=3096\",\"name\":\"Rok za prijavo na te\\u010daj za trenerja tenisa D se zaklju\\u010di 12.2.2016 | Teni\\u0161ki klub Krka Oto\\u010dec\",\"description\":\"V petek, 12.2.2016 pote\\u010de rok za prijavo na prvi te\\u010daj za trenerje tenisa D, ki se pri\\u010dne v petek, 26.2.2016. Prilo\\u017eeni so razpisi za te\\u010daje v letu 2016. Ve\\u010d informacij si lahko ogledate na www.aftennis.si, kjer se lahko tudi prijavite.\",\"inLanguage\":\"sl-SI\",\"isPartOf\":{\"@id\":\"https:\\\/\\\/www.tenis-krka.org\\\/#website\"},\"breadcrumb\":{\"@id\":\"https:\\\/\\\/www.tenis-krka.org\\\/?p=3096#breadcrumblist\"},\"author\":{\"@id\":\"https:\\\/\\\/www.tenis-krka.org\\\/?author=1#author\"},\"creator\":{\"@id\":\"https:\\\/\\\/www.tenis-krka.org\\\/?author=1#author\"},\"datePublished\":\"2016-02-11T11:48:22+02:00\",\"dateModified\":\"2019-05-27T15:15:57+02:00\"},{\"@type\":\"WebSite\",\"@id\":\"https:\\\/\\\/www.tenis-krka.org\\\/#website\",\"url\":\"https:\\\/\\\/www.tenis-krka.org\\\/\",\"name\":\"Teni\\u0161ki klub Krka Oto\\u010dec\",\"description\":\"Vse o klubu, novice, dogodki, rezultati in \\u0161e veliko ve\\u010d...\",\"inLanguage\":\"sl-SI\",\"publisher\":{\"@id\":\"https:\\\/\\\/www.tenis-krka.org\\\/#organization\"}}]}\n\t\t<\/script>\n\t\t<!-- All in One SEO -->\n\n","aioseo_head_json":{"title":"Rok za prijavo na te\u010daj za trenerja tenisa D se zaklju\u010di 12.2.2016 | Teni\u0161ki klub Krka Oto\u010dec","description":"V petek, 12.2.2016 pote\u010de rok za prijavo na prvi te\u010daj za trenerje tenisa D, ki se pri\u010dne v petek, 26.2.2016. Prilo\u017eeni so razpisi za te\u010daje v letu 2016. Ve\u010d informacij si lahko ogledate na www.aftennis.si, kjer se lahko tudi prijavite.","canonical_url":"https:\/\/www.tenis-krka.org\/?p=3096","robots":"max-image-preview:large","keywords":"","webmasterTools":{"miscellaneous":""},"schema":{"@context":"https:\/\/schema.org","@graph":[{"@type":"Article","@id":"https:\/\/www.tenis-krka.org\/?p=3096#article","name":"Rok za prijavo na te\u010daj za trenerja tenisa D se zaklju\u010di 12.2.2016 | Teni\u0161ki klub Krka Oto\u010dec","headline":"Rok za prijavo na te\u010daj za trenerja tenisa D se zaklju\u010di 12.2.2016","author":{"@id":"https:\/\/www.tenis-krka.org\/?author=1#author"},"publisher":{"@id":"https:\/\/www.tenis-krka.org\/#organization"},"datePublished":"2016-02-11T11:48:22+02:00","dateModified":"2019-05-27T15:15:57+02:00","inLanguage":"sl-SI","mainEntityOfPage":{"@id":"https:\/\/www.tenis-krka.org\/?p=3096#webpage"},"isPartOf":{"@id":"https:\/\/www.tenis-krka.org\/?p=3096#webpage"},"articleSection":"Dogodki"},{"@type":"BreadcrumbList","@id":"https:\/\/www.tenis-krka.org\/?p=3096#breadcrumblist","itemListElement":[{"@type":"ListItem","@id":"https:\/\/www.tenis-krka.org#listItem","position":1,"name":"Domov","item":"https:\/\/www.tenis-krka.org","nextItem":{"@type":"ListItem","@id":"https:\/\/www.tenis-krka.org\/?cat=4#listItem","name":"Dogodki"}},{"@type":"ListItem","@id":"https:\/\/www.tenis-krka.org\/?cat=4#listItem","position":2,"name":"Dogodki","item":"https:\/\/www.tenis-krka.org\/?cat=4","nextItem":{"@type":"ListItem","@id":"https:\/\/www.tenis-krka.org\/?p=3096#listItem","name":"Rok za prijavo na te\u010daj za trenerja tenisa D se zaklju\u010di 12.2.2016"},"previousItem":{"@type":"ListItem","@id":"https:\/\/www.tenis-krka.org#listItem","name":"Domov"}},{"@type":"ListItem","@id":"https:\/\/www.tenis-krka.org\/?p=3096#listItem","position":3,"name":"Rok za prijavo na te\u010daj za trenerja tenisa D se zaklju\u010di 12.2.2016","previousItem":{"@type":"ListItem","@id":"https:\/\/www.tenis-krka.org\/?cat=4#listItem","name":"Dogodki"}}]},{"@type":"Organization","@id":"https:\/\/www.tenis-krka.org\/#organization","name":"Teni\u0161ki klub Krka Oto\u010dec","description":"Vse o klubu, novice, dogodki, rezultati in \u0161e veliko ve\u010d...","url":"https:\/\/www.tenis-krka.org\/"},{"@type":"Person","@id":"https:\/\/www.tenis-krka.org\/?author=1#author","url":"https:\/\/www.tenis-krka.org\/?author=1","name":"admin","image":{"@type":"ImageObject","@id":"https:\/\/www.tenis-krka.org\/?p=3096#authorImage","url":"https:\/\/secure.gravatar.com\/avatar\/9e60ad079c111140ec6df07f7c8d348b27680a6649653907523325cecd07935e?s=96&d=mm&r=g","width":96,"height":96,"caption":"admin"}},{"@type":"WebPage","@id":"https:\/\/www.tenis-krka.org\/?p=3096#webpage","url":"https:\/\/www.tenis-krka.org\/?p=3096","name":"Rok za prijavo na te\u010daj za trenerja tenisa D se zaklju\u010di 12.2.2016 | Teni\u0161ki klub Krka Oto\u010dec","description":"V petek, 12.2.2016 pote\u010de rok za prijavo na prvi te\u010daj za trenerje tenisa D, ki se pri\u010dne v petek, 26.2.2016. Prilo\u017eeni so razpisi za te\u010daje v letu 2016. Ve\u010d informacij si lahko ogledate na www.aftennis.si, kjer se lahko tudi prijavite.","inLanguage":"sl-SI","isPartOf":{"@id":"https:\/\/www.tenis-krka.org\/#website"},"breadcrumb":{"@id":"https:\/\/www.tenis-krka.org\/?p=3096#breadcrumblist"},"author":{"@id":"https:\/\/www.tenis-krka.org\/?author=1#author"},"creator":{"@id":"https:\/\/www.tenis-krka.org\/?author=1#author"},"datePublished":"2016-02-11T11:48:22+02:00","dateModified":"2019-05-27T15:15:57+02:00"},{"@type":"WebSite","@id":"https:\/\/www.tenis-krka.org\/#website","url":"https:\/\/www.tenis-krka.org\/","name":"Teni\u0161ki klub Krka Oto\u010dec","description":"Vse o klubu, novice, dogodki, rezultati in \u0161e veliko ve\u010d...","inLanguage":"sl-SI","publisher":{"@id":"https:\/\/www.tenis-krka.org\/#organization"}}]},"og:locale":"sl_SI","og:site_name":"Teni\u0161ki klub Krka Oto\u010dec | Vse o klubu, novice, dogodki, rezultati in \u0161e veliko ve\u010d...","og:type":"article","og:title":"Rok za prijavo na te\u010daj za trenerja tenisa D se zaklju\u010di 12.2.2016 | Teni\u0161ki klub Krka Oto\u010dec","og:description":"V petek, 12.2.2016 pote\u010de rok za prijavo na prvi te\u010daj za trenerje tenisa D, ki se pri\u010dne v petek, 26.2.2016. Prilo\u017eeni so razpisi za te\u010daje v letu 2016. Ve\u010d informacij si lahko ogledate na www.aftennis.si, kjer se lahko tudi prijavite.","og:url":"https:\/\/www.tenis-krka.org\/?p=3096","article:published_time":"2016-02-11T09:48:22+00:00","article:modified_time":"2019-05-27T13:15:57+00:00","twitter:card":"summary_large_image","twitter:title":"Rok za prijavo na te\u010daj za trenerja tenisa D se zaklju\u010di 12.2.2016 | Teni\u0161ki klub Krka Oto\u010dec","twitter:description":"V petek, 12.2.2016 pote\u010de rok za prijavo na prvi te\u010daj za trenerje tenisa D, ki se pri\u010dne v petek, 26.2.2016. Prilo\u017eeni so razpisi za te\u010daje v letu 2016. Ve\u010d informacij si lahko ogledate na www.aftennis.si, kjer se lahko tudi prijavite."},"aioseo_meta_data":{"post_id":"3096","title":null,"description":null,"keywords":null,"keyphrases":null,"primary_term":null,"canonical_url":null,"og_title":null,"og_description":null,"og_object_type":"default","og_image_type":"default","og_image_url":null,"og_image_width":null,"og_image_height":null,"og_image_custom_url":null,"og_image_custom_fields":null,"og_video":null,"og_custom_url":null,"og_article_section":null,"og_article_tags":null,"twitter_use_og":false,"twitter_card":"default","twitter_image_type":"default","twitter_image_url":null,"twitter_image_custom_url":null,"twitter_image_custom_fields":null,"twitter_title":null,"twitter_description":null,"schema":{"blockGraphs":[],"customGraphs":[],"default":{"data":{"Article":[],"Course":[],"Dataset":[],"FAQPage":[],"Movie":[],"Person":[],"Product":[],"ProductReview":[],"Car":[],"Recipe":[],"Service":[],"SoftwareApplication":[],"WebPage":[]},"graphName":"","isEnabled":true},"graphs":[]},"schema_type":"default","schema_type_options":null,"pillar_content":false,"robots_default":true,"robots_noindex":false,"robots_noarchive":false,"robots_nosnippet":false,"robots_nofollow":false,"robots_noimageindex":false,"robots_noodp":false,"robots_notranslate":false,"robots_max_snippet":null,"robots_max_videopreview":null,"robots_max_imagepreview":"large","priority":null,"frequency":null,"local_seo":null,"breadcrumb_settings":null,"limit_modified_date":false,"ai":null,"created":"2024-08-30 08:49:33","updated":"2025-10-22 05:36:20","seo_analyzer_scan_date":null},"aioseo_breadcrumb":"<div class=\"aioseo-breadcrumbs\"><span class=\"aioseo-breadcrumb\">\n\t\t\t<a href=\"https:\/\/www.tenis-krka.org\" title=\"Domov\">Domov<\/a>\n\t\t<\/span><span class=\"aioseo-breadcrumb-separator\">&raquo;<\/span><span class=\"aioseo-breadcrumb\">\n\t\t\t<a href=\"https:\/\/www.tenis-krka.org\/?cat=4\" title=\"Dogodki\">Dogodki<\/a>\n\t\t<\/span><span class=\"aioseo-breadcrumb-separator\">&raquo;<\/span><span class=\"aioseo-breadcrumb\">\n\t\t\tRok za prijavo na te\u010daj za trenerja tenisa D se zaklju\u010di 12.2.2016\n\t\t<\/span><\/div>","aioseo_breadcrumb_json":[{"label":"Domov","link":"https:\/\/www.tenis-krka.org"},{"label":"Dogodki","link":"https:\/\/www.tenis-krka.org\/?cat=4"},{"label":"Rok za prijavo na te\u010daj za trenerja tenisa D se zaklju\u010di 12.2.2016","link":"https:\/\/www.tenis-krka.org\/?p=3096"}],"_links":{"self":[{"href":"https:\/\/www.tenis-krka.org\/index.php?rest_route=\/wp\/v2\/posts\/3096","targetHints":{"allow":["GET"]}}],"collection":[{"href":"https:\/\/www.tenis-krka.org\/index.php?rest_route=\/wp\/v2\/posts"}],"about":[{"href":"https:\/\/www.tenis-krka.org\/index.php?rest_route=\/wp\/v2\/types\/post"}],"author":[{"embeddable":true,"href":"https:\/\/www.tenis-krka.org\/index.php?rest_route=\/wp\/v2\/users\/1"}],"replies":[{"embeddable":true,"href":"https:\/\/www.tenis-krka.org\/index.php?rest_route=%2Fwp%2Fv2%2Fcomments&post=3096"}],"version-history":[{"count":2,"href":"https:\/\/www.tenis-krka.org\/index.php?rest_route=\/wp\/v2\/posts\/3096\/revisions"}],"predecessor-version":[{"id":3098,"href":"https:\/\/www.tenis-krka.org\/index.php?rest_route=\/wp\/v2\/posts\/3096\/revisions\/3098"}],"wp:attachment":[{"href":"https:\/\/www.tenis-krka.org\/index.php?rest_route=%2Fwp%2Fv2%2Fmedia&parent=3096"}],"wp:term":[{"taxonomy":"category","embeddable":true,"href":"https:\/\/www.tenis-krka.org\/index.php?rest_route=%2Fwp%2Fv2%2Fcategories&post=3096"},{"taxonomy":"post_tag","embeddable":true,"href":"https:\/\/www.tenis-krka.org\/index.php?rest_route=%2Fwp%2Fv2%2Ftags&post=3096"}],"curies":[{"name":"wp","href":"https:\/\/api.w.org\/{rel}","templated":true}]}}