{"id":3086,"date":"2016-01-25T10:34:56","date_gmt":"2016-01-25T08:34:56","guid":{"rendered":"http:\/\/www.tenis-krka.org\/?p=3086"},"modified":"2019-05-27T15:15:57","modified_gmt":"2019-05-27T13:15:57","slug":"nika-sijajno-na-itf-u-prva-v-dvojicah-in-polfinalistka-posamezno","status":"publish","type":"post","link":"https:\/\/www.tenis-krka.org\/?p=3086","title":{"rendered":"NIKA SIJAJNO na ITF-u prva v dvojicah in polfinalistka posamezno"},"content":{"rendered":"<p><a href=\"http:\/\/www.tenis-krka.org\/wp-content\/uploads\/2016\/01\/Nika-ITF-Bosna.jpg\"><img loading=\"lazy\" decoding=\"async\" class=\"alignleft size-medium wp-image-3087\" src=\"http:\/\/www.tenis-krka.org\/wp-content\/uploads\/2016\/01\/Nika-ITF-Bosna-300x225.jpg\" alt=\"Nika ITF Bosna\" width=\"300\" height=\"225\" srcset=\"https:\/\/www.tenis-krka.org\/wp-content\/uploads\/2016\/01\/Nika-ITF-Bosna-300x225.jpg 300w, https:\/\/www.tenis-krka.org\/wp-content\/uploads\/2016\/01\/Nika-ITF-Bosna-1024x768.jpg 1024w, https:\/\/www.tenis-krka.org\/wp-content\/uploads\/2016\/01\/Nika-ITF-Bosna.jpg 1136w\" sizes=\"auto, (max-width: 300px) 100vw, 300px\" \/><\/a><strong>Nika Zupan\u010di\u010d<\/strong> nadaljuje odli\u010dne nastope na ITF junior turnirjih. \u0160iroki Brijeg v Bosni je gostil mlade tenisa\u010dice in tenisa\u010de.<\/p>\n<p>Nika je v paru z\u00a0Axana MAREEN (BEL) <strong>osvojila 1. mesto med dvojicami<\/strong>.<\/p>\n<p>V igri posameznic pa<strong> je pri\u0161la vse do polfinala<\/strong>.<\/p>\n<h4><span style=\"color: #ff0000\"><strong>Bravo Nika<\/strong><\/span><\/h4>\n","protected":false},"excerpt":{"rendered":"<p>Nika Zupan\u010di\u010d nadaljuje odli\u010dne nastope na ITF junior turnirjih. \u0160iroki Brijeg v Bosni je gostil mlade tenisa\u010dice in tenisa\u010de. Nika je v paru z\u00a0Axana MAREEN (BEL) osvojila 1. mesto med dvojicami. V igri posameznic pa je pri\u0161la vse do polfinala. Bravo Nika<\/p>\n","protected":false},"author":1,"featured_media":0,"comment_status":"closed","ping_status":"open","sticky":false,"template":"","format":"standard","meta":{"ngg_post_thumbnail":0,"footnotes":""},"categories":[6],"tags":[],"class_list":["post-3086","post","type-post","status-publish","format-standard","hentry","category-rezult"],"aioseo_notices":[],"aioseo_head":"\n\t\t<!-- All in One SEO 4.9.10 - aioseo.com -->\n\t<meta name=\"description\" content=\"Nika Zupan\u010di\u010d nadaljuje odli\u010dne nastope na ITF junior turnirjih. \u0160iroki Brijeg v Bosni je gostil mlade tenisa\u010dice in tenisa\u010de. Nika je v paru z Axana MAREEN (BEL) osvojila 1. mesto med dvojicami. V igri posameznic pa je pri\u0161la vse do polfinala. Bravo Nika\" \/>\n\t<meta name=\"robots\" content=\"max-image-preview:large\" \/>\n\t<meta name=\"author\" content=\"admin\"\/>\n\t<link rel=\"canonical\" href=\"https:\/\/www.tenis-krka.org\/?p=3086\" \/>\n\t<meta name=\"generator\" content=\"All in One SEO (AIOSEO) 4.9.10\" \/>\n\t\t<meta property=\"og:locale\" content=\"sl_SI\" \/>\n\t\t<meta property=\"og:site_name\" content=\"Teni\u0161ki klub Krka Oto\u010dec | Vse o klubu, novice, dogodki, rezultati in \u0161e veliko ve\u010d...\" \/>\n\t\t<meta property=\"og:type\" content=\"article\" \/>\n\t\t<meta property=\"og:title\" content=\"NIKA SIJAJNO na ITF-u prva v dvojicah in polfinalistka posamezno | Teni\u0161ki klub Krka Oto\u010dec\" \/>\n\t\t<meta property=\"og:description\" content=\"Nika Zupan\u010di\u010d nadaljuje odli\u010dne nastope na ITF junior turnirjih. \u0160iroki Brijeg v Bosni je gostil mlade tenisa\u010dice in tenisa\u010de. Nika je v paru z Axana MAREEN (BEL) osvojila 1. mesto med dvojicami. V igri posameznic pa je pri\u0161la vse do polfinala. Bravo Nika\" \/>\n\t\t<meta property=\"og:url\" content=\"https:\/\/www.tenis-krka.org\/?p=3086\" \/>\n\t\t<meta property=\"article:published_time\" content=\"2016-01-25T08:34:56+00:00\" \/>\n\t\t<meta property=\"article:modified_time\" content=\"2019-05-27T13:15:57+00:00\" \/>\n\t\t<meta name=\"twitter:card\" content=\"summary_large_image\" \/>\n\t\t<meta name=\"twitter:title\" content=\"NIKA SIJAJNO na ITF-u prva v dvojicah in polfinalistka posamezno | Teni\u0161ki klub Krka Oto\u010dec\" \/>\n\t\t<meta name=\"twitter:description\" content=\"Nika Zupan\u010di\u010d nadaljuje odli\u010dne nastope na ITF junior turnirjih. \u0160iroki Brijeg v Bosni je gostil mlade tenisa\u010dice in tenisa\u010de. Nika je v paru z Axana MAREEN (BEL) osvojila 1. mesto med dvojicami. V igri posameznic pa je pri\u0161la vse do polfinala. Bravo Nika\" \/>\n\t\t<script type=\"application\/ld+json\" class=\"aioseo-schema\">\n\t\t\t{\"@context\":\"https:\\\/\\\/schema.org\",\"@graph\":[{\"@type\":\"Article\",\"@id\":\"https:\\\/\\\/www.tenis-krka.org\\\/?p=3086#article\",\"name\":\"NIKA SIJAJNO na ITF-u prva v dvojicah in polfinalistka posamezno | Teni\\u0161ki klub Krka Oto\\u010dec\",\"headline\":\"NIKA SIJAJNO na ITF-u prva v dvojicah in polfinalistka posamezno\",\"author\":{\"@id\":\"https:\\\/\\\/www.tenis-krka.org\\\/?author=1#author\"},\"publisher\":{\"@id\":\"https:\\\/\\\/www.tenis-krka.org\\\/#organization\"},\"image\":{\"@type\":\"ImageObject\",\"url\":\"https:\\\/\\\/www.tenis-krka.org\\\/wp-content\\\/uploads\\\/2016\\\/01\\\/Nika-ITF-Bosna.jpg\",\"@id\":\"https:\\\/\\\/www.tenis-krka.org\\\/?p=3086\\\/#articleImage\",\"width\":1136,\"height\":852},\"datePublished\":\"2016-01-25T10:34:56+02:00\",\"dateModified\":\"2019-05-27T15:15:57+02:00\",\"inLanguage\":\"sl-SI\",\"mainEntityOfPage\":{\"@id\":\"https:\\\/\\\/www.tenis-krka.org\\\/?p=3086#webpage\"},\"isPartOf\":{\"@id\":\"https:\\\/\\\/www.tenis-krka.org\\\/?p=3086#webpage\"},\"articleSection\":\"Rezultati\"},{\"@type\":\"BreadcrumbList\",\"@id\":\"https:\\\/\\\/www.tenis-krka.org\\\/?p=3086#breadcrumblist\",\"itemListElement\":[{\"@type\":\"ListItem\",\"@id\":\"https:\\\/\\\/www.tenis-krka.org#listItem\",\"position\":1,\"name\":\"Domov\",\"item\":\"https:\\\/\\\/www.tenis-krka.org\",\"nextItem\":{\"@type\":\"ListItem\",\"@id\":\"https:\\\/\\\/www.tenis-krka.org\\\/?cat=6#listItem\",\"name\":\"Rezultati\"}},{\"@type\":\"ListItem\",\"@id\":\"https:\\\/\\\/www.tenis-krka.org\\\/?cat=6#listItem\",\"position\":2,\"name\":\"Rezultati\",\"item\":\"https:\\\/\\\/www.tenis-krka.org\\\/?cat=6\",\"nextItem\":{\"@type\":\"ListItem\",\"@id\":\"https:\\\/\\\/www.tenis-krka.org\\\/?p=3086#listItem\",\"name\":\"NIKA SIJAJNO na ITF-u prva v dvojicah in polfinalistka posamezno\"},\"previousItem\":{\"@type\":\"ListItem\",\"@id\":\"https:\\\/\\\/www.tenis-krka.org#listItem\",\"name\":\"Domov\"}},{\"@type\":\"ListItem\",\"@id\":\"https:\\\/\\\/www.tenis-krka.org\\\/?p=3086#listItem\",\"position\":3,\"name\":\"NIKA SIJAJNO na ITF-u prva v dvojicah in polfinalistka posamezno\",\"previousItem\":{\"@type\":\"ListItem\",\"@id\":\"https:\\\/\\\/www.tenis-krka.org\\\/?cat=6#listItem\",\"name\":\"Rezultati\"}}]},{\"@type\":\"Organization\",\"@id\":\"https:\\\/\\\/www.tenis-krka.org\\\/#organization\",\"name\":\"Teni\\u0161ki klub Krka Oto\\u010dec\",\"description\":\"Vse o klubu, novice, dogodki, rezultati in \\u0161e veliko ve\\u010d...\",\"url\":\"https:\\\/\\\/www.tenis-krka.org\\\/\"},{\"@type\":\"Person\",\"@id\":\"https:\\\/\\\/www.tenis-krka.org\\\/?author=1#author\",\"url\":\"https:\\\/\\\/www.tenis-krka.org\\\/?author=1\",\"name\":\"admin\",\"image\":{\"@type\":\"ImageObject\",\"@id\":\"https:\\\/\\\/www.tenis-krka.org\\\/?p=3086#authorImage\",\"url\":\"https:\\\/\\\/secure.gravatar.com\\\/avatar\\\/9e60ad079c111140ec6df07f7c8d348b27680a6649653907523325cecd07935e?s=96&d=mm&r=g\",\"width\":96,\"height\":96,\"caption\":\"admin\"}},{\"@type\":\"WebPage\",\"@id\":\"https:\\\/\\\/www.tenis-krka.org\\\/?p=3086#webpage\",\"url\":\"https:\\\/\\\/www.tenis-krka.org\\\/?p=3086\",\"name\":\"NIKA SIJAJNO na ITF-u prva v dvojicah in polfinalistka posamezno | Teni\\u0161ki klub Krka Oto\\u010dec\",\"description\":\"Nika Zupan\\u010di\\u010d nadaljuje odli\\u010dne nastope na ITF junior turnirjih. \\u0160iroki Brijeg v Bosni je gostil mlade tenisa\\u010dice in tenisa\\u010de. Nika je v paru z Axana MAREEN (BEL) osvojila 1. mesto med dvojicami. V igri posameznic pa je pri\\u0161la vse do polfinala. Bravo Nika\",\"inLanguage\":\"sl-SI\",\"isPartOf\":{\"@id\":\"https:\\\/\\\/www.tenis-krka.org\\\/#website\"},\"breadcrumb\":{\"@id\":\"https:\\\/\\\/www.tenis-krka.org\\\/?p=3086#breadcrumblist\"},\"author\":{\"@id\":\"https:\\\/\\\/www.tenis-krka.org\\\/?author=1#author\"},\"creator\":{\"@id\":\"https:\\\/\\\/www.tenis-krka.org\\\/?author=1#author\"},\"datePublished\":\"2016-01-25T10:34:56+02:00\",\"dateModified\":\"2019-05-27T15:15:57+02:00\"},{\"@type\":\"WebSite\",\"@id\":\"https:\\\/\\\/www.tenis-krka.org\\\/#website\",\"url\":\"https:\\\/\\\/www.tenis-krka.org\\\/\",\"name\":\"Teni\\u0161ki klub Krka Oto\\u010dec\",\"description\":\"Vse o klubu, novice, dogodki, rezultati in \\u0161e veliko ve\\u010d...\",\"inLanguage\":\"sl-SI\",\"publisher\":{\"@id\":\"https:\\\/\\\/www.tenis-krka.org\\\/#organization\"}}]}\n\t\t<\/script>\n\t\t<!-- All in One SEO -->\n\n","aioseo_head_json":{"title":"NIKA SIJAJNO na ITF-u prva v dvojicah in polfinalistka posamezno | Teni\u0161ki klub Krka Oto\u010dec","description":"Nika Zupan\u010di\u010d nadaljuje odli\u010dne nastope na ITF junior turnirjih. \u0160iroki Brijeg v Bosni je gostil mlade tenisa\u010dice in tenisa\u010de. Nika je v paru z Axana MAREEN (BEL) osvojila 1. mesto med dvojicami. V igri posameznic pa je pri\u0161la vse do polfinala. Bravo Nika","canonical_url":"https:\/\/www.tenis-krka.org\/?p=3086","robots":"max-image-preview:large","keywords":"","webmasterTools":{"miscellaneous":""},"schema":{"@context":"https:\/\/schema.org","@graph":[{"@type":"Article","@id":"https:\/\/www.tenis-krka.org\/?p=3086#article","name":"NIKA SIJAJNO na ITF-u prva v dvojicah in polfinalistka posamezno | Teni\u0161ki klub Krka Oto\u010dec","headline":"NIKA SIJAJNO na ITF-u prva v dvojicah in polfinalistka posamezno","author":{"@id":"https:\/\/www.tenis-krka.org\/?author=1#author"},"publisher":{"@id":"https:\/\/www.tenis-krka.org\/#organization"},"image":{"@type":"ImageObject","url":"https:\/\/www.tenis-krka.org\/wp-content\/uploads\/2016\/01\/Nika-ITF-Bosna.jpg","@id":"https:\/\/www.tenis-krka.org\/?p=3086\/#articleImage","width":1136,"height":852},"datePublished":"2016-01-25T10:34:56+02:00","dateModified":"2019-05-27T15:15:57+02:00","inLanguage":"sl-SI","mainEntityOfPage":{"@id":"https:\/\/www.tenis-krka.org\/?p=3086#webpage"},"isPartOf":{"@id":"https:\/\/www.tenis-krka.org\/?p=3086#webpage"},"articleSection":"Rezultati"},{"@type":"BreadcrumbList","@id":"https:\/\/www.tenis-krka.org\/?p=3086#breadcrumblist","itemListElement":[{"@type":"ListItem","@id":"https:\/\/www.tenis-krka.org#listItem","position":1,"name":"Domov","item":"https:\/\/www.tenis-krka.org","nextItem":{"@type":"ListItem","@id":"https:\/\/www.tenis-krka.org\/?cat=6#listItem","name":"Rezultati"}},{"@type":"ListItem","@id":"https:\/\/www.tenis-krka.org\/?cat=6#listItem","position":2,"name":"Rezultati","item":"https:\/\/www.tenis-krka.org\/?cat=6","nextItem":{"@type":"ListItem","@id":"https:\/\/www.tenis-krka.org\/?p=3086#listItem","name":"NIKA SIJAJNO na ITF-u prva v dvojicah in polfinalistka posamezno"},"previousItem":{"@type":"ListItem","@id":"https:\/\/www.tenis-krka.org#listItem","name":"Domov"}},{"@type":"ListItem","@id":"https:\/\/www.tenis-krka.org\/?p=3086#listItem","position":3,"name":"NIKA SIJAJNO na ITF-u prva v dvojicah in polfinalistka posamezno","previousItem":{"@type":"ListItem","@id":"https:\/\/www.tenis-krka.org\/?cat=6#listItem","name":"Rezultati"}}]},{"@type":"Organization","@id":"https:\/\/www.tenis-krka.org\/#organization","name":"Teni\u0161ki klub Krka Oto\u010dec","description":"Vse o klubu, novice, dogodki, rezultati in \u0161e veliko ve\u010d...","url":"https:\/\/www.tenis-krka.org\/"},{"@type":"Person","@id":"https:\/\/www.tenis-krka.org\/?author=1#author","url":"https:\/\/www.tenis-krka.org\/?author=1","name":"admin","image":{"@type":"ImageObject","@id":"https:\/\/www.tenis-krka.org\/?p=3086#authorImage","url":"https:\/\/secure.gravatar.com\/avatar\/9e60ad079c111140ec6df07f7c8d348b27680a6649653907523325cecd07935e?s=96&d=mm&r=g","width":96,"height":96,"caption":"admin"}},{"@type":"WebPage","@id":"https:\/\/www.tenis-krka.org\/?p=3086#webpage","url":"https:\/\/www.tenis-krka.org\/?p=3086","name":"NIKA SIJAJNO na ITF-u prva v dvojicah in polfinalistka posamezno | Teni\u0161ki klub Krka Oto\u010dec","description":"Nika Zupan\u010di\u010d nadaljuje odli\u010dne nastope na ITF junior turnirjih. \u0160iroki Brijeg v Bosni je gostil mlade tenisa\u010dice in tenisa\u010de. Nika je v paru z Axana MAREEN (BEL) osvojila 1. mesto med dvojicami. V igri posameznic pa je pri\u0161la vse do polfinala. Bravo Nika","inLanguage":"sl-SI","isPartOf":{"@id":"https:\/\/www.tenis-krka.org\/#website"},"breadcrumb":{"@id":"https:\/\/www.tenis-krka.org\/?p=3086#breadcrumblist"},"author":{"@id":"https:\/\/www.tenis-krka.org\/?author=1#author"},"creator":{"@id":"https:\/\/www.tenis-krka.org\/?author=1#author"},"datePublished":"2016-01-25T10:34:56+02:00","dateModified":"2019-05-27T15:15:57+02:00"},{"@type":"WebSite","@id":"https:\/\/www.tenis-krka.org\/#website","url":"https:\/\/www.tenis-krka.org\/","name":"Teni\u0161ki klub Krka Oto\u010dec","description":"Vse o klubu, novice, dogodki, rezultati in \u0161e veliko ve\u010d...","inLanguage":"sl-SI","publisher":{"@id":"https:\/\/www.tenis-krka.org\/#organization"}}]},"og:locale":"sl_SI","og:site_name":"Teni\u0161ki klub Krka Oto\u010dec | Vse o klubu, novice, dogodki, rezultati in \u0161e veliko ve\u010d...","og:type":"article","og:title":"NIKA SIJAJNO na ITF-u prva v dvojicah in polfinalistka posamezno | Teni\u0161ki klub Krka Oto\u010dec","og:description":"Nika Zupan\u010di\u010d nadaljuje odli\u010dne nastope na ITF junior turnirjih. \u0160iroki Brijeg v Bosni je gostil mlade tenisa\u010dice in tenisa\u010de. Nika je v paru z Axana MAREEN (BEL) osvojila 1. mesto med dvojicami. V igri posameznic pa je pri\u0161la vse do polfinala. Bravo Nika","og:url":"https:\/\/www.tenis-krka.org\/?p=3086","article:published_time":"2016-01-25T08:34:56+00:00","article:modified_time":"2019-05-27T13:15:57+00:00","twitter:card":"summary_large_image","twitter:title":"NIKA SIJAJNO na ITF-u prva v dvojicah in polfinalistka posamezno | Teni\u0161ki klub Krka Oto\u010dec","twitter:description":"Nika Zupan\u010di\u010d nadaljuje odli\u010dne nastope na ITF junior turnirjih. \u0160iroki Brijeg v Bosni je gostil mlade tenisa\u010dice in tenisa\u010de. Nika je v paru z Axana MAREEN (BEL) osvojila 1. mesto med dvojicami. V igri posameznic pa je pri\u0161la vse do polfinala. Bravo Nika"},"aioseo_meta_data":{"post_id":"3086","title":null,"description":null,"keywords":null,"keyphrases":null,"primary_term":null,"canonical_url":null,"og_title":null,"og_description":null,"og_object_type":"default","og_image_type":"default","og_image_url":null,"og_image_width":null,"og_image_height":null,"og_image_custom_url":null,"og_image_custom_fields":null,"og_video":null,"og_custom_url":null,"og_article_section":null,"og_article_tags":null,"twitter_use_og":false,"twitter_card":"default","twitter_image_type":"default","twitter_image_url":null,"twitter_image_custom_url":null,"twitter_image_custom_fields":null,"twitter_title":null,"twitter_description":null,"schema":{"blockGraphs":[],"customGraphs":[],"default":{"data":{"Article":[],"Course":[],"Dataset":[],"FAQPage":[],"Movie":[],"Person":[],"Product":[],"ProductReview":[],"Car":[],"Recipe":[],"Service":[],"SoftwareApplication":[],"WebPage":[]},"graphName":"","isEnabled":true},"graphs":[]},"schema_type":"default","schema_type_options":null,"pillar_content":false,"robots_default":true,"robots_noindex":false,"robots_noarchive":false,"robots_nosnippet":false,"robots_nofollow":false,"robots_noimageindex":false,"robots_noodp":false,"robots_notranslate":false,"robots_max_snippet":null,"robots_max_videopreview":null,"robots_max_imagepreview":"large","priority":null,"frequency":null,"local_seo":null,"breadcrumb_settings":null,"limit_modified_date":false,"ai":null,"created":"2024-08-30 08:49:33","updated":"2025-10-22 05:36:20","seo_analyzer_scan_date":null},"aioseo_breadcrumb":"<div class=\"aioseo-breadcrumbs\"><span class=\"aioseo-breadcrumb\">\n\t\t\t<a href=\"https:\/\/www.tenis-krka.org\" title=\"Domov\">Domov<\/a>\n\t\t<\/span><span class=\"aioseo-breadcrumb-separator\">&raquo;<\/span><span class=\"aioseo-breadcrumb\">\n\t\t\t<a href=\"https:\/\/www.tenis-krka.org\/?cat=6\" title=\"Rezultati\">Rezultati<\/a>\n\t\t<\/span><span class=\"aioseo-breadcrumb-separator\">&raquo;<\/span><span class=\"aioseo-breadcrumb\">\n\t\t\tNIKA SIJAJNO na ITF-u prva v dvojicah in polfinalistka posamezno\n\t\t<\/span><\/div>","aioseo_breadcrumb_json":[{"label":"Domov","link":"https:\/\/www.tenis-krka.org"},{"label":"Rezultati","link":"https:\/\/www.tenis-krka.org\/?cat=6"},{"label":"NIKA SIJAJNO na ITF-u prva v dvojicah in polfinalistka posamezno","link":"https:\/\/www.tenis-krka.org\/?p=3086"}],"_links":{"self":[{"href":"https:\/\/www.tenis-krka.org\/index.php?rest_route=\/wp\/v2\/posts\/3086","targetHints":{"allow":["GET"]}}],"collection":[{"href":"https:\/\/www.tenis-krka.org\/index.php?rest_route=\/wp\/v2\/posts"}],"about":[{"href":"https:\/\/www.tenis-krka.org\/index.php?rest_route=\/wp\/v2\/types\/post"}],"author":[{"embeddable":true,"href":"https:\/\/www.tenis-krka.org\/index.php?rest_route=\/wp\/v2\/users\/1"}],"replies":[{"embeddable":true,"href":"https:\/\/www.tenis-krka.org\/index.php?rest_route=%2Fwp%2Fv2%2Fcomments&post=3086"}],"version-history":[{"count":1,"href":"https:\/\/www.tenis-krka.org\/index.php?rest_route=\/wp\/v2\/posts\/3086\/revisions"}],"predecessor-version":[{"id":3088,"href":"https:\/\/www.tenis-krka.org\/index.php?rest_route=\/wp\/v2\/posts\/3086\/revisions\/3088"}],"wp:attachment":[{"href":"https:\/\/www.tenis-krka.org\/index.php?rest_route=%2Fwp%2Fv2%2Fmedia&parent=3086"}],"wp:term":[{"taxonomy":"category","embeddable":true,"href":"https:\/\/www.tenis-krka.org\/index.php?rest_route=%2Fwp%2Fv2%2Fcategories&post=3086"},{"taxonomy":"post_tag","embeddable":true,"href":"https:\/\/www.tenis-krka.org\/index.php?rest_route=%2Fwp%2Fv2%2Ftags&post=3086"}],"curies":[{"name":"wp","href":"https:\/\/api.w.org\/{rel}","templated":true}]}}