{"id":3034,"date":"2015-09-22T12:54:04","date_gmt":"2015-09-22T10:54:04","guid":{"rendered":"http:\/\/www.tenis-krka.org\/?p=3034"},"modified":"2019-05-27T15:15:58","modified_gmt":"2019-05-27T13:15:58","slug":"mladi-tenisaci-iz-os-grm-in-os-center","status":"publish","type":"post","link":"https:\/\/www.tenis-krka.org\/?p=3034","title":{"rendered":"Mladi tenisa\u010di iz O\u0160 Grm in O\u0160 Center"},"content":{"rendered":"<p><a href=\"http:\/\/www.tenis-krka.org\/wp-content\/uploads\/2015\/09\/O\u0160-grm2.jpg\"><img loading=\"lazy\" decoding=\"async\" class=\"alignleft size-medium wp-image-3036\" src=\"http:\/\/www.tenis-krka.org\/wp-content\/uploads\/2015\/09\/O\u0160-grm2-300x170.jpg\" alt=\"O\u0160 grm2\" width=\"300\" height=\"170\" srcset=\"https:\/\/www.tenis-krka.org\/wp-content\/uploads\/2015\/09\/O\u0160-grm2-300x170.jpg 300w, https:\/\/www.tenis-krka.org\/wp-content\/uploads\/2015\/09\/O\u0160-grm2-1024x579.jpg 1024w, https:\/\/www.tenis-krka.org\/wp-content\/uploads\/2015\/09\/O\u0160-grm2.jpg 1471w\" sizes=\"auto, (max-width: 300px) 100vw, 300px\" \/><\/a>Trener Du\u0161an Ho\u010devar je pri\u010del z vadbo \u00a0v O\u0160 Grm in O\u0160 Center v Novem mestu v pred urah ob 7.30.<\/p>\n<p>Odziv je dober in za kasneje upamo, da postanejo del ekipe TK Krka Oto\u010dec.<\/p>\n<p>Bravo Du\u0161an.<\/p>\n<p>(mh)<\/p>\n<p>&nbsp;<\/p>\n<p><a href=\"http:\/\/www.tenis-krka.org\/wp-content\/uploads\/2015\/09\/O\u0160-Grm.jpg\"><img loading=\"lazy\" decoding=\"async\" class=\"alignleft size-thumbnail wp-image-3035\" src=\"http:\/\/www.tenis-krka.org\/wp-content\/uploads\/2015\/09\/O\u0160-Grm-150x150.jpg\" alt=\"O\u0160 Grm\" width=\"150\" height=\"150\" \/><\/a><\/p>\n","protected":false},"excerpt":{"rendered":"<p>Trener Du\u0161an Ho\u010devar je pri\u010del z vadbo \u00a0v O\u0160 Grm in O\u0160 Center v Novem mestu v pred urah ob 7.30. Odziv je dober in za kasneje upamo, da postanejo del ekipe TK Krka Oto\u010dec. Bravo Du\u0161an. (mh) &nbsp;<\/p>\n","protected":false},"author":1,"featured_media":0,"comment_status":"closed","ping_status":"open","sticky":false,"template":"","format":"standard","meta":{"ngg_post_thumbnail":0,"footnotes":""},"categories":[4,7],"tags":[],"class_list":["post-3034","post","type-post","status-publish","format-standard","hentry","category-dog","category-tsola"],"aioseo_notices":[],"aioseo_head":"\n\t\t<!-- All in One SEO 4.9.10 - aioseo.com -->\n\t<meta name=\"description\" content=\"Trener Du\u0161an Ho\u010devar je pri\u010del z vadbo v O\u0160 Grm in O\u0160 Center v Novem mestu v pred urah ob 7.30. Odziv je dober in za kasneje upamo, da postanejo del ekipe TK Krka Oto\u010dec. Bravo Du\u0161an. (mh)\" \/>\n\t<meta name=\"robots\" content=\"max-image-preview:large\" \/>\n\t<meta name=\"author\" content=\"admin\"\/>\n\t<link rel=\"canonical\" href=\"https:\/\/www.tenis-krka.org\/?p=3034\" \/>\n\t<meta name=\"generator\" content=\"All in One SEO (AIOSEO) 4.9.10\" \/>\n\t\t<meta property=\"og:locale\" content=\"sl_SI\" \/>\n\t\t<meta property=\"og:site_name\" content=\"Teni\u0161ki klub Krka Oto\u010dec | Vse o klubu, novice, dogodki, rezultati in \u0161e veliko ve\u010d...\" \/>\n\t\t<meta property=\"og:type\" content=\"article\" \/>\n\t\t<meta property=\"og:title\" content=\"Mladi tenisa\u010di iz O\u0160 Grm in O\u0160 Center | Teni\u0161ki klub Krka Oto\u010dec\" \/>\n\t\t<meta property=\"og:description\" content=\"Trener Du\u0161an Ho\u010devar je pri\u010del z vadbo v O\u0160 Grm in O\u0160 Center v Novem mestu v pred urah ob 7.30. Odziv je dober in za kasneje upamo, da postanejo del ekipe TK Krka Oto\u010dec. Bravo Du\u0161an. (mh)\" \/>\n\t\t<meta property=\"og:url\" content=\"https:\/\/www.tenis-krka.org\/?p=3034\" \/>\n\t\t<meta property=\"article:published_time\" content=\"2015-09-22T10:54:04+00:00\" \/>\n\t\t<meta property=\"article:modified_time\" content=\"2019-05-27T13:15:58+00:00\" \/>\n\t\t<meta name=\"twitter:card\" content=\"summary_large_image\" \/>\n\t\t<meta name=\"twitter:title\" content=\"Mladi tenisa\u010di iz O\u0160 Grm in O\u0160 Center | Teni\u0161ki klub Krka Oto\u010dec\" \/>\n\t\t<meta name=\"twitter:description\" content=\"Trener Du\u0161an Ho\u010devar je pri\u010del z vadbo v O\u0160 Grm in O\u0160 Center v Novem mestu v pred urah ob 7.30. Odziv je dober in za kasneje upamo, da postanejo del ekipe TK Krka Oto\u010dec. Bravo Du\u0161an. (mh)\" \/>\n\t\t<script type=\"application\/ld+json\" class=\"aioseo-schema\">\n\t\t\t{\"@context\":\"https:\\\/\\\/schema.org\",\"@graph\":[{\"@type\":\"Article\",\"@id\":\"https:\\\/\\\/www.tenis-krka.org\\\/?p=3034#article\",\"name\":\"Mladi tenisa\\u010di iz O\\u0160 Grm in O\\u0160 Center | Teni\\u0161ki klub Krka Oto\\u010dec\",\"headline\":\"Mladi tenisa\\u010di iz O\\u0160 Grm in O\\u0160 Center\",\"author\":{\"@id\":\"https:\\\/\\\/www.tenis-krka.org\\\/?author=1#author\"},\"publisher\":{\"@id\":\"https:\\\/\\\/www.tenis-krka.org\\\/#organization\"},\"image\":{\"@type\":\"ImageObject\",\"url\":\"https:\\\/\\\/www.tenis-krka.org\\\/wp-content\\\/uploads\\\/2015\\\/09\\\/O\\u0160-grm2.jpg\",\"@id\":\"https:\\\/\\\/www.tenis-krka.org\\\/?p=3034\\\/#articleImage\",\"width\":1471,\"height\":832},\"datePublished\":\"2015-09-22T12:54:04+02:00\",\"dateModified\":\"2019-05-27T15:15:58+02:00\",\"inLanguage\":\"sl-SI\",\"mainEntityOfPage\":{\"@id\":\"https:\\\/\\\/www.tenis-krka.org\\\/?p=3034#webpage\"},\"isPartOf\":{\"@id\":\"https:\\\/\\\/www.tenis-krka.org\\\/?p=3034#webpage\"},\"articleSection\":\"Dogodki, Teni\\u0161ka \\u0161ola\"},{\"@type\":\"BreadcrumbList\",\"@id\":\"https:\\\/\\\/www.tenis-krka.org\\\/?p=3034#breadcrumblist\",\"itemListElement\":[{\"@type\":\"ListItem\",\"@id\":\"https:\\\/\\\/www.tenis-krka.org#listItem\",\"position\":1,\"name\":\"Domov\",\"item\":\"https:\\\/\\\/www.tenis-krka.org\",\"nextItem\":{\"@type\":\"ListItem\",\"@id\":\"https:\\\/\\\/www.tenis-krka.org\\\/?cat=4#listItem\",\"name\":\"Dogodki\"}},{\"@type\":\"ListItem\",\"@id\":\"https:\\\/\\\/www.tenis-krka.org\\\/?cat=4#listItem\",\"position\":2,\"name\":\"Dogodki\",\"item\":\"https:\\\/\\\/www.tenis-krka.org\\\/?cat=4\",\"nextItem\":{\"@type\":\"ListItem\",\"@id\":\"https:\\\/\\\/www.tenis-krka.org\\\/?p=3034#listItem\",\"name\":\"Mladi tenisa\\u010di iz O\\u0160 Grm in O\\u0160 Center\"},\"previousItem\":{\"@type\":\"ListItem\",\"@id\":\"https:\\\/\\\/www.tenis-krka.org#listItem\",\"name\":\"Domov\"}},{\"@type\":\"ListItem\",\"@id\":\"https:\\\/\\\/www.tenis-krka.org\\\/?p=3034#listItem\",\"position\":3,\"name\":\"Mladi tenisa\\u010di iz O\\u0160 Grm in O\\u0160 Center\",\"previousItem\":{\"@type\":\"ListItem\",\"@id\":\"https:\\\/\\\/www.tenis-krka.org\\\/?cat=4#listItem\",\"name\":\"Dogodki\"}}]},{\"@type\":\"Organization\",\"@id\":\"https:\\\/\\\/www.tenis-krka.org\\\/#organization\",\"name\":\"Teni\\u0161ki klub Krka Oto\\u010dec\",\"description\":\"Vse o klubu, novice, dogodki, rezultati in \\u0161e veliko ve\\u010d...\",\"url\":\"https:\\\/\\\/www.tenis-krka.org\\\/\"},{\"@type\":\"Person\",\"@id\":\"https:\\\/\\\/www.tenis-krka.org\\\/?author=1#author\",\"url\":\"https:\\\/\\\/www.tenis-krka.org\\\/?author=1\",\"name\":\"admin\",\"image\":{\"@type\":\"ImageObject\",\"@id\":\"https:\\\/\\\/www.tenis-krka.org\\\/?p=3034#authorImage\",\"url\":\"https:\\\/\\\/secure.gravatar.com\\\/avatar\\\/9e60ad079c111140ec6df07f7c8d348b27680a6649653907523325cecd07935e?s=96&d=mm&r=g\",\"width\":96,\"height\":96,\"caption\":\"admin\"}},{\"@type\":\"WebPage\",\"@id\":\"https:\\\/\\\/www.tenis-krka.org\\\/?p=3034#webpage\",\"url\":\"https:\\\/\\\/www.tenis-krka.org\\\/?p=3034\",\"name\":\"Mladi tenisa\\u010di iz O\\u0160 Grm in O\\u0160 Center | Teni\\u0161ki klub Krka Oto\\u010dec\",\"description\":\"Trener Du\\u0161an Ho\\u010devar je pri\\u010del z vadbo v O\\u0160 Grm in O\\u0160 Center v Novem mestu v pred urah ob 7.30. Odziv je dober in za kasneje upamo, da postanejo del ekipe TK Krka Oto\\u010dec. Bravo Du\\u0161an. (mh)\",\"inLanguage\":\"sl-SI\",\"isPartOf\":{\"@id\":\"https:\\\/\\\/www.tenis-krka.org\\\/#website\"},\"breadcrumb\":{\"@id\":\"https:\\\/\\\/www.tenis-krka.org\\\/?p=3034#breadcrumblist\"},\"author\":{\"@id\":\"https:\\\/\\\/www.tenis-krka.org\\\/?author=1#author\"},\"creator\":{\"@id\":\"https:\\\/\\\/www.tenis-krka.org\\\/?author=1#author\"},\"datePublished\":\"2015-09-22T12:54:04+02:00\",\"dateModified\":\"2019-05-27T15:15:58+02:00\"},{\"@type\":\"WebSite\",\"@id\":\"https:\\\/\\\/www.tenis-krka.org\\\/#website\",\"url\":\"https:\\\/\\\/www.tenis-krka.org\\\/\",\"name\":\"Teni\\u0161ki klub Krka Oto\\u010dec\",\"description\":\"Vse o klubu, novice, dogodki, rezultati in \\u0161e veliko ve\\u010d...\",\"inLanguage\":\"sl-SI\",\"publisher\":{\"@id\":\"https:\\\/\\\/www.tenis-krka.org\\\/#organization\"}}]}\n\t\t<\/script>\n\t\t<!-- All in One SEO -->\n\n","aioseo_head_json":{"title":"Mladi tenisa\u010di iz O\u0160 Grm in O\u0160 Center | Teni\u0161ki klub Krka Oto\u010dec","description":"Trener Du\u0161an Ho\u010devar je pri\u010del z vadbo v O\u0160 Grm in O\u0160 Center v Novem mestu v pred urah ob 7.30. Odziv je dober in za kasneje upamo, da postanejo del ekipe TK Krka Oto\u010dec. Bravo Du\u0161an. (mh)","canonical_url":"https:\/\/www.tenis-krka.org\/?p=3034","robots":"max-image-preview:large","keywords":"","webmasterTools":{"miscellaneous":""},"schema":{"@context":"https:\/\/schema.org","@graph":[{"@type":"Article","@id":"https:\/\/www.tenis-krka.org\/?p=3034#article","name":"Mladi tenisa\u010di iz O\u0160 Grm in O\u0160 Center | Teni\u0161ki klub Krka Oto\u010dec","headline":"Mladi tenisa\u010di iz O\u0160 Grm in O\u0160 Center","author":{"@id":"https:\/\/www.tenis-krka.org\/?author=1#author"},"publisher":{"@id":"https:\/\/www.tenis-krka.org\/#organization"},"image":{"@type":"ImageObject","url":"https:\/\/www.tenis-krka.org\/wp-content\/uploads\/2015\/09\/O\u0160-grm2.jpg","@id":"https:\/\/www.tenis-krka.org\/?p=3034\/#articleImage","width":1471,"height":832},"datePublished":"2015-09-22T12:54:04+02:00","dateModified":"2019-05-27T15:15:58+02:00","inLanguage":"sl-SI","mainEntityOfPage":{"@id":"https:\/\/www.tenis-krka.org\/?p=3034#webpage"},"isPartOf":{"@id":"https:\/\/www.tenis-krka.org\/?p=3034#webpage"},"articleSection":"Dogodki, Teni\u0161ka \u0161ola"},{"@type":"BreadcrumbList","@id":"https:\/\/www.tenis-krka.org\/?p=3034#breadcrumblist","itemListElement":[{"@type":"ListItem","@id":"https:\/\/www.tenis-krka.org#listItem","position":1,"name":"Domov","item":"https:\/\/www.tenis-krka.org","nextItem":{"@type":"ListItem","@id":"https:\/\/www.tenis-krka.org\/?cat=4#listItem","name":"Dogodki"}},{"@type":"ListItem","@id":"https:\/\/www.tenis-krka.org\/?cat=4#listItem","position":2,"name":"Dogodki","item":"https:\/\/www.tenis-krka.org\/?cat=4","nextItem":{"@type":"ListItem","@id":"https:\/\/www.tenis-krka.org\/?p=3034#listItem","name":"Mladi tenisa\u010di iz O\u0160 Grm in O\u0160 Center"},"previousItem":{"@type":"ListItem","@id":"https:\/\/www.tenis-krka.org#listItem","name":"Domov"}},{"@type":"ListItem","@id":"https:\/\/www.tenis-krka.org\/?p=3034#listItem","position":3,"name":"Mladi tenisa\u010di iz O\u0160 Grm in O\u0160 Center","previousItem":{"@type":"ListItem","@id":"https:\/\/www.tenis-krka.org\/?cat=4#listItem","name":"Dogodki"}}]},{"@type":"Organization","@id":"https:\/\/www.tenis-krka.org\/#organization","name":"Teni\u0161ki klub Krka Oto\u010dec","description":"Vse o klubu, novice, dogodki, rezultati in \u0161e veliko ve\u010d...","url":"https:\/\/www.tenis-krka.org\/"},{"@type":"Person","@id":"https:\/\/www.tenis-krka.org\/?author=1#author","url":"https:\/\/www.tenis-krka.org\/?author=1","name":"admin","image":{"@type":"ImageObject","@id":"https:\/\/www.tenis-krka.org\/?p=3034#authorImage","url":"https:\/\/secure.gravatar.com\/avatar\/9e60ad079c111140ec6df07f7c8d348b27680a6649653907523325cecd07935e?s=96&d=mm&r=g","width":96,"height":96,"caption":"admin"}},{"@type":"WebPage","@id":"https:\/\/www.tenis-krka.org\/?p=3034#webpage","url":"https:\/\/www.tenis-krka.org\/?p=3034","name":"Mladi tenisa\u010di iz O\u0160 Grm in O\u0160 Center | Teni\u0161ki klub Krka Oto\u010dec","description":"Trener Du\u0161an Ho\u010devar je pri\u010del z vadbo v O\u0160 Grm in O\u0160 Center v Novem mestu v pred urah ob 7.30. Odziv je dober in za kasneje upamo, da postanejo del ekipe TK Krka Oto\u010dec. Bravo Du\u0161an. (mh)","inLanguage":"sl-SI","isPartOf":{"@id":"https:\/\/www.tenis-krka.org\/#website"},"breadcrumb":{"@id":"https:\/\/www.tenis-krka.org\/?p=3034#breadcrumblist"},"author":{"@id":"https:\/\/www.tenis-krka.org\/?author=1#author"},"creator":{"@id":"https:\/\/www.tenis-krka.org\/?author=1#author"},"datePublished":"2015-09-22T12:54:04+02:00","dateModified":"2019-05-27T15:15:58+02:00"},{"@type":"WebSite","@id":"https:\/\/www.tenis-krka.org\/#website","url":"https:\/\/www.tenis-krka.org\/","name":"Teni\u0161ki klub Krka Oto\u010dec","description":"Vse o klubu, novice, dogodki, rezultati in \u0161e veliko ve\u010d...","inLanguage":"sl-SI","publisher":{"@id":"https:\/\/www.tenis-krka.org\/#organization"}}]},"og:locale":"sl_SI","og:site_name":"Teni\u0161ki klub Krka Oto\u010dec | Vse o klubu, novice, dogodki, rezultati in \u0161e veliko ve\u010d...","og:type":"article","og:title":"Mladi tenisa\u010di iz O\u0160 Grm in O\u0160 Center | Teni\u0161ki klub Krka Oto\u010dec","og:description":"Trener Du\u0161an Ho\u010devar je pri\u010del z vadbo v O\u0160 Grm in O\u0160 Center v Novem mestu v pred urah ob 7.30. Odziv je dober in za kasneje upamo, da postanejo del ekipe TK Krka Oto\u010dec. Bravo Du\u0161an. (mh)","og:url":"https:\/\/www.tenis-krka.org\/?p=3034","article:published_time":"2015-09-22T10:54:04+00:00","article:modified_time":"2019-05-27T13:15:58+00:00","twitter:card":"summary_large_image","twitter:title":"Mladi tenisa\u010di iz O\u0160 Grm in O\u0160 Center | Teni\u0161ki klub Krka Oto\u010dec","twitter:description":"Trener Du\u0161an Ho\u010devar je pri\u010del z vadbo v O\u0160 Grm in O\u0160 Center v Novem mestu v pred urah ob 7.30. Odziv je dober in za kasneje upamo, da postanejo del ekipe TK Krka Oto\u010dec. Bravo Du\u0161an. (mh)"},"aioseo_meta_data":{"post_id":"3034","title":null,"description":null,"keywords":null,"keyphrases":null,"primary_term":null,"canonical_url":null,"og_title":null,"og_description":null,"og_object_type":"default","og_image_type":"default","og_image_url":null,"og_image_width":null,"og_image_height":null,"og_image_custom_url":null,"og_image_custom_fields":null,"og_video":null,"og_custom_url":null,"og_article_section":null,"og_article_tags":null,"twitter_use_og":false,"twitter_card":"default","twitter_image_type":"default","twitter_image_url":null,"twitter_image_custom_url":null,"twitter_image_custom_fields":null,"twitter_title":null,"twitter_description":null,"schema":{"blockGraphs":[],"customGraphs":[],"default":{"data":{"Article":[],"Course":[],"Dataset":[],"FAQPage":[],"Movie":[],"Person":[],"Product":[],"ProductReview":[],"Car":[],"Recipe":[],"Service":[],"SoftwareApplication":[],"WebPage":[]},"graphName":"","isEnabled":true},"graphs":[]},"schema_type":"default","schema_type_options":null,"pillar_content":false,"robots_default":true,"robots_noindex":false,"robots_noarchive":false,"robots_nosnippet":false,"robots_nofollow":false,"robots_noimageindex":false,"robots_noodp":false,"robots_notranslate":false,"robots_max_snippet":null,"robots_max_videopreview":null,"robots_max_imagepreview":"large","priority":null,"frequency":null,"local_seo":null,"breadcrumb_settings":null,"limit_modified_date":false,"ai":null,"created":"2024-08-30 08:51:34","updated":"2025-10-22 05:29:36","seo_analyzer_scan_date":null},"aioseo_breadcrumb":"<div class=\"aioseo-breadcrumbs\"><span class=\"aioseo-breadcrumb\">\n\t\t\t<a href=\"https:\/\/www.tenis-krka.org\" title=\"Domov\">Domov<\/a>\n\t\t<\/span><span class=\"aioseo-breadcrumb-separator\">&raquo;<\/span><span class=\"aioseo-breadcrumb\">\n\t\t\t<a href=\"https:\/\/www.tenis-krka.org\/?cat=4\" title=\"Dogodki\">Dogodki<\/a>\n\t\t<\/span><span class=\"aioseo-breadcrumb-separator\">&raquo;<\/span><span class=\"aioseo-breadcrumb\">\n\t\t\tMladi tenisa\u010di iz O\u0160 Grm in O\u0160 Center\n\t\t<\/span><\/div>","aioseo_breadcrumb_json":[{"label":"Domov","link":"https:\/\/www.tenis-krka.org"},{"label":"Dogodki","link":"https:\/\/www.tenis-krka.org\/?cat=4"},{"label":"Mladi tenisa\u010di iz O\u0160 Grm in O\u0160 Center","link":"https:\/\/www.tenis-krka.org\/?p=3034"}],"_links":{"self":[{"href":"https:\/\/www.tenis-krka.org\/index.php?rest_route=\/wp\/v2\/posts\/3034","targetHints":{"allow":["GET"]}}],"collection":[{"href":"https:\/\/www.tenis-krka.org\/index.php?rest_route=\/wp\/v2\/posts"}],"about":[{"href":"https:\/\/www.tenis-krka.org\/index.php?rest_route=\/wp\/v2\/types\/post"}],"author":[{"embeddable":true,"href":"https:\/\/www.tenis-krka.org\/index.php?rest_route=\/wp\/v2\/users\/1"}],"replies":[{"embeddable":true,"href":"https:\/\/www.tenis-krka.org\/index.php?rest_route=%2Fwp%2Fv2%2Fcomments&post=3034"}],"version-history":[{"count":1,"href":"https:\/\/www.tenis-krka.org\/index.php?rest_route=\/wp\/v2\/posts\/3034\/revisions"}],"predecessor-version":[{"id":3037,"href":"https:\/\/www.tenis-krka.org\/index.php?rest_route=\/wp\/v2\/posts\/3034\/revisions\/3037"}],"wp:attachment":[{"href":"https:\/\/www.tenis-krka.org\/index.php?rest_route=%2Fwp%2Fv2%2Fmedia&parent=3034"}],"wp:term":[{"taxonomy":"category","embeddable":true,"href":"https:\/\/www.tenis-krka.org\/index.php?rest_route=%2Fwp%2Fv2%2Fcategories&post=3034"},{"taxonomy":"post_tag","embeddable":true,"href":"https:\/\/www.tenis-krka.org\/index.php?rest_route=%2Fwp%2Fv2%2Ftags&post=3034"}],"curies":[{"name":"wp","href":"https:\/\/api.w.org\/{rel}","templated":true}]}}