{"id":3005,"date":"2015-07-12T17:41:31","date_gmt":"2015-07-12T15:41:31","guid":{"rendered":"http:\/\/www.tenis-krka.org\/?p=3005"},"modified":"2019-05-27T15:15:58","modified_gmt":"2019-05-27T13:15:58","slug":"na-otoccu-ze-poteka-nov-mednarodni-mladinski-turnir-te-do-14-let","status":"publish","type":"post","link":"https:\/\/www.tenis-krka.org\/?p=3005","title":{"rendered":"Mednarodni mladinski turnir TE do 14 let &#8211; Oto\u010dec"},"content":{"rendered":"<p><a href=\"http:\/\/www.tenis-krka.org\/wp-content\/uploads\/2015\/07\/TE-Otocec-2015.jpg\"><img loading=\"lazy\" decoding=\"async\" class=\"alignleft size-medium wp-image-3009\" src=\"http:\/\/www.tenis-krka.org\/wp-content\/uploads\/2015\/07\/TE-Otocec-2015-300x171.jpg\" alt=\"TE Otocec 2015\" width=\"300\" height=\"171\" srcset=\"https:\/\/www.tenis-krka.org\/wp-content\/uploads\/2015\/07\/TE-Otocec-2015-300x171.jpg 300w, https:\/\/www.tenis-krka.org\/wp-content\/uploads\/2015\/07\/TE-Otocec-2015.jpg 525w\" sizes=\"auto, (max-width: 300px) 100vw, 300px\" \/><\/a><\/p>\n<p>Borut \u0160RAJ je odli\u010dne nastope na turnirju Tennis Europe do 14 let na Oto\u010dcu<br \/>\nkon\u010dal v finalu, njegovem drugem letos.<\/p>\n<p>V polfinalu je s 6-4 7-6(3) premagal 5. nosilca Nemanjo MALE\u0160EVI\u0106A iz BiH,<br \/>\nki je nastopil s posebnim povabilom.<\/p>\n<p>V finalu je igral z 2. nosilcem, Rusom Pavlom VERBINOM, ki je na poti do<br \/>\nfinala izlo\u010dil Dana TRO\u0160TA SLAPNIKA, Tilna POTO\u010cNIKA in Marka ANDREJI\u010cA<br \/>\nGOLJARJA.<\/p>\n<p>Rus je bil premo\u010dan nasprotnik tudi za Boruta \u0160RAJA in je slavil s 6-2 6-0.<\/p>\n<p>Med Slovenkami se je najdlje, do polfinala, prebila Pia LOVRI\u010c. V polfinalu<br \/>\nje morala premo\u010d priznati Italijanki Melanii DELAI. Prva nosilka je bila<br \/>\nbolj\u0161a s 6-1 6-2.<\/p>\n<p>\u017de v petek sta naslov zmagovalk v konkurenci dvojic osvojili Zala ULE in<br \/>\nMaja MAKORI\u010c.<\/p>\n","protected":false},"excerpt":{"rendered":"<p>Borut \u0160RAJ je odli\u010dne nastope na turnirju Tennis Europe do 14 let na Oto\u010dcu kon\u010dal v finalu, njegovem drugem letos. V polfinalu je s 6-4 7-6(3) premagal 5. nosilca Nemanjo MALE\u0160EVI\u0106A iz BiH, ki je nastopil s posebnim povabilom. V finalu je igral z 2. nosilcem, Rusom Pavlom VERBINOM, ki je na poti do finala [&hellip;]<\/p>\n","protected":false},"author":1,"featured_media":0,"comment_status":"closed","ping_status":"open","sticky":false,"template":"","format":"standard","meta":{"ngg_post_thumbnail":0,"footnotes":""},"categories":[4,20,6],"tags":[],"class_list":["post-3005","post","type-post","status-publish","format-standard","hentry","category-dog","category-turnirji","category-rezult"],"aioseo_notices":[],"aioseo_head":"\n\t\t<!-- All in One SEO 4.9.10 - aioseo.com -->\n\t<meta name=\"description\" content=\"Borut \u0160RAJ je odli\u010dne nastope na turnirju Tennis Europe do 14 let na Oto\u010dcu kon\u010dal v finalu, njegovem drugem letos. V polfinalu je s 6-4 7-6(3) premagal 5. nosilca Nemanjo MALE\u0160EVI\u0106A iz BiH, ki je nastopil s posebnim povabilom. V finalu je igral z 2. nosilcem, Rusom Pavlom VERBINOM, ki je na poti do finala\" \/>\n\t<meta name=\"robots\" content=\"max-image-preview:large\" \/>\n\t<meta name=\"author\" content=\"admin\"\/>\n\t<link rel=\"canonical\" href=\"https:\/\/www.tenis-krka.org\/?p=3005\" \/>\n\t<meta name=\"generator\" content=\"All in One SEO (AIOSEO) 4.9.10\" \/>\n\t\t<meta property=\"og:locale\" content=\"sl_SI\" \/>\n\t\t<meta property=\"og:site_name\" content=\"Teni\u0161ki klub Krka Oto\u010dec | Vse o klubu, novice, dogodki, rezultati in \u0161e veliko ve\u010d...\" \/>\n\t\t<meta property=\"og:type\" content=\"article\" \/>\n\t\t<meta property=\"og:title\" content=\"Mednarodni mladinski turnir TE do 14 let \u2013 Oto\u010dec | Teni\u0161ki klub Krka Oto\u010dec\" \/>\n\t\t<meta property=\"og:description\" content=\"Borut \u0160RAJ je odli\u010dne nastope na turnirju Tennis Europe do 14 let na Oto\u010dcu kon\u010dal v finalu, njegovem drugem letos. V polfinalu je s 6-4 7-6(3) premagal 5. nosilca Nemanjo MALE\u0160EVI\u0106A iz BiH, ki je nastopil s posebnim povabilom. V finalu je igral z 2. nosilcem, Rusom Pavlom VERBINOM, ki je na poti do finala\" \/>\n\t\t<meta property=\"og:url\" content=\"https:\/\/www.tenis-krka.org\/?p=3005\" \/>\n\t\t<meta property=\"article:published_time\" content=\"2015-07-12T15:41:31+00:00\" \/>\n\t\t<meta property=\"article:modified_time\" content=\"2019-05-27T13:15:58+00:00\" \/>\n\t\t<meta name=\"twitter:card\" content=\"summary_large_image\" \/>\n\t\t<meta name=\"twitter:title\" content=\"Mednarodni mladinski turnir TE do 14 let \u2013 Oto\u010dec | Teni\u0161ki klub Krka Oto\u010dec\" \/>\n\t\t<meta name=\"twitter:description\" content=\"Borut \u0160RAJ je odli\u010dne nastope na turnirju Tennis Europe do 14 let na Oto\u010dcu kon\u010dal v finalu, njegovem drugem letos. V polfinalu je s 6-4 7-6(3) premagal 5. nosilca Nemanjo MALE\u0160EVI\u0106A iz BiH, ki je nastopil s posebnim povabilom. V finalu je igral z 2. nosilcem, Rusom Pavlom VERBINOM, ki je na poti do finala\" \/>\n\t\t<script type=\"application\/ld+json\" class=\"aioseo-schema\">\n\t\t\t{\"@context\":\"https:\\\/\\\/schema.org\",\"@graph\":[{\"@type\":\"Article\",\"@id\":\"https:\\\/\\\/www.tenis-krka.org\\\/?p=3005#article\",\"name\":\"Mednarodni mladinski turnir TE do 14 let \\u2013 Oto\\u010dec | Teni\\u0161ki klub Krka Oto\\u010dec\",\"headline\":\"Mednarodni mladinski turnir TE do 14 let &#8211; Oto\\u010dec\",\"author\":{\"@id\":\"https:\\\/\\\/www.tenis-krka.org\\\/?author=1#author\"},\"publisher\":{\"@id\":\"https:\\\/\\\/www.tenis-krka.org\\\/#organization\"},\"image\":{\"@type\":\"ImageObject\",\"url\":\"https:\\\/\\\/www.tenis-krka.org\\\/wp-content\\\/uploads\\\/2015\\\/07\\\/TE-Otocec-2015.jpg\",\"@id\":\"https:\\\/\\\/www.tenis-krka.org\\\/?p=3005\\\/#articleImage\",\"width\":525,\"height\":300},\"datePublished\":\"2015-07-12T17:41:31+02:00\",\"dateModified\":\"2019-05-27T15:15:58+02:00\",\"inLanguage\":\"sl-SI\",\"mainEntityOfPage\":{\"@id\":\"https:\\\/\\\/www.tenis-krka.org\\\/?p=3005#webpage\"},\"isPartOf\":{\"@id\":\"https:\\\/\\\/www.tenis-krka.org\\\/?p=3005#webpage\"},\"articleSection\":\"Dogodki, Organizacija turnirjev, Rezultati\"},{\"@type\":\"BreadcrumbList\",\"@id\":\"https:\\\/\\\/www.tenis-krka.org\\\/?p=3005#breadcrumblist\",\"itemListElement\":[{\"@type\":\"ListItem\",\"@id\":\"https:\\\/\\\/www.tenis-krka.org#listItem\",\"position\":1,\"name\":\"Domov\",\"item\":\"https:\\\/\\\/www.tenis-krka.org\",\"nextItem\":{\"@type\":\"ListItem\",\"@id\":\"https:\\\/\\\/www.tenis-krka.org\\\/?cat=4#listItem\",\"name\":\"Dogodki\"}},{\"@type\":\"ListItem\",\"@id\":\"https:\\\/\\\/www.tenis-krka.org\\\/?cat=4#listItem\",\"position\":2,\"name\":\"Dogodki\",\"item\":\"https:\\\/\\\/www.tenis-krka.org\\\/?cat=4\",\"nextItem\":{\"@type\":\"ListItem\",\"@id\":\"https:\\\/\\\/www.tenis-krka.org\\\/?p=3005#listItem\",\"name\":\"Mednarodni mladinski turnir TE do 14 let &#8211; Oto\\u010dec\"},\"previousItem\":{\"@type\":\"ListItem\",\"@id\":\"https:\\\/\\\/www.tenis-krka.org#listItem\",\"name\":\"Domov\"}},{\"@type\":\"ListItem\",\"@id\":\"https:\\\/\\\/www.tenis-krka.org\\\/?p=3005#listItem\",\"position\":3,\"name\":\"Mednarodni mladinski turnir TE do 14 let &#8211; Oto\\u010dec\",\"previousItem\":{\"@type\":\"ListItem\",\"@id\":\"https:\\\/\\\/www.tenis-krka.org\\\/?cat=4#listItem\",\"name\":\"Dogodki\"}}]},{\"@type\":\"Organization\",\"@id\":\"https:\\\/\\\/www.tenis-krka.org\\\/#organization\",\"name\":\"Teni\\u0161ki klub Krka Oto\\u010dec\",\"description\":\"Vse o klubu, novice, dogodki, rezultati in \\u0161e veliko ve\\u010d...\",\"url\":\"https:\\\/\\\/www.tenis-krka.org\\\/\"},{\"@type\":\"Person\",\"@id\":\"https:\\\/\\\/www.tenis-krka.org\\\/?author=1#author\",\"url\":\"https:\\\/\\\/www.tenis-krka.org\\\/?author=1\",\"name\":\"admin\",\"image\":{\"@type\":\"ImageObject\",\"@id\":\"https:\\\/\\\/www.tenis-krka.org\\\/?p=3005#authorImage\",\"url\":\"https:\\\/\\\/secure.gravatar.com\\\/avatar\\\/9e60ad079c111140ec6df07f7c8d348b27680a6649653907523325cecd07935e?s=96&d=mm&r=g\",\"width\":96,\"height\":96,\"caption\":\"admin\"}},{\"@type\":\"WebPage\",\"@id\":\"https:\\\/\\\/www.tenis-krka.org\\\/?p=3005#webpage\",\"url\":\"https:\\\/\\\/www.tenis-krka.org\\\/?p=3005\",\"name\":\"Mednarodni mladinski turnir TE do 14 let \\u2013 Oto\\u010dec | Teni\\u0161ki klub Krka Oto\\u010dec\",\"description\":\"Borut \\u0160RAJ je odli\\u010dne nastope na turnirju Tennis Europe do 14 let na Oto\\u010dcu kon\\u010dal v finalu, njegovem drugem letos. V polfinalu je s 6-4 7-6(3) premagal 5. nosilca Nemanjo MALE\\u0160EVI\\u0106A iz BiH, ki je nastopil s posebnim povabilom. V finalu je igral z 2. nosilcem, Rusom Pavlom VERBINOM, ki je na poti do finala\",\"inLanguage\":\"sl-SI\",\"isPartOf\":{\"@id\":\"https:\\\/\\\/www.tenis-krka.org\\\/#website\"},\"breadcrumb\":{\"@id\":\"https:\\\/\\\/www.tenis-krka.org\\\/?p=3005#breadcrumblist\"},\"author\":{\"@id\":\"https:\\\/\\\/www.tenis-krka.org\\\/?author=1#author\"},\"creator\":{\"@id\":\"https:\\\/\\\/www.tenis-krka.org\\\/?author=1#author\"},\"datePublished\":\"2015-07-12T17:41:31+02:00\",\"dateModified\":\"2019-05-27T15:15:58+02:00\"},{\"@type\":\"WebSite\",\"@id\":\"https:\\\/\\\/www.tenis-krka.org\\\/#website\",\"url\":\"https:\\\/\\\/www.tenis-krka.org\\\/\",\"name\":\"Teni\\u0161ki klub Krka Oto\\u010dec\",\"description\":\"Vse o klubu, novice, dogodki, rezultati in \\u0161e veliko ve\\u010d...\",\"inLanguage\":\"sl-SI\",\"publisher\":{\"@id\":\"https:\\\/\\\/www.tenis-krka.org\\\/#organization\"}}]}\n\t\t<\/script>\n\t\t<!-- All in One SEO -->\n\n","aioseo_head_json":{"title":"Mednarodni mladinski turnir TE do 14 let \u2013 Oto\u010dec | Teni\u0161ki klub Krka Oto\u010dec","description":"Borut \u0160RAJ je odli\u010dne nastope na turnirju Tennis Europe do 14 let na Oto\u010dcu kon\u010dal v finalu, njegovem drugem letos. V polfinalu je s 6-4 7-6(3) premagal 5. nosilca Nemanjo MALE\u0160EVI\u0106A iz BiH, ki je nastopil s posebnim povabilom. V finalu je igral z 2. nosilcem, Rusom Pavlom VERBINOM, ki je na poti do finala","canonical_url":"https:\/\/www.tenis-krka.org\/?p=3005","robots":"max-image-preview:large","keywords":"","webmasterTools":{"miscellaneous":""},"schema":{"@context":"https:\/\/schema.org","@graph":[{"@type":"Article","@id":"https:\/\/www.tenis-krka.org\/?p=3005#article","name":"Mednarodni mladinski turnir TE do 14 let \u2013 Oto\u010dec | Teni\u0161ki klub Krka Oto\u010dec","headline":"Mednarodni mladinski turnir TE do 14 let &#8211; Oto\u010dec","author":{"@id":"https:\/\/www.tenis-krka.org\/?author=1#author"},"publisher":{"@id":"https:\/\/www.tenis-krka.org\/#organization"},"image":{"@type":"ImageObject","url":"https:\/\/www.tenis-krka.org\/wp-content\/uploads\/2015\/07\/TE-Otocec-2015.jpg","@id":"https:\/\/www.tenis-krka.org\/?p=3005\/#articleImage","width":525,"height":300},"datePublished":"2015-07-12T17:41:31+02:00","dateModified":"2019-05-27T15:15:58+02:00","inLanguage":"sl-SI","mainEntityOfPage":{"@id":"https:\/\/www.tenis-krka.org\/?p=3005#webpage"},"isPartOf":{"@id":"https:\/\/www.tenis-krka.org\/?p=3005#webpage"},"articleSection":"Dogodki, Organizacija turnirjev, Rezultati"},{"@type":"BreadcrumbList","@id":"https:\/\/www.tenis-krka.org\/?p=3005#breadcrumblist","itemListElement":[{"@type":"ListItem","@id":"https:\/\/www.tenis-krka.org#listItem","position":1,"name":"Domov","item":"https:\/\/www.tenis-krka.org","nextItem":{"@type":"ListItem","@id":"https:\/\/www.tenis-krka.org\/?cat=4#listItem","name":"Dogodki"}},{"@type":"ListItem","@id":"https:\/\/www.tenis-krka.org\/?cat=4#listItem","position":2,"name":"Dogodki","item":"https:\/\/www.tenis-krka.org\/?cat=4","nextItem":{"@type":"ListItem","@id":"https:\/\/www.tenis-krka.org\/?p=3005#listItem","name":"Mednarodni mladinski turnir TE do 14 let &#8211; Oto\u010dec"},"previousItem":{"@type":"ListItem","@id":"https:\/\/www.tenis-krka.org#listItem","name":"Domov"}},{"@type":"ListItem","@id":"https:\/\/www.tenis-krka.org\/?p=3005#listItem","position":3,"name":"Mednarodni mladinski turnir TE do 14 let &#8211; Oto\u010dec","previousItem":{"@type":"ListItem","@id":"https:\/\/www.tenis-krka.org\/?cat=4#listItem","name":"Dogodki"}}]},{"@type":"Organization","@id":"https:\/\/www.tenis-krka.org\/#organization","name":"Teni\u0161ki klub Krka Oto\u010dec","description":"Vse o klubu, novice, dogodki, rezultati in \u0161e veliko ve\u010d...","url":"https:\/\/www.tenis-krka.org\/"},{"@type":"Person","@id":"https:\/\/www.tenis-krka.org\/?author=1#author","url":"https:\/\/www.tenis-krka.org\/?author=1","name":"admin","image":{"@type":"ImageObject","@id":"https:\/\/www.tenis-krka.org\/?p=3005#authorImage","url":"https:\/\/secure.gravatar.com\/avatar\/9e60ad079c111140ec6df07f7c8d348b27680a6649653907523325cecd07935e?s=96&d=mm&r=g","width":96,"height":96,"caption":"admin"}},{"@type":"WebPage","@id":"https:\/\/www.tenis-krka.org\/?p=3005#webpage","url":"https:\/\/www.tenis-krka.org\/?p=3005","name":"Mednarodni mladinski turnir TE do 14 let \u2013 Oto\u010dec | Teni\u0161ki klub Krka Oto\u010dec","description":"Borut \u0160RAJ je odli\u010dne nastope na turnirju Tennis Europe do 14 let na Oto\u010dcu kon\u010dal v finalu, njegovem drugem letos. V polfinalu je s 6-4 7-6(3) premagal 5. nosilca Nemanjo MALE\u0160EVI\u0106A iz BiH, ki je nastopil s posebnim povabilom. V finalu je igral z 2. nosilcem, Rusom Pavlom VERBINOM, ki je na poti do finala","inLanguage":"sl-SI","isPartOf":{"@id":"https:\/\/www.tenis-krka.org\/#website"},"breadcrumb":{"@id":"https:\/\/www.tenis-krka.org\/?p=3005#breadcrumblist"},"author":{"@id":"https:\/\/www.tenis-krka.org\/?author=1#author"},"creator":{"@id":"https:\/\/www.tenis-krka.org\/?author=1#author"},"datePublished":"2015-07-12T17:41:31+02:00","dateModified":"2019-05-27T15:15:58+02:00"},{"@type":"WebSite","@id":"https:\/\/www.tenis-krka.org\/#website","url":"https:\/\/www.tenis-krka.org\/","name":"Teni\u0161ki klub Krka Oto\u010dec","description":"Vse o klubu, novice, dogodki, rezultati in \u0161e veliko ve\u010d...","inLanguage":"sl-SI","publisher":{"@id":"https:\/\/www.tenis-krka.org\/#organization"}}]},"og:locale":"sl_SI","og:site_name":"Teni\u0161ki klub Krka Oto\u010dec | Vse o klubu, novice, dogodki, rezultati in \u0161e veliko ve\u010d...","og:type":"article","og:title":"Mednarodni mladinski turnir TE do 14 let \u2013 Oto\u010dec | Teni\u0161ki klub Krka Oto\u010dec","og:description":"Borut \u0160RAJ je odli\u010dne nastope na turnirju Tennis Europe do 14 let na Oto\u010dcu kon\u010dal v finalu, njegovem drugem letos. V polfinalu je s 6-4 7-6(3) premagal 5. nosilca Nemanjo MALE\u0160EVI\u0106A iz BiH, ki je nastopil s posebnim povabilom. V finalu je igral z 2. nosilcem, Rusom Pavlom VERBINOM, ki je na poti do finala","og:url":"https:\/\/www.tenis-krka.org\/?p=3005","article:published_time":"2015-07-12T15:41:31+00:00","article:modified_time":"2019-05-27T13:15:58+00:00","twitter:card":"summary_large_image","twitter:title":"Mednarodni mladinski turnir TE do 14 let \u2013 Oto\u010dec | Teni\u0161ki klub Krka Oto\u010dec","twitter:description":"Borut \u0160RAJ je odli\u010dne nastope na turnirju Tennis Europe do 14 let na Oto\u010dcu kon\u010dal v finalu, njegovem drugem letos. V polfinalu je s 6-4 7-6(3) premagal 5. nosilca Nemanjo MALE\u0160EVI\u0106A iz BiH, ki je nastopil s posebnim povabilom. V finalu je igral z 2. nosilcem, Rusom Pavlom VERBINOM, ki je na poti do finala"},"aioseo_meta_data":{"post_id":"3005","title":null,"description":null,"keywords":null,"keyphrases":null,"primary_term":null,"canonical_url":null,"og_title":null,"og_description":null,"og_object_type":"default","og_image_type":"default","og_image_url":null,"og_image_width":null,"og_image_height":null,"og_image_custom_url":null,"og_image_custom_fields":null,"og_video":null,"og_custom_url":null,"og_article_section":null,"og_article_tags":null,"twitter_use_og":false,"twitter_card":"default","twitter_image_type":"default","twitter_image_url":null,"twitter_image_custom_url":null,"twitter_image_custom_fields":null,"twitter_title":null,"twitter_description":null,"schema":{"blockGraphs":[],"customGraphs":[],"default":{"data":{"Article":[],"Course":[],"Dataset":[],"FAQPage":[],"Movie":[],"Person":[],"Product":[],"ProductReview":[],"Car":[],"Recipe":[],"Service":[],"SoftwareApplication":[],"WebPage":[]},"graphName":"","isEnabled":true},"graphs":[]},"schema_type":"default","schema_type_options":null,"pillar_content":false,"robots_default":true,"robots_noindex":false,"robots_noarchive":false,"robots_nosnippet":false,"robots_nofollow":false,"robots_noimageindex":false,"robots_noodp":false,"robots_notranslate":false,"robots_max_snippet":null,"robots_max_videopreview":null,"robots_max_imagepreview":"large","priority":null,"frequency":null,"local_seo":null,"breadcrumb_settings":null,"limit_modified_date":false,"ai":null,"created":"2024-08-30 08:51:34","updated":"2025-10-22 05:29:36","seo_analyzer_scan_date":null},"aioseo_breadcrumb":"<div class=\"aioseo-breadcrumbs\"><span class=\"aioseo-breadcrumb\">\n\t\t\t<a href=\"https:\/\/www.tenis-krka.org\" title=\"Domov\">Domov<\/a>\n\t\t<\/span><span class=\"aioseo-breadcrumb-separator\">&raquo;<\/span><span class=\"aioseo-breadcrumb\">\n\t\t\t<a href=\"https:\/\/www.tenis-krka.org\/?cat=4\" title=\"Dogodki\">Dogodki<\/a>\n\t\t<\/span><span class=\"aioseo-breadcrumb-separator\">&raquo;<\/span><span class=\"aioseo-breadcrumb\">\n\t\t\tMednarodni mladinski turnir TE do 14 let \u2013 Oto\u010dec\n\t\t<\/span><\/div>","aioseo_breadcrumb_json":[{"label":"Domov","link":"https:\/\/www.tenis-krka.org"},{"label":"Dogodki","link":"https:\/\/www.tenis-krka.org\/?cat=4"},{"label":"Mednarodni mladinski turnir TE do 14 let &#8211; Oto\u010dec","link":"https:\/\/www.tenis-krka.org\/?p=3005"}],"_links":{"self":[{"href":"https:\/\/www.tenis-krka.org\/index.php?rest_route=\/wp\/v2\/posts\/3005","targetHints":{"allow":["GET"]}}],"collection":[{"href":"https:\/\/www.tenis-krka.org\/index.php?rest_route=\/wp\/v2\/posts"}],"about":[{"href":"https:\/\/www.tenis-krka.org\/index.php?rest_route=\/wp\/v2\/types\/post"}],"author":[{"embeddable":true,"href":"https:\/\/www.tenis-krka.org\/index.php?rest_route=\/wp\/v2\/users\/1"}],"replies":[{"embeddable":true,"href":"https:\/\/www.tenis-krka.org\/index.php?rest_route=%2Fwp%2Fv2%2Fcomments&post=3005"}],"version-history":[{"count":4,"href":"https:\/\/www.tenis-krka.org\/index.php?rest_route=\/wp\/v2\/posts\/3005\/revisions"}],"predecessor-version":[{"id":3014,"href":"https:\/\/www.tenis-krka.org\/index.php?rest_route=\/wp\/v2\/posts\/3005\/revisions\/3014"}],"wp:attachment":[{"href":"https:\/\/www.tenis-krka.org\/index.php?rest_route=%2Fwp%2Fv2%2Fmedia&parent=3005"}],"wp:term":[{"taxonomy":"category","embeddable":true,"href":"https:\/\/www.tenis-krka.org\/index.php?rest_route=%2Fwp%2Fv2%2Fcategories&post=3005"},{"taxonomy":"post_tag","embeddable":true,"href":"https:\/\/www.tenis-krka.org\/index.php?rest_route=%2Fwp%2Fv2%2Ftags&post=3005"}],"curies":[{"name":"wp","href":"https:\/\/api.w.org\/{rel}","templated":true}]}}