{"id":2978,"date":"2015-06-16T08:34:09","date_gmt":"2015-06-16T06:34:09","guid":{"rendered":"http:\/\/www.tenis-krka.org\/?p=2978"},"modified":"2019-05-27T15:15:58","modified_gmt":"2019-05-27T13:15:58","slug":"lep-uspeh-za-niko-in-zivo-na-drzavnem-prvenstvu-do-16-let","status":"publish","type":"post","link":"https:\/\/www.tenis-krka.org\/?p=2978","title":{"rendered":"Lep uspeh za Niko in \u017divo na dr\u017eavnem prvenstvu do 16 let"},"content":{"rendered":"<p><a href=\"http:\/\/www.tenis-krka.org\/wp-content\/uploads\/2015\/06\/Nika-DP16.png\"><img loading=\"lazy\" decoding=\"async\" class=\"alignleft  wp-image-2979\" src=\"http:\/\/www.tenis-krka.org\/wp-content\/uploads\/2015\/06\/Nika-DP16.png\" alt=\"Nika DP16\" width=\"228\" height=\"405\" srcset=\"https:\/\/www.tenis-krka.org\/wp-content\/uploads\/2015\/06\/Nika-DP16.png 494w, https:\/\/www.tenis-krka.org\/wp-content\/uploads\/2015\/06\/Nika-DP16-169x300.png 169w\" sizes=\"auto, (max-width: 228px) 100vw, 228px\" \/><\/a>V Mariboru se je kon\u010dalo poletno dr\u017eavno prvenstvo do 16 let! V starostni<br \/>\nkategoriji\u00a0 deklet do 16 let sta odli\u010dno igrali \u010dlanici;<br \/>\nTeni\u0161kega kluba KRKA Oto\u010dec, NIKA ZUPAN\u010cI\u010c\u00a0 in\u00a0 \u017dIVA FALKNER.<\/p>\n<p><strong>NIKA ZUPAN\u010cI\u010c &#8211; TK KRKA OTO\u010cEC, je postala\u00a0 dr\u017eavna podprvakinja\u00a0 do 16 let!<\/strong><\/p>\n<p>Odli\u010dna je bila\u00a0 tudi\u00a0<strong> \u017dIVA FALKNER &#8211; TK KRKA OTO\u010cEC, ki je pri\u0161la v<\/strong><br \/>\n<strong>\u010detrtfinale!<\/strong><\/p>\n<p><span style=\"color: #ff0000\"><strong>\u010cESTITAMO<\/strong><\/span><\/p>\n","protected":false},"excerpt":{"rendered":"<p>V Mariboru se je kon\u010dalo poletno dr\u017eavno prvenstvo do 16 let! V starostni kategoriji\u00a0 deklet do 16 let sta odli\u010dno igrali \u010dlanici; Teni\u0161kega kluba KRKA Oto\u010dec, NIKA ZUPAN\u010cI\u010c\u00a0 in\u00a0 \u017dIVA FALKNER. NIKA ZUPAN\u010cI\u010c &#8211; TK KRKA OTO\u010cEC, je postala\u00a0 dr\u017eavna podprvakinja\u00a0 do 16 let! Odli\u010dna je bila\u00a0 tudi\u00a0 \u017dIVA FALKNER &#8211; TK KRKA OTO\u010cEC, ki [&hellip;]<\/p>\n","protected":false},"author":1,"featured_media":0,"comment_status":"closed","ping_status":"open","sticky":false,"template":"","format":"standard","meta":{"ngg_post_thumbnail":0,"footnotes":""},"categories":[6],"tags":[],"class_list":["post-2978","post","type-post","status-publish","format-standard","hentry","category-rezult"],"aioseo_notices":[],"aioseo_head":"\n\t\t<!-- All in One SEO 4.9.10 - aioseo.com -->\n\t<meta name=\"description\" content=\"V Mariboru se je kon\u010dalo poletno dr\u017eavno prvenstvo do 16 let! V starostni kategoriji deklet do 16 let sta odli\u010dno igrali \u010dlanici; Teni\u0161kega kluba KRKA Oto\u010dec, NIKA ZUPAN\u010cI\u010c in \u017dIVA FALKNER. NIKA ZUPAN\u010cI\u010c - TK KRKA OTO\u010cEC, je postala dr\u017eavna podprvakinja do 16 let! Odli\u010dna je bila tudi \u017dIVA FALKNER - TK KRKA OTO\u010cEC, ki\" \/>\n\t<meta name=\"robots\" content=\"max-image-preview:large\" \/>\n\t<meta name=\"author\" content=\"admin\"\/>\n\t<link rel=\"canonical\" href=\"https:\/\/www.tenis-krka.org\/?p=2978\" \/>\n\t<meta name=\"generator\" content=\"All in One SEO (AIOSEO) 4.9.10\" \/>\n\t\t<meta property=\"og:locale\" content=\"sl_SI\" \/>\n\t\t<meta property=\"og:site_name\" content=\"Teni\u0161ki klub Krka Oto\u010dec | Vse o klubu, novice, dogodki, rezultati in \u0161e veliko ve\u010d...\" \/>\n\t\t<meta property=\"og:type\" content=\"article\" \/>\n\t\t<meta property=\"og:title\" content=\"Lep uspeh za Niko in \u017divo na dr\u017eavnem prvenstvu do 16 let | Teni\u0161ki klub Krka Oto\u010dec\" \/>\n\t\t<meta property=\"og:description\" content=\"V Mariboru se je kon\u010dalo poletno dr\u017eavno prvenstvo do 16 let! V starostni kategoriji deklet do 16 let sta odli\u010dno igrali \u010dlanici; Teni\u0161kega kluba KRKA Oto\u010dec, NIKA ZUPAN\u010cI\u010c in \u017dIVA FALKNER. NIKA ZUPAN\u010cI\u010c - TK KRKA OTO\u010cEC, je postala dr\u017eavna podprvakinja do 16 let! Odli\u010dna je bila tudi \u017dIVA FALKNER - TK KRKA OTO\u010cEC, ki\" \/>\n\t\t<meta property=\"og:url\" content=\"https:\/\/www.tenis-krka.org\/?p=2978\" \/>\n\t\t<meta property=\"article:published_time\" content=\"2015-06-16T06:34:09+00:00\" \/>\n\t\t<meta property=\"article:modified_time\" content=\"2019-05-27T13:15:58+00:00\" \/>\n\t\t<meta name=\"twitter:card\" content=\"summary_large_image\" \/>\n\t\t<meta name=\"twitter:title\" content=\"Lep uspeh za Niko in \u017divo na dr\u017eavnem prvenstvu do 16 let | Teni\u0161ki klub Krka Oto\u010dec\" \/>\n\t\t<meta name=\"twitter:description\" content=\"V Mariboru se je kon\u010dalo poletno dr\u017eavno prvenstvo do 16 let! V starostni kategoriji deklet do 16 let sta odli\u010dno igrali \u010dlanici; Teni\u0161kega kluba KRKA Oto\u010dec, NIKA ZUPAN\u010cI\u010c in \u017dIVA FALKNER. NIKA ZUPAN\u010cI\u010c - TK KRKA OTO\u010cEC, je postala dr\u017eavna podprvakinja do 16 let! Odli\u010dna je bila tudi \u017dIVA FALKNER - TK KRKA OTO\u010cEC, ki\" \/>\n\t\t<script type=\"application\/ld+json\" class=\"aioseo-schema\">\n\t\t\t{\"@context\":\"https:\\\/\\\/schema.org\",\"@graph\":[{\"@type\":\"Article\",\"@id\":\"https:\\\/\\\/www.tenis-krka.org\\\/?p=2978#article\",\"name\":\"Lep uspeh za Niko in \\u017divo na dr\\u017eavnem prvenstvu do 16 let | Teni\\u0161ki klub Krka Oto\\u010dec\",\"headline\":\"Lep uspeh za Niko in \\u017divo na dr\\u017eavnem prvenstvu do 16 let\",\"author\":{\"@id\":\"https:\\\/\\\/www.tenis-krka.org\\\/?author=1#author\"},\"publisher\":{\"@id\":\"https:\\\/\\\/www.tenis-krka.org\\\/#organization\"},\"image\":{\"@type\":\"ImageObject\",\"url\":\"https:\\\/\\\/www.tenis-krka.org\\\/wp-content\\\/uploads\\\/2015\\\/06\\\/Nika-DP16.png\",\"@id\":\"https:\\\/\\\/www.tenis-krka.org\\\/?p=2978\\\/#articleImage\",\"width\":494,\"height\":877},\"datePublished\":\"2015-06-16T08:34:09+02:00\",\"dateModified\":\"2019-05-27T15:15:58+02:00\",\"inLanguage\":\"sl-SI\",\"mainEntityOfPage\":{\"@id\":\"https:\\\/\\\/www.tenis-krka.org\\\/?p=2978#webpage\"},\"isPartOf\":{\"@id\":\"https:\\\/\\\/www.tenis-krka.org\\\/?p=2978#webpage\"},\"articleSection\":\"Rezultati\"},{\"@type\":\"BreadcrumbList\",\"@id\":\"https:\\\/\\\/www.tenis-krka.org\\\/?p=2978#breadcrumblist\",\"itemListElement\":[{\"@type\":\"ListItem\",\"@id\":\"https:\\\/\\\/www.tenis-krka.org#listItem\",\"position\":1,\"name\":\"Domov\",\"item\":\"https:\\\/\\\/www.tenis-krka.org\",\"nextItem\":{\"@type\":\"ListItem\",\"@id\":\"https:\\\/\\\/www.tenis-krka.org\\\/?cat=6#listItem\",\"name\":\"Rezultati\"}},{\"@type\":\"ListItem\",\"@id\":\"https:\\\/\\\/www.tenis-krka.org\\\/?cat=6#listItem\",\"position\":2,\"name\":\"Rezultati\",\"item\":\"https:\\\/\\\/www.tenis-krka.org\\\/?cat=6\",\"nextItem\":{\"@type\":\"ListItem\",\"@id\":\"https:\\\/\\\/www.tenis-krka.org\\\/?p=2978#listItem\",\"name\":\"Lep uspeh za Niko in \\u017divo na dr\\u017eavnem prvenstvu do 16 let\"},\"previousItem\":{\"@type\":\"ListItem\",\"@id\":\"https:\\\/\\\/www.tenis-krka.org#listItem\",\"name\":\"Domov\"}},{\"@type\":\"ListItem\",\"@id\":\"https:\\\/\\\/www.tenis-krka.org\\\/?p=2978#listItem\",\"position\":3,\"name\":\"Lep uspeh za Niko in \\u017divo na dr\\u017eavnem prvenstvu do 16 let\",\"previousItem\":{\"@type\":\"ListItem\",\"@id\":\"https:\\\/\\\/www.tenis-krka.org\\\/?cat=6#listItem\",\"name\":\"Rezultati\"}}]},{\"@type\":\"Organization\",\"@id\":\"https:\\\/\\\/www.tenis-krka.org\\\/#organization\",\"name\":\"Teni\\u0161ki klub Krka Oto\\u010dec\",\"description\":\"Vse o klubu, novice, dogodki, rezultati in \\u0161e veliko ve\\u010d...\",\"url\":\"https:\\\/\\\/www.tenis-krka.org\\\/\"},{\"@type\":\"Person\",\"@id\":\"https:\\\/\\\/www.tenis-krka.org\\\/?author=1#author\",\"url\":\"https:\\\/\\\/www.tenis-krka.org\\\/?author=1\",\"name\":\"admin\",\"image\":{\"@type\":\"ImageObject\",\"@id\":\"https:\\\/\\\/www.tenis-krka.org\\\/?p=2978#authorImage\",\"url\":\"https:\\\/\\\/secure.gravatar.com\\\/avatar\\\/9e60ad079c111140ec6df07f7c8d348b27680a6649653907523325cecd07935e?s=96&d=mm&r=g\",\"width\":96,\"height\":96,\"caption\":\"admin\"}},{\"@type\":\"WebPage\",\"@id\":\"https:\\\/\\\/www.tenis-krka.org\\\/?p=2978#webpage\",\"url\":\"https:\\\/\\\/www.tenis-krka.org\\\/?p=2978\",\"name\":\"Lep uspeh za Niko in \\u017divo na dr\\u017eavnem prvenstvu do 16 let | Teni\\u0161ki klub Krka Oto\\u010dec\",\"description\":\"V Mariboru se je kon\\u010dalo poletno dr\\u017eavno prvenstvo do 16 let! V starostni kategoriji deklet do 16 let sta odli\\u010dno igrali \\u010dlanici; Teni\\u0161kega kluba KRKA Oto\\u010dec, NIKA ZUPAN\\u010cI\\u010c in \\u017dIVA FALKNER. NIKA ZUPAN\\u010cI\\u010c - TK KRKA OTO\\u010cEC, je postala dr\\u017eavna podprvakinja do 16 let! Odli\\u010dna je bila tudi \\u017dIVA FALKNER - TK KRKA OTO\\u010cEC, ki\",\"inLanguage\":\"sl-SI\",\"isPartOf\":{\"@id\":\"https:\\\/\\\/www.tenis-krka.org\\\/#website\"},\"breadcrumb\":{\"@id\":\"https:\\\/\\\/www.tenis-krka.org\\\/?p=2978#breadcrumblist\"},\"author\":{\"@id\":\"https:\\\/\\\/www.tenis-krka.org\\\/?author=1#author\"},\"creator\":{\"@id\":\"https:\\\/\\\/www.tenis-krka.org\\\/?author=1#author\"},\"datePublished\":\"2015-06-16T08:34:09+02:00\",\"dateModified\":\"2019-05-27T15:15:58+02:00\"},{\"@type\":\"WebSite\",\"@id\":\"https:\\\/\\\/www.tenis-krka.org\\\/#website\",\"url\":\"https:\\\/\\\/www.tenis-krka.org\\\/\",\"name\":\"Teni\\u0161ki klub Krka Oto\\u010dec\",\"description\":\"Vse o klubu, novice, dogodki, rezultati in \\u0161e veliko ve\\u010d...\",\"inLanguage\":\"sl-SI\",\"publisher\":{\"@id\":\"https:\\\/\\\/www.tenis-krka.org\\\/#organization\"}}]}\n\t\t<\/script>\n\t\t<!-- All in One SEO -->\n\n","aioseo_head_json":{"title":"Lep uspeh za Niko in \u017divo na dr\u017eavnem prvenstvu do 16 let | Teni\u0161ki klub Krka Oto\u010dec","description":"V Mariboru se je kon\u010dalo poletno dr\u017eavno prvenstvo do 16 let! V starostni kategoriji deklet do 16 let sta odli\u010dno igrali \u010dlanici; Teni\u0161kega kluba KRKA Oto\u010dec, NIKA ZUPAN\u010cI\u010c in \u017dIVA FALKNER. NIKA ZUPAN\u010cI\u010c - TK KRKA OTO\u010cEC, je postala dr\u017eavna podprvakinja do 16 let! Odli\u010dna je bila tudi \u017dIVA FALKNER - TK KRKA OTO\u010cEC, ki","canonical_url":"https:\/\/www.tenis-krka.org\/?p=2978","robots":"max-image-preview:large","keywords":"","webmasterTools":{"miscellaneous":""},"schema":{"@context":"https:\/\/schema.org","@graph":[{"@type":"Article","@id":"https:\/\/www.tenis-krka.org\/?p=2978#article","name":"Lep uspeh za Niko in \u017divo na dr\u017eavnem prvenstvu do 16 let | Teni\u0161ki klub Krka Oto\u010dec","headline":"Lep uspeh za Niko in \u017divo na dr\u017eavnem prvenstvu do 16 let","author":{"@id":"https:\/\/www.tenis-krka.org\/?author=1#author"},"publisher":{"@id":"https:\/\/www.tenis-krka.org\/#organization"},"image":{"@type":"ImageObject","url":"https:\/\/www.tenis-krka.org\/wp-content\/uploads\/2015\/06\/Nika-DP16.png","@id":"https:\/\/www.tenis-krka.org\/?p=2978\/#articleImage","width":494,"height":877},"datePublished":"2015-06-16T08:34:09+02:00","dateModified":"2019-05-27T15:15:58+02:00","inLanguage":"sl-SI","mainEntityOfPage":{"@id":"https:\/\/www.tenis-krka.org\/?p=2978#webpage"},"isPartOf":{"@id":"https:\/\/www.tenis-krka.org\/?p=2978#webpage"},"articleSection":"Rezultati"},{"@type":"BreadcrumbList","@id":"https:\/\/www.tenis-krka.org\/?p=2978#breadcrumblist","itemListElement":[{"@type":"ListItem","@id":"https:\/\/www.tenis-krka.org#listItem","position":1,"name":"Domov","item":"https:\/\/www.tenis-krka.org","nextItem":{"@type":"ListItem","@id":"https:\/\/www.tenis-krka.org\/?cat=6#listItem","name":"Rezultati"}},{"@type":"ListItem","@id":"https:\/\/www.tenis-krka.org\/?cat=6#listItem","position":2,"name":"Rezultati","item":"https:\/\/www.tenis-krka.org\/?cat=6","nextItem":{"@type":"ListItem","@id":"https:\/\/www.tenis-krka.org\/?p=2978#listItem","name":"Lep uspeh za Niko in \u017divo na dr\u017eavnem prvenstvu do 16 let"},"previousItem":{"@type":"ListItem","@id":"https:\/\/www.tenis-krka.org#listItem","name":"Domov"}},{"@type":"ListItem","@id":"https:\/\/www.tenis-krka.org\/?p=2978#listItem","position":3,"name":"Lep uspeh za Niko in \u017divo na dr\u017eavnem prvenstvu do 16 let","previousItem":{"@type":"ListItem","@id":"https:\/\/www.tenis-krka.org\/?cat=6#listItem","name":"Rezultati"}}]},{"@type":"Organization","@id":"https:\/\/www.tenis-krka.org\/#organization","name":"Teni\u0161ki klub Krka Oto\u010dec","description":"Vse o klubu, novice, dogodki, rezultati in \u0161e veliko ve\u010d...","url":"https:\/\/www.tenis-krka.org\/"},{"@type":"Person","@id":"https:\/\/www.tenis-krka.org\/?author=1#author","url":"https:\/\/www.tenis-krka.org\/?author=1","name":"admin","image":{"@type":"ImageObject","@id":"https:\/\/www.tenis-krka.org\/?p=2978#authorImage","url":"https:\/\/secure.gravatar.com\/avatar\/9e60ad079c111140ec6df07f7c8d348b27680a6649653907523325cecd07935e?s=96&d=mm&r=g","width":96,"height":96,"caption":"admin"}},{"@type":"WebPage","@id":"https:\/\/www.tenis-krka.org\/?p=2978#webpage","url":"https:\/\/www.tenis-krka.org\/?p=2978","name":"Lep uspeh za Niko in \u017divo na dr\u017eavnem prvenstvu do 16 let | Teni\u0161ki klub Krka Oto\u010dec","description":"V Mariboru se je kon\u010dalo poletno dr\u017eavno prvenstvo do 16 let! V starostni kategoriji deklet do 16 let sta odli\u010dno igrali \u010dlanici; Teni\u0161kega kluba KRKA Oto\u010dec, NIKA ZUPAN\u010cI\u010c in \u017dIVA FALKNER. NIKA ZUPAN\u010cI\u010c - TK KRKA OTO\u010cEC, je postala dr\u017eavna podprvakinja do 16 let! Odli\u010dna je bila tudi \u017dIVA FALKNER - TK KRKA OTO\u010cEC, ki","inLanguage":"sl-SI","isPartOf":{"@id":"https:\/\/www.tenis-krka.org\/#website"},"breadcrumb":{"@id":"https:\/\/www.tenis-krka.org\/?p=2978#breadcrumblist"},"author":{"@id":"https:\/\/www.tenis-krka.org\/?author=1#author"},"creator":{"@id":"https:\/\/www.tenis-krka.org\/?author=1#author"},"datePublished":"2015-06-16T08:34:09+02:00","dateModified":"2019-05-27T15:15:58+02:00"},{"@type":"WebSite","@id":"https:\/\/www.tenis-krka.org\/#website","url":"https:\/\/www.tenis-krka.org\/","name":"Teni\u0161ki klub Krka Oto\u010dec","description":"Vse o klubu, novice, dogodki, rezultati in \u0161e veliko ve\u010d...","inLanguage":"sl-SI","publisher":{"@id":"https:\/\/www.tenis-krka.org\/#organization"}}]},"og:locale":"sl_SI","og:site_name":"Teni\u0161ki klub Krka Oto\u010dec | Vse o klubu, novice, dogodki, rezultati in \u0161e veliko ve\u010d...","og:type":"article","og:title":"Lep uspeh za Niko in \u017divo na dr\u017eavnem prvenstvu do 16 let | Teni\u0161ki klub Krka Oto\u010dec","og:description":"V Mariboru se je kon\u010dalo poletno dr\u017eavno prvenstvo do 16 let! V starostni kategoriji deklet do 16 let sta odli\u010dno igrali \u010dlanici; Teni\u0161kega kluba KRKA Oto\u010dec, NIKA ZUPAN\u010cI\u010c in \u017dIVA FALKNER. NIKA ZUPAN\u010cI\u010c - TK KRKA OTO\u010cEC, je postala dr\u017eavna podprvakinja do 16 let! Odli\u010dna je bila tudi \u017dIVA FALKNER - TK KRKA OTO\u010cEC, ki","og:url":"https:\/\/www.tenis-krka.org\/?p=2978","article:published_time":"2015-06-16T06:34:09+00:00","article:modified_time":"2019-05-27T13:15:58+00:00","twitter:card":"summary_large_image","twitter:title":"Lep uspeh za Niko in \u017divo na dr\u017eavnem prvenstvu do 16 let | Teni\u0161ki klub Krka Oto\u010dec","twitter:description":"V Mariboru se je kon\u010dalo poletno dr\u017eavno prvenstvo do 16 let! V starostni kategoriji deklet do 16 let sta odli\u010dno igrali \u010dlanici; Teni\u0161kega kluba KRKA Oto\u010dec, NIKA ZUPAN\u010cI\u010c in \u017dIVA FALKNER. NIKA ZUPAN\u010cI\u010c - TK KRKA OTO\u010cEC, je postala dr\u017eavna podprvakinja do 16 let! Odli\u010dna je bila tudi \u017dIVA FALKNER - TK KRKA OTO\u010cEC, ki"},"aioseo_meta_data":{"post_id":"2978","title":null,"description":null,"keywords":null,"keyphrases":null,"primary_term":null,"canonical_url":null,"og_title":null,"og_description":null,"og_object_type":"default","og_image_type":"default","og_image_url":null,"og_image_width":null,"og_image_height":null,"og_image_custom_url":null,"og_image_custom_fields":null,"og_video":null,"og_custom_url":null,"og_article_section":null,"og_article_tags":null,"twitter_use_og":false,"twitter_card":"default","twitter_image_type":"default","twitter_image_url":null,"twitter_image_custom_url":null,"twitter_image_custom_fields":null,"twitter_title":null,"twitter_description":null,"schema":{"blockGraphs":[],"customGraphs":[],"default":{"data":{"Article":[],"Course":[],"Dataset":[],"FAQPage":[],"Movie":[],"Person":[],"Product":[],"ProductReview":[],"Car":[],"Recipe":[],"Service":[],"SoftwareApplication":[],"WebPage":[]},"graphName":"","isEnabled":true},"graphs":[]},"schema_type":"default","schema_type_options":null,"pillar_content":false,"robots_default":true,"robots_noindex":false,"robots_noarchive":false,"robots_nosnippet":false,"robots_nofollow":false,"robots_noimageindex":false,"robots_noodp":false,"robots_notranslate":false,"robots_max_snippet":null,"robots_max_videopreview":null,"robots_max_imagepreview":"large","priority":null,"frequency":null,"local_seo":null,"breadcrumb_settings":null,"limit_modified_date":false,"ai":null,"created":"2024-08-30 08:51:34","updated":"2025-10-22 04:48:17","seo_analyzer_scan_date":null},"aioseo_breadcrumb":"<div class=\"aioseo-breadcrumbs\"><span class=\"aioseo-breadcrumb\">\n\t\t\t<a href=\"https:\/\/www.tenis-krka.org\" title=\"Domov\">Domov<\/a>\n\t\t<\/span><span class=\"aioseo-breadcrumb-separator\">&raquo;<\/span><span class=\"aioseo-breadcrumb\">\n\t\t\t<a href=\"https:\/\/www.tenis-krka.org\/?cat=6\" title=\"Rezultati\">Rezultati<\/a>\n\t\t<\/span><span class=\"aioseo-breadcrumb-separator\">&raquo;<\/span><span class=\"aioseo-breadcrumb\">\n\t\t\tLep uspeh za Niko in \u017divo na dr\u017eavnem prvenstvu do 16 let\n\t\t<\/span><\/div>","aioseo_breadcrumb_json":[{"label":"Domov","link":"https:\/\/www.tenis-krka.org"},{"label":"Rezultati","link":"https:\/\/www.tenis-krka.org\/?cat=6"},{"label":"Lep uspeh za Niko in \u017divo na dr\u017eavnem prvenstvu do 16 let","link":"https:\/\/www.tenis-krka.org\/?p=2978"}],"_links":{"self":[{"href":"https:\/\/www.tenis-krka.org\/index.php?rest_route=\/wp\/v2\/posts\/2978","targetHints":{"allow":["GET"]}}],"collection":[{"href":"https:\/\/www.tenis-krka.org\/index.php?rest_route=\/wp\/v2\/posts"}],"about":[{"href":"https:\/\/www.tenis-krka.org\/index.php?rest_route=\/wp\/v2\/types\/post"}],"author":[{"embeddable":true,"href":"https:\/\/www.tenis-krka.org\/index.php?rest_route=\/wp\/v2\/users\/1"}],"replies":[{"embeddable":true,"href":"https:\/\/www.tenis-krka.org\/index.php?rest_route=%2Fwp%2Fv2%2Fcomments&post=2978"}],"version-history":[{"count":1,"href":"https:\/\/www.tenis-krka.org\/index.php?rest_route=\/wp\/v2\/posts\/2978\/revisions"}],"predecessor-version":[{"id":2980,"href":"https:\/\/www.tenis-krka.org\/index.php?rest_route=\/wp\/v2\/posts\/2978\/revisions\/2980"}],"wp:attachment":[{"href":"https:\/\/www.tenis-krka.org\/index.php?rest_route=%2Fwp%2Fv2%2Fmedia&parent=2978"}],"wp:term":[{"taxonomy":"category","embeddable":true,"href":"https:\/\/www.tenis-krka.org\/index.php?rest_route=%2Fwp%2Fv2%2Fcategories&post=2978"},{"taxonomy":"post_tag","embeddable":true,"href":"https:\/\/www.tenis-krka.org\/index.php?rest_route=%2Fwp%2Fv2%2Ftags&post=2978"}],"curies":[{"name":"wp","href":"https:\/\/api.w.org\/{rel}","templated":true}]}}