{"id":2966,"date":"2015-06-02T09:21:39","date_gmt":"2015-06-02T07:21:39","guid":{"rendered":"http:\/\/www.tenis-krka.org\/?p=2966"},"modified":"2019-05-27T15:15:58","modified_gmt":"2019-05-27T13:15:58","slug":"jakob-in-jani-odlicna-v-mariboru","status":"publish","type":"post","link":"https:\/\/www.tenis-krka.org\/?p=2966","title":{"rendered":"Jakob in Jani odli\u010dna v Mariboru 31.5.2015"},"content":{"rendered":"<div dir=\"ltr\">\n<div id=\"attachment_2967\" style=\"width: 310px\" class=\"wp-caption alignleft\"><a href=\"http:\/\/www.tenis-krka.org\/wp-content\/uploads\/2015\/06\/Jakob-Kavsek.jpg\"><img loading=\"lazy\" decoding=\"async\" aria-describedby=\"caption-attachment-2967\" class=\"size-medium wp-image-2967\" src=\"http:\/\/www.tenis-krka.org\/wp-content\/uploads\/2015\/06\/Jakob-Kavsek-300x216.jpg\" alt=\"Jakob Kav\u0161ek TK Krka Oto\u010dec\" width=\"300\" height=\"216\" srcset=\"https:\/\/www.tenis-krka.org\/wp-content\/uploads\/2015\/06\/Jakob-Kavsek-300x216.jpg 300w, https:\/\/www.tenis-krka.org\/wp-content\/uploads\/2015\/06\/Jakob-Kavsek.jpg 700w\" sizes=\"auto, (max-width: 300px) 100vw, 300px\" \/><\/a><p id=\"caption-attachment-2967\" class=\"wp-caption-text\">Jakob Kav\u0161ek TK Krka Oto\u010dec<\/p><\/div>\n<div id=\"attachment_2968\" style=\"width: 310px\" class=\"wp-caption alignleft\"><a href=\"http:\/\/www.tenis-krka.org\/wp-content\/uploads\/2015\/06\/Jani-Retelj.jpg\"><img loading=\"lazy\" decoding=\"async\" aria-describedby=\"caption-attachment-2968\" class=\"size-medium wp-image-2968\" src=\"http:\/\/www.tenis-krka.org\/wp-content\/uploads\/2015\/06\/Jani-Retelj-300x224.jpg\" alt=\"Jani Retelj TK Krka Oto\u010dec\" width=\"300\" height=\"224\" srcset=\"https:\/\/www.tenis-krka.org\/wp-content\/uploads\/2015\/06\/Jani-Retelj-300x224.jpg 300w, https:\/\/www.tenis-krka.org\/wp-content\/uploads\/2015\/06\/Jani-Retelj.jpg 640w\" sizes=\"auto, (max-width: 300px) 100vw, 300px\" \/><\/a><p id=\"caption-attachment-2968\" class=\"wp-caption-text\">Jani Retelj TK Krka Oto\u010dec<\/p><\/div>\n<p>Ta vikend je v Mariboru potekal turnir od 8 do 11 let, na katerem sta igralca Tk Krka Oto\u010dec, Jakob Kav\u0161ek in Jani Retelj nastopila odli\u010dno.<\/p>\n<\/div>\n<div dir=\"ltr\">Tako Jakob, kot Jani sta izgubila po hudem boju \u0161ele v finalu.<\/div>\n<div dir=\"ltr\"><\/div>\n<div dir=\"ltr\"><span style=\"color: #ff0000\"><strong>\u010cESTITAMO<\/strong><\/span><\/div>\n","protected":false},"excerpt":{"rendered":"<p>Ta vikend je v Mariboru potekal turnir od 8 do 11 let, na katerem sta igralca Tk Krka Oto\u010dec, Jakob Kav\u0161ek in Jani Retelj nastopila odli\u010dno. Tako Jakob, kot Jani sta izgubila po hudem boju \u0161ele v finalu. \u010cESTITAMO<\/p>\n","protected":false},"author":1,"featured_media":0,"comment_status":"closed","ping_status":"open","sticky":false,"template":"","format":"standard","meta":{"ngg_post_thumbnail":0,"footnotes":""},"categories":[6],"tags":[],"class_list":["post-2966","post","type-post","status-publish","format-standard","hentry","category-rezult"],"aioseo_notices":[],"aioseo_head":"\n\t\t<!-- All in One SEO 4.9.10 - aioseo.com -->\n\t<meta name=\"description\" content=\"Ta vikend je v Mariboru potekal turnir od 8 do 11 let, na katerem sta igralca Tk Krka Oto\u010dec, Jakob Kav\u0161ek in Jani Retelj nastopila odli\u010dno. Tako Jakob, kot Jani sta izgubila po hudem boju \u0161ele v finalu. \u010cESTITAMO\" \/>\n\t<meta name=\"robots\" content=\"max-image-preview:large\" \/>\n\t<meta name=\"author\" content=\"admin\"\/>\n\t<link rel=\"canonical\" href=\"https:\/\/www.tenis-krka.org\/?p=2966\" \/>\n\t<meta name=\"generator\" content=\"All in One SEO (AIOSEO) 4.9.10\" \/>\n\t\t<meta property=\"og:locale\" content=\"sl_SI\" \/>\n\t\t<meta property=\"og:site_name\" content=\"Teni\u0161ki klub Krka Oto\u010dec | Vse o klubu, novice, dogodki, rezultati in \u0161e veliko ve\u010d...\" \/>\n\t\t<meta property=\"og:type\" content=\"article\" \/>\n\t\t<meta property=\"og:title\" content=\"Jakob in Jani odli\u010dna v Mariboru 31.5.2015 | Teni\u0161ki klub Krka Oto\u010dec\" \/>\n\t\t<meta property=\"og:description\" content=\"Ta vikend je v Mariboru potekal turnir od 8 do 11 let, na katerem sta igralca Tk Krka Oto\u010dec, Jakob Kav\u0161ek in Jani Retelj nastopila odli\u010dno. Tako Jakob, kot Jani sta izgubila po hudem boju \u0161ele v finalu. \u010cESTITAMO\" \/>\n\t\t<meta property=\"og:url\" content=\"https:\/\/www.tenis-krka.org\/?p=2966\" \/>\n\t\t<meta property=\"article:published_time\" content=\"2015-06-02T07:21:39+00:00\" \/>\n\t\t<meta property=\"article:modified_time\" content=\"2019-05-27T13:15:58+00:00\" \/>\n\t\t<meta name=\"twitter:card\" content=\"summary_large_image\" \/>\n\t\t<meta name=\"twitter:title\" content=\"Jakob in Jani odli\u010dna v Mariboru 31.5.2015 | Teni\u0161ki klub Krka Oto\u010dec\" \/>\n\t\t<meta name=\"twitter:description\" content=\"Ta vikend je v Mariboru potekal turnir od 8 do 11 let, na katerem sta igralca Tk Krka Oto\u010dec, Jakob Kav\u0161ek in Jani Retelj nastopila odli\u010dno. Tako Jakob, kot Jani sta izgubila po hudem boju \u0161ele v finalu. \u010cESTITAMO\" \/>\n\t\t<script type=\"application\/ld+json\" class=\"aioseo-schema\">\n\t\t\t{\"@context\":\"https:\\\/\\\/schema.org\",\"@graph\":[{\"@type\":\"Article\",\"@id\":\"https:\\\/\\\/www.tenis-krka.org\\\/?p=2966#article\",\"name\":\"Jakob in Jani odli\\u010dna v Mariboru 31.5.2015 | Teni\\u0161ki klub Krka Oto\\u010dec\",\"headline\":\"Jakob in Jani odli\\u010dna v Mariboru 31.5.2015\",\"author\":{\"@id\":\"https:\\\/\\\/www.tenis-krka.org\\\/?author=1#author\"},\"publisher\":{\"@id\":\"https:\\\/\\\/www.tenis-krka.org\\\/#organization\"},\"image\":{\"@type\":\"ImageObject\",\"url\":\"https:\\\/\\\/www.tenis-krka.org\\\/wp-content\\\/uploads\\\/2015\\\/06\\\/Jakob-Kavsek.jpg\",\"@id\":\"https:\\\/\\\/www.tenis-krka.org\\\/?p=2966\\\/#articleImage\",\"width\":700,\"height\":504,\"caption\":\"Jakob Kav\\u0161ek TK Krka Oto\\u010dec\"},\"datePublished\":\"2015-06-02T09:21:39+02:00\",\"dateModified\":\"2019-05-27T15:15:58+02:00\",\"inLanguage\":\"sl-SI\",\"mainEntityOfPage\":{\"@id\":\"https:\\\/\\\/www.tenis-krka.org\\\/?p=2966#webpage\"},\"isPartOf\":{\"@id\":\"https:\\\/\\\/www.tenis-krka.org\\\/?p=2966#webpage\"},\"articleSection\":\"Rezultati\"},{\"@type\":\"BreadcrumbList\",\"@id\":\"https:\\\/\\\/www.tenis-krka.org\\\/?p=2966#breadcrumblist\",\"itemListElement\":[{\"@type\":\"ListItem\",\"@id\":\"https:\\\/\\\/www.tenis-krka.org#listItem\",\"position\":1,\"name\":\"Domov\",\"item\":\"https:\\\/\\\/www.tenis-krka.org\",\"nextItem\":{\"@type\":\"ListItem\",\"@id\":\"https:\\\/\\\/www.tenis-krka.org\\\/?cat=6#listItem\",\"name\":\"Rezultati\"}},{\"@type\":\"ListItem\",\"@id\":\"https:\\\/\\\/www.tenis-krka.org\\\/?cat=6#listItem\",\"position\":2,\"name\":\"Rezultati\",\"item\":\"https:\\\/\\\/www.tenis-krka.org\\\/?cat=6\",\"nextItem\":{\"@type\":\"ListItem\",\"@id\":\"https:\\\/\\\/www.tenis-krka.org\\\/?p=2966#listItem\",\"name\":\"Jakob in Jani odli\\u010dna v Mariboru 31.5.2015\"},\"previousItem\":{\"@type\":\"ListItem\",\"@id\":\"https:\\\/\\\/www.tenis-krka.org#listItem\",\"name\":\"Domov\"}},{\"@type\":\"ListItem\",\"@id\":\"https:\\\/\\\/www.tenis-krka.org\\\/?p=2966#listItem\",\"position\":3,\"name\":\"Jakob in Jani odli\\u010dna v Mariboru 31.5.2015\",\"previousItem\":{\"@type\":\"ListItem\",\"@id\":\"https:\\\/\\\/www.tenis-krka.org\\\/?cat=6#listItem\",\"name\":\"Rezultati\"}}]},{\"@type\":\"Organization\",\"@id\":\"https:\\\/\\\/www.tenis-krka.org\\\/#organization\",\"name\":\"Teni\\u0161ki klub Krka Oto\\u010dec\",\"description\":\"Vse o klubu, novice, dogodki, rezultati in \\u0161e veliko ve\\u010d...\",\"url\":\"https:\\\/\\\/www.tenis-krka.org\\\/\"},{\"@type\":\"Person\",\"@id\":\"https:\\\/\\\/www.tenis-krka.org\\\/?author=1#author\",\"url\":\"https:\\\/\\\/www.tenis-krka.org\\\/?author=1\",\"name\":\"admin\",\"image\":{\"@type\":\"ImageObject\",\"@id\":\"https:\\\/\\\/www.tenis-krka.org\\\/?p=2966#authorImage\",\"url\":\"https:\\\/\\\/secure.gravatar.com\\\/avatar\\\/9e60ad079c111140ec6df07f7c8d348b27680a6649653907523325cecd07935e?s=96&d=mm&r=g\",\"width\":96,\"height\":96,\"caption\":\"admin\"}},{\"@type\":\"WebPage\",\"@id\":\"https:\\\/\\\/www.tenis-krka.org\\\/?p=2966#webpage\",\"url\":\"https:\\\/\\\/www.tenis-krka.org\\\/?p=2966\",\"name\":\"Jakob in Jani odli\\u010dna v Mariboru 31.5.2015 | Teni\\u0161ki klub Krka Oto\\u010dec\",\"description\":\"Ta vikend je v Mariboru potekal turnir od 8 do 11 let, na katerem sta igralca Tk Krka Oto\\u010dec, Jakob Kav\\u0161ek in Jani Retelj nastopila odli\\u010dno. Tako Jakob, kot Jani sta izgubila po hudem boju \\u0161ele v finalu. \\u010cESTITAMO\",\"inLanguage\":\"sl-SI\",\"isPartOf\":{\"@id\":\"https:\\\/\\\/www.tenis-krka.org\\\/#website\"},\"breadcrumb\":{\"@id\":\"https:\\\/\\\/www.tenis-krka.org\\\/?p=2966#breadcrumblist\"},\"author\":{\"@id\":\"https:\\\/\\\/www.tenis-krka.org\\\/?author=1#author\"},\"creator\":{\"@id\":\"https:\\\/\\\/www.tenis-krka.org\\\/?author=1#author\"},\"datePublished\":\"2015-06-02T09:21:39+02:00\",\"dateModified\":\"2019-05-27T15:15:58+02:00\"},{\"@type\":\"WebSite\",\"@id\":\"https:\\\/\\\/www.tenis-krka.org\\\/#website\",\"url\":\"https:\\\/\\\/www.tenis-krka.org\\\/\",\"name\":\"Teni\\u0161ki klub Krka Oto\\u010dec\",\"description\":\"Vse o klubu, novice, dogodki, rezultati in \\u0161e veliko ve\\u010d...\",\"inLanguage\":\"sl-SI\",\"publisher\":{\"@id\":\"https:\\\/\\\/www.tenis-krka.org\\\/#organization\"}}]}\n\t\t<\/script>\n\t\t<!-- All in One SEO -->\n\n","aioseo_head_json":{"title":"Jakob in Jani odli\u010dna v Mariboru 31.5.2015 | Teni\u0161ki klub Krka Oto\u010dec","description":"Ta vikend je v Mariboru potekal turnir od 8 do 11 let, na katerem sta igralca Tk Krka Oto\u010dec, Jakob Kav\u0161ek in Jani Retelj nastopila odli\u010dno. Tako Jakob, kot Jani sta izgubila po hudem boju \u0161ele v finalu. \u010cESTITAMO","canonical_url":"https:\/\/www.tenis-krka.org\/?p=2966","robots":"max-image-preview:large","keywords":"","webmasterTools":{"miscellaneous":""},"schema":{"@context":"https:\/\/schema.org","@graph":[{"@type":"Article","@id":"https:\/\/www.tenis-krka.org\/?p=2966#article","name":"Jakob in Jani odli\u010dna v Mariboru 31.5.2015 | Teni\u0161ki klub Krka Oto\u010dec","headline":"Jakob in Jani odli\u010dna v Mariboru 31.5.2015","author":{"@id":"https:\/\/www.tenis-krka.org\/?author=1#author"},"publisher":{"@id":"https:\/\/www.tenis-krka.org\/#organization"},"image":{"@type":"ImageObject","url":"https:\/\/www.tenis-krka.org\/wp-content\/uploads\/2015\/06\/Jakob-Kavsek.jpg","@id":"https:\/\/www.tenis-krka.org\/?p=2966\/#articleImage","width":700,"height":504,"caption":"Jakob Kav\u0161ek TK Krka Oto\u010dec"},"datePublished":"2015-06-02T09:21:39+02:00","dateModified":"2019-05-27T15:15:58+02:00","inLanguage":"sl-SI","mainEntityOfPage":{"@id":"https:\/\/www.tenis-krka.org\/?p=2966#webpage"},"isPartOf":{"@id":"https:\/\/www.tenis-krka.org\/?p=2966#webpage"},"articleSection":"Rezultati"},{"@type":"BreadcrumbList","@id":"https:\/\/www.tenis-krka.org\/?p=2966#breadcrumblist","itemListElement":[{"@type":"ListItem","@id":"https:\/\/www.tenis-krka.org#listItem","position":1,"name":"Domov","item":"https:\/\/www.tenis-krka.org","nextItem":{"@type":"ListItem","@id":"https:\/\/www.tenis-krka.org\/?cat=6#listItem","name":"Rezultati"}},{"@type":"ListItem","@id":"https:\/\/www.tenis-krka.org\/?cat=6#listItem","position":2,"name":"Rezultati","item":"https:\/\/www.tenis-krka.org\/?cat=6","nextItem":{"@type":"ListItem","@id":"https:\/\/www.tenis-krka.org\/?p=2966#listItem","name":"Jakob in Jani odli\u010dna v Mariboru 31.5.2015"},"previousItem":{"@type":"ListItem","@id":"https:\/\/www.tenis-krka.org#listItem","name":"Domov"}},{"@type":"ListItem","@id":"https:\/\/www.tenis-krka.org\/?p=2966#listItem","position":3,"name":"Jakob in Jani odli\u010dna v Mariboru 31.5.2015","previousItem":{"@type":"ListItem","@id":"https:\/\/www.tenis-krka.org\/?cat=6#listItem","name":"Rezultati"}}]},{"@type":"Organization","@id":"https:\/\/www.tenis-krka.org\/#organization","name":"Teni\u0161ki klub Krka Oto\u010dec","description":"Vse o klubu, novice, dogodki, rezultati in \u0161e veliko ve\u010d...","url":"https:\/\/www.tenis-krka.org\/"},{"@type":"Person","@id":"https:\/\/www.tenis-krka.org\/?author=1#author","url":"https:\/\/www.tenis-krka.org\/?author=1","name":"admin","image":{"@type":"ImageObject","@id":"https:\/\/www.tenis-krka.org\/?p=2966#authorImage","url":"https:\/\/secure.gravatar.com\/avatar\/9e60ad079c111140ec6df07f7c8d348b27680a6649653907523325cecd07935e?s=96&d=mm&r=g","width":96,"height":96,"caption":"admin"}},{"@type":"WebPage","@id":"https:\/\/www.tenis-krka.org\/?p=2966#webpage","url":"https:\/\/www.tenis-krka.org\/?p=2966","name":"Jakob in Jani odli\u010dna v Mariboru 31.5.2015 | Teni\u0161ki klub Krka Oto\u010dec","description":"Ta vikend je v Mariboru potekal turnir od 8 do 11 let, na katerem sta igralca Tk Krka Oto\u010dec, Jakob Kav\u0161ek in Jani Retelj nastopila odli\u010dno. Tako Jakob, kot Jani sta izgubila po hudem boju \u0161ele v finalu. \u010cESTITAMO","inLanguage":"sl-SI","isPartOf":{"@id":"https:\/\/www.tenis-krka.org\/#website"},"breadcrumb":{"@id":"https:\/\/www.tenis-krka.org\/?p=2966#breadcrumblist"},"author":{"@id":"https:\/\/www.tenis-krka.org\/?author=1#author"},"creator":{"@id":"https:\/\/www.tenis-krka.org\/?author=1#author"},"datePublished":"2015-06-02T09:21:39+02:00","dateModified":"2019-05-27T15:15:58+02:00"},{"@type":"WebSite","@id":"https:\/\/www.tenis-krka.org\/#website","url":"https:\/\/www.tenis-krka.org\/","name":"Teni\u0161ki klub Krka Oto\u010dec","description":"Vse o klubu, novice, dogodki, rezultati in \u0161e veliko ve\u010d...","inLanguage":"sl-SI","publisher":{"@id":"https:\/\/www.tenis-krka.org\/#organization"}}]},"og:locale":"sl_SI","og:site_name":"Teni\u0161ki klub Krka Oto\u010dec | Vse o klubu, novice, dogodki, rezultati in \u0161e veliko ve\u010d...","og:type":"article","og:title":"Jakob in Jani odli\u010dna v Mariboru 31.5.2015 | Teni\u0161ki klub Krka Oto\u010dec","og:description":"Ta vikend je v Mariboru potekal turnir od 8 do 11 let, na katerem sta igralca Tk Krka Oto\u010dec, Jakob Kav\u0161ek in Jani Retelj nastopila odli\u010dno. Tako Jakob, kot Jani sta izgubila po hudem boju \u0161ele v finalu. \u010cESTITAMO","og:url":"https:\/\/www.tenis-krka.org\/?p=2966","article:published_time":"2015-06-02T07:21:39+00:00","article:modified_time":"2019-05-27T13:15:58+00:00","twitter:card":"summary_large_image","twitter:title":"Jakob in Jani odli\u010dna v Mariboru 31.5.2015 | Teni\u0161ki klub Krka Oto\u010dec","twitter:description":"Ta vikend je v Mariboru potekal turnir od 8 do 11 let, na katerem sta igralca Tk Krka Oto\u010dec, Jakob Kav\u0161ek in Jani Retelj nastopila odli\u010dno. Tako Jakob, kot Jani sta izgubila po hudem boju \u0161ele v finalu. \u010cESTITAMO"},"aioseo_meta_data":{"post_id":"2966","title":null,"description":null,"keywords":null,"keyphrases":null,"primary_term":null,"canonical_url":null,"og_title":null,"og_description":null,"og_object_type":"default","og_image_type":"default","og_image_url":null,"og_image_width":null,"og_image_height":null,"og_image_custom_url":null,"og_image_custom_fields":null,"og_video":null,"og_custom_url":null,"og_article_section":null,"og_article_tags":null,"twitter_use_og":false,"twitter_card":"default","twitter_image_type":"default","twitter_image_url":null,"twitter_image_custom_url":null,"twitter_image_custom_fields":null,"twitter_title":null,"twitter_description":null,"schema":{"blockGraphs":[],"customGraphs":[],"default":{"data":{"Article":[],"Course":[],"Dataset":[],"FAQPage":[],"Movie":[],"Person":[],"Product":[],"ProductReview":[],"Car":[],"Recipe":[],"Service":[],"SoftwareApplication":[],"WebPage":[]},"graphName":"","isEnabled":true},"graphs":[]},"schema_type":"default","schema_type_options":null,"pillar_content":false,"robots_default":true,"robots_noindex":false,"robots_noarchive":false,"robots_nosnippet":false,"robots_nofollow":false,"robots_noimageindex":false,"robots_noodp":false,"robots_notranslate":false,"robots_max_snippet":null,"robots_max_videopreview":null,"robots_max_imagepreview":"large","priority":null,"frequency":null,"local_seo":null,"breadcrumb_settings":null,"limit_modified_date":false,"ai":null,"created":"2024-08-30 08:52:17","updated":"2025-10-22 04:48:17","seo_analyzer_scan_date":null},"aioseo_breadcrumb":"<div class=\"aioseo-breadcrumbs\"><span class=\"aioseo-breadcrumb\">\n\t\t\t<a href=\"https:\/\/www.tenis-krka.org\" title=\"Domov\">Domov<\/a>\n\t\t<\/span><span class=\"aioseo-breadcrumb-separator\">&raquo;<\/span><span class=\"aioseo-breadcrumb\">\n\t\t\t<a href=\"https:\/\/www.tenis-krka.org\/?cat=6\" title=\"Rezultati\">Rezultati<\/a>\n\t\t<\/span><span class=\"aioseo-breadcrumb-separator\">&raquo;<\/span><span class=\"aioseo-breadcrumb\">\n\t\t\tJakob in Jani odli\u010dna v Mariboru 31.5.2015\n\t\t<\/span><\/div>","aioseo_breadcrumb_json":[{"label":"Domov","link":"https:\/\/www.tenis-krka.org"},{"label":"Rezultati","link":"https:\/\/www.tenis-krka.org\/?cat=6"},{"label":"Jakob in Jani odli\u010dna v Mariboru 31.5.2015","link":"https:\/\/www.tenis-krka.org\/?p=2966"}],"_links":{"self":[{"href":"https:\/\/www.tenis-krka.org\/index.php?rest_route=\/wp\/v2\/posts\/2966","targetHints":{"allow":["GET"]}}],"collection":[{"href":"https:\/\/www.tenis-krka.org\/index.php?rest_route=\/wp\/v2\/posts"}],"about":[{"href":"https:\/\/www.tenis-krka.org\/index.php?rest_route=\/wp\/v2\/types\/post"}],"author":[{"embeddable":true,"href":"https:\/\/www.tenis-krka.org\/index.php?rest_route=\/wp\/v2\/users\/1"}],"replies":[{"embeddable":true,"href":"https:\/\/www.tenis-krka.org\/index.php?rest_route=%2Fwp%2Fv2%2Fcomments&post=2966"}],"version-history":[{"count":2,"href":"https:\/\/www.tenis-krka.org\/index.php?rest_route=\/wp\/v2\/posts\/2966\/revisions"}],"predecessor-version":[{"id":2970,"href":"https:\/\/www.tenis-krka.org\/index.php?rest_route=\/wp\/v2\/posts\/2966\/revisions\/2970"}],"wp:attachment":[{"href":"https:\/\/www.tenis-krka.org\/index.php?rest_route=%2Fwp%2Fv2%2Fmedia&parent=2966"}],"wp:term":[{"taxonomy":"category","embeddable":true,"href":"https:\/\/www.tenis-krka.org\/index.php?rest_route=%2Fwp%2Fv2%2Fcategories&post=2966"},{"taxonomy":"post_tag","embeddable":true,"href":"https:\/\/www.tenis-krka.org\/index.php?rest_route=%2Fwp%2Fv2%2Ftags&post=2966"}],"curies":[{"name":"wp","href":"https:\/\/api.w.org\/{rel}","templated":true}]}}