{"id":2860,"date":"2014-10-30T09:49:06","date_gmt":"2014-10-30T07:49:06","guid":{"rendered":"http:\/\/www.tenis-krka.org\/?p=2860"},"modified":"2019-05-27T15:15:58","modified_gmt":"2019-05-27T13:15:58","slug":"ziva-falkner-sijajno-v-franciji","status":"publish","type":"post","link":"https:\/\/www.tenis-krka.org\/?p=2860","title":{"rendered":"\u017diva Falkner zmagovalka konkurence posameznic in dvojic na turnirju TE v Franciji"},"content":{"rendered":"<div>\n<h2><span style=\"color: #ff0000\"><strong><a href=\"http:\/\/www.tenis-krka.org\/wp-content\/uploads\/2014\/10\/\u017diva-Francija.jpg\"><img loading=\"lazy\" decoding=\"async\" class=\"alignleft size-full wp-image-2861\" src=\"http:\/\/www.tenis-krka.org\/wp-content\/uploads\/2014\/10\/\u017diva-Francija.jpg\" alt=\"\u017diva Francija\" width=\"525\" height=\"326\" srcset=\"https:\/\/www.tenis-krka.org\/wp-content\/uploads\/2014\/10\/\u017diva-Francija.jpg 525w, https:\/\/www.tenis-krka.org\/wp-content\/uploads\/2014\/10\/\u017diva-Francija-300x186.jpg 300w\" sizes=\"auto, (max-width: 525px) 100vw, 525px\" \/><\/a>\u010cESTITAMO<\/strong><\/span><\/h2>\n<p>Na\u0161a mlada igralka, ki je leto 2014 v starostni kategoriji do 12 let kon\u010dala na vrhu lestvice TZS, tam pa za\u010denja sezono 2015 tudi v starostni kategoriji do 14 let <strong>\u017diva FALKNER<\/strong>, se je ta teden v Franciji udele\u017eila turnirja Tennis Europe v kategoriji do 12 let. Turnir v Gradignanu je bil tretjega ranga, \u017diva pa je igrala odli\u010dno in se dvakrat povzpela na zmagovalno stopni\u010dko.<\/p>\n<p>Na poti do zmage je v prvem krogu s 6-0 6-0 premagala doma\u010dinko Gabrielle CLAIROTTE, ki je nastopila s posebnim povabilom, v drugem krogu je bila s 6-3 6-1 bolj\u0161a od \u0161e ene Francozinje, Flavie BRUGNONE in tudi v tretjem krogu je bila usodna za doma\u010do igralko. S 6-1 6-3 je premagala Melanie ZAEGEL. V \u010detrtfinalu je s 6-2 6-3 izlo\u010dila Nizozemko Julie BELGRAVER , v polfinalu pa se je pomerila z igralko iz Malte, ki je nastopila s posebnim povabilom, Helene PELLICANO. \u017diva je tudi polfinalno sre\u010danje zanesljivo dobila z rezultatom 6-4 6-2.<\/p>\n<p>Turnir je zaklju\u010dila tako, kot ga je za\u010dela, z zmago.V finalu je igrala s Francozinjo Cecile MORIN in zmagala s 6-4 6-4.<\/p>\n<p>V konkurenci dvojic je igrala v paru s polfinalno nasprotnico Helene PELLICANO. Nastopili sta odli\u010dno in brez te\u017eav, tudi v tej konkurenci \u017diva ni oddala niza, osvojili turnir. V finalu sta s 6-2 6-4 premagali Francozinji Laury AZNAR in Maelys BOUGART.<\/p>\n<p>&nbsp;<\/p>\n<\/div>\n<p>&nbsp;<\/p>\n","protected":false},"excerpt":{"rendered":"<p>\u010cESTITAMO Na\u0161a mlada igralka, ki je leto 2014 v starostni kategoriji do 12 let kon\u010dala na vrhu lestvice TZS, tam pa za\u010denja sezono 2015 tudi v starostni kategoriji do 14 let \u017diva FALKNER, se je ta teden v Franciji udele\u017eila turnirja Tennis Europe v kategoriji do 12 let. Turnir v Gradignanu je bil tretjega ranga, [&hellip;]<\/p>\n","protected":false},"author":1,"featured_media":0,"comment_status":"closed","ping_status":"open","sticky":false,"template":"","format":"standard","meta":{"ngg_post_thumbnail":0,"footnotes":""},"categories":[6],"tags":[],"class_list":["post-2860","post","type-post","status-publish","format-standard","hentry","category-rezult"],"aioseo_notices":[],"aioseo_head":"\n\t\t<!-- All in One SEO 4.9.10 - aioseo.com -->\n\t<meta name=\"description\" content=\"\u010cESTITAMO Na\u0161a mlada igralka, ki je leto 2014 v starostni kategoriji do 12 let kon\u010dala na vrhu lestvice TZS, tam pa za\u010denja sezono 2015 tudi v starostni kategoriji do 14 let \u017diva FALKNER, se je ta teden v Franciji udele\u017eila turnirja Tennis Europe v kategoriji do 12 let. Turnir v Gradignanu je bil tretjega ranga,\" \/>\n\t<meta name=\"robots\" content=\"max-image-preview:large\" \/>\n\t<meta name=\"author\" content=\"admin\"\/>\n\t<link rel=\"canonical\" href=\"https:\/\/www.tenis-krka.org\/?p=2860\" \/>\n\t<meta name=\"generator\" content=\"All in One SEO (AIOSEO) 4.9.10\" \/>\n\t\t<meta property=\"og:locale\" content=\"sl_SI\" \/>\n\t\t<meta property=\"og:site_name\" content=\"Teni\u0161ki klub Krka Oto\u010dec | Vse o klubu, novice, dogodki, rezultati in \u0161e veliko ve\u010d...\" \/>\n\t\t<meta property=\"og:type\" content=\"article\" \/>\n\t\t<meta property=\"og:title\" content=\"\u017diva Falkner zmagovalka konkurence posameznic in dvojic na turnirju TE v Franciji | Teni\u0161ki klub Krka Oto\u010dec\" \/>\n\t\t<meta property=\"og:description\" content=\"\u010cESTITAMO Na\u0161a mlada igralka, ki je leto 2014 v starostni kategoriji do 12 let kon\u010dala na vrhu lestvice TZS, tam pa za\u010denja sezono 2015 tudi v starostni kategoriji do 14 let \u017diva FALKNER, se je ta teden v Franciji udele\u017eila turnirja Tennis Europe v kategoriji do 12 let. Turnir v Gradignanu je bil tretjega ranga,\" \/>\n\t\t<meta property=\"og:url\" content=\"https:\/\/www.tenis-krka.org\/?p=2860\" \/>\n\t\t<meta property=\"article:published_time\" content=\"2014-10-30T07:49:06+00:00\" \/>\n\t\t<meta property=\"article:modified_time\" content=\"2019-05-27T13:15:58+00:00\" \/>\n\t\t<meta name=\"twitter:card\" content=\"summary_large_image\" \/>\n\t\t<meta name=\"twitter:title\" content=\"\u017diva Falkner zmagovalka konkurence posameznic in dvojic na turnirju TE v Franciji | Teni\u0161ki klub Krka Oto\u010dec\" \/>\n\t\t<meta name=\"twitter:description\" content=\"\u010cESTITAMO Na\u0161a mlada igralka, ki je leto 2014 v starostni kategoriji do 12 let kon\u010dala na vrhu lestvice TZS, tam pa za\u010denja sezono 2015 tudi v starostni kategoriji do 14 let \u017diva FALKNER, se je ta teden v Franciji udele\u017eila turnirja Tennis Europe v kategoriji do 12 let. Turnir v Gradignanu je bil tretjega ranga,\" \/>\n\t\t<script type=\"application\/ld+json\" class=\"aioseo-schema\">\n\t\t\t{\"@context\":\"https:\\\/\\\/schema.org\",\"@graph\":[{\"@type\":\"Article\",\"@id\":\"https:\\\/\\\/www.tenis-krka.org\\\/?p=2860#article\",\"name\":\"\\u017diva Falkner zmagovalka konkurence posameznic in dvojic na turnirju TE v Franciji | Teni\\u0161ki klub Krka Oto\\u010dec\",\"headline\":\"\\u017diva Falkner zmagovalka konkurence posameznic in dvojic na turnirju TE v Franciji\",\"author\":{\"@id\":\"https:\\\/\\\/www.tenis-krka.org\\\/?author=1#author\"},\"publisher\":{\"@id\":\"https:\\\/\\\/www.tenis-krka.org\\\/#organization\"},\"image\":{\"@type\":\"ImageObject\",\"url\":\"https:\\\/\\\/www.tenis-krka.org\\\/wp-content\\\/uploads\\\/2014\\\/10\\\/\\u017diva-Francija.jpg\",\"@id\":\"https:\\\/\\\/www.tenis-krka.org\\\/?p=2860\\\/#articleImage\",\"width\":525,\"height\":326},\"datePublished\":\"2014-10-30T09:49:06+02:00\",\"dateModified\":\"2019-05-27T15:15:58+02:00\",\"inLanguage\":\"sl-SI\",\"mainEntityOfPage\":{\"@id\":\"https:\\\/\\\/www.tenis-krka.org\\\/?p=2860#webpage\"},\"isPartOf\":{\"@id\":\"https:\\\/\\\/www.tenis-krka.org\\\/?p=2860#webpage\"},\"articleSection\":\"Rezultati\"},{\"@type\":\"BreadcrumbList\",\"@id\":\"https:\\\/\\\/www.tenis-krka.org\\\/?p=2860#breadcrumblist\",\"itemListElement\":[{\"@type\":\"ListItem\",\"@id\":\"https:\\\/\\\/www.tenis-krka.org#listItem\",\"position\":1,\"name\":\"Domov\",\"item\":\"https:\\\/\\\/www.tenis-krka.org\",\"nextItem\":{\"@type\":\"ListItem\",\"@id\":\"https:\\\/\\\/www.tenis-krka.org\\\/?cat=6#listItem\",\"name\":\"Rezultati\"}},{\"@type\":\"ListItem\",\"@id\":\"https:\\\/\\\/www.tenis-krka.org\\\/?cat=6#listItem\",\"position\":2,\"name\":\"Rezultati\",\"item\":\"https:\\\/\\\/www.tenis-krka.org\\\/?cat=6\",\"nextItem\":{\"@type\":\"ListItem\",\"@id\":\"https:\\\/\\\/www.tenis-krka.org\\\/?p=2860#listItem\",\"name\":\"\\u017diva Falkner zmagovalka konkurence posameznic in dvojic na turnirju TE v Franciji\"},\"previousItem\":{\"@type\":\"ListItem\",\"@id\":\"https:\\\/\\\/www.tenis-krka.org#listItem\",\"name\":\"Domov\"}},{\"@type\":\"ListItem\",\"@id\":\"https:\\\/\\\/www.tenis-krka.org\\\/?p=2860#listItem\",\"position\":3,\"name\":\"\\u017diva Falkner zmagovalka konkurence posameznic in dvojic na turnirju TE v Franciji\",\"previousItem\":{\"@type\":\"ListItem\",\"@id\":\"https:\\\/\\\/www.tenis-krka.org\\\/?cat=6#listItem\",\"name\":\"Rezultati\"}}]},{\"@type\":\"Organization\",\"@id\":\"https:\\\/\\\/www.tenis-krka.org\\\/#organization\",\"name\":\"Teni\\u0161ki klub Krka Oto\\u010dec\",\"description\":\"Vse o klubu, novice, dogodki, rezultati in \\u0161e veliko ve\\u010d...\",\"url\":\"https:\\\/\\\/www.tenis-krka.org\\\/\"},{\"@type\":\"Person\",\"@id\":\"https:\\\/\\\/www.tenis-krka.org\\\/?author=1#author\",\"url\":\"https:\\\/\\\/www.tenis-krka.org\\\/?author=1\",\"name\":\"admin\",\"image\":{\"@type\":\"ImageObject\",\"@id\":\"https:\\\/\\\/www.tenis-krka.org\\\/?p=2860#authorImage\",\"url\":\"https:\\\/\\\/secure.gravatar.com\\\/avatar\\\/9e60ad079c111140ec6df07f7c8d348b27680a6649653907523325cecd07935e?s=96&d=mm&r=g\",\"width\":96,\"height\":96,\"caption\":\"admin\"}},{\"@type\":\"WebPage\",\"@id\":\"https:\\\/\\\/www.tenis-krka.org\\\/?p=2860#webpage\",\"url\":\"https:\\\/\\\/www.tenis-krka.org\\\/?p=2860\",\"name\":\"\\u017diva Falkner zmagovalka konkurence posameznic in dvojic na turnirju TE v Franciji | Teni\\u0161ki klub Krka Oto\\u010dec\",\"description\":\"\\u010cESTITAMO Na\\u0161a mlada igralka, ki je leto 2014 v starostni kategoriji do 12 let kon\\u010dala na vrhu lestvice TZS, tam pa za\\u010denja sezono 2015 tudi v starostni kategoriji do 14 let \\u017diva FALKNER, se je ta teden v Franciji udele\\u017eila turnirja Tennis Europe v kategoriji do 12 let. Turnir v Gradignanu je bil tretjega ranga,\",\"inLanguage\":\"sl-SI\",\"isPartOf\":{\"@id\":\"https:\\\/\\\/www.tenis-krka.org\\\/#website\"},\"breadcrumb\":{\"@id\":\"https:\\\/\\\/www.tenis-krka.org\\\/?p=2860#breadcrumblist\"},\"author\":{\"@id\":\"https:\\\/\\\/www.tenis-krka.org\\\/?author=1#author\"},\"creator\":{\"@id\":\"https:\\\/\\\/www.tenis-krka.org\\\/?author=1#author\"},\"datePublished\":\"2014-10-30T09:49:06+02:00\",\"dateModified\":\"2019-05-27T15:15:58+02:00\"},{\"@type\":\"WebSite\",\"@id\":\"https:\\\/\\\/www.tenis-krka.org\\\/#website\",\"url\":\"https:\\\/\\\/www.tenis-krka.org\\\/\",\"name\":\"Teni\\u0161ki klub Krka Oto\\u010dec\",\"description\":\"Vse o klubu, novice, dogodki, rezultati in \\u0161e veliko ve\\u010d...\",\"inLanguage\":\"sl-SI\",\"publisher\":{\"@id\":\"https:\\\/\\\/www.tenis-krka.org\\\/#organization\"}}]}\n\t\t<\/script>\n\t\t<!-- All in One SEO -->\n\n","aioseo_head_json":{"title":"\u017diva Falkner zmagovalka konkurence posameznic in dvojic na turnirju TE v Franciji | Teni\u0161ki klub Krka Oto\u010dec","description":"\u010cESTITAMO Na\u0161a mlada igralka, ki je leto 2014 v starostni kategoriji do 12 let kon\u010dala na vrhu lestvice TZS, tam pa za\u010denja sezono 2015 tudi v starostni kategoriji do 14 let \u017diva FALKNER, se je ta teden v Franciji udele\u017eila turnirja Tennis Europe v kategoriji do 12 let. Turnir v Gradignanu je bil tretjega ranga,","canonical_url":"https:\/\/www.tenis-krka.org\/?p=2860","robots":"max-image-preview:large","keywords":"","webmasterTools":{"miscellaneous":""},"schema":{"@context":"https:\/\/schema.org","@graph":[{"@type":"Article","@id":"https:\/\/www.tenis-krka.org\/?p=2860#article","name":"\u017diva Falkner zmagovalka konkurence posameznic in dvojic na turnirju TE v Franciji | Teni\u0161ki klub Krka Oto\u010dec","headline":"\u017diva Falkner zmagovalka konkurence posameznic in dvojic na turnirju TE v Franciji","author":{"@id":"https:\/\/www.tenis-krka.org\/?author=1#author"},"publisher":{"@id":"https:\/\/www.tenis-krka.org\/#organization"},"image":{"@type":"ImageObject","url":"https:\/\/www.tenis-krka.org\/wp-content\/uploads\/2014\/10\/\u017diva-Francija.jpg","@id":"https:\/\/www.tenis-krka.org\/?p=2860\/#articleImage","width":525,"height":326},"datePublished":"2014-10-30T09:49:06+02:00","dateModified":"2019-05-27T15:15:58+02:00","inLanguage":"sl-SI","mainEntityOfPage":{"@id":"https:\/\/www.tenis-krka.org\/?p=2860#webpage"},"isPartOf":{"@id":"https:\/\/www.tenis-krka.org\/?p=2860#webpage"},"articleSection":"Rezultati"},{"@type":"BreadcrumbList","@id":"https:\/\/www.tenis-krka.org\/?p=2860#breadcrumblist","itemListElement":[{"@type":"ListItem","@id":"https:\/\/www.tenis-krka.org#listItem","position":1,"name":"Domov","item":"https:\/\/www.tenis-krka.org","nextItem":{"@type":"ListItem","@id":"https:\/\/www.tenis-krka.org\/?cat=6#listItem","name":"Rezultati"}},{"@type":"ListItem","@id":"https:\/\/www.tenis-krka.org\/?cat=6#listItem","position":2,"name":"Rezultati","item":"https:\/\/www.tenis-krka.org\/?cat=6","nextItem":{"@type":"ListItem","@id":"https:\/\/www.tenis-krka.org\/?p=2860#listItem","name":"\u017diva Falkner zmagovalka konkurence posameznic in dvojic na turnirju TE v Franciji"},"previousItem":{"@type":"ListItem","@id":"https:\/\/www.tenis-krka.org#listItem","name":"Domov"}},{"@type":"ListItem","@id":"https:\/\/www.tenis-krka.org\/?p=2860#listItem","position":3,"name":"\u017diva Falkner zmagovalka konkurence posameznic in dvojic na turnirju TE v Franciji","previousItem":{"@type":"ListItem","@id":"https:\/\/www.tenis-krka.org\/?cat=6#listItem","name":"Rezultati"}}]},{"@type":"Organization","@id":"https:\/\/www.tenis-krka.org\/#organization","name":"Teni\u0161ki klub Krka Oto\u010dec","description":"Vse o klubu, novice, dogodki, rezultati in \u0161e veliko ve\u010d...","url":"https:\/\/www.tenis-krka.org\/"},{"@type":"Person","@id":"https:\/\/www.tenis-krka.org\/?author=1#author","url":"https:\/\/www.tenis-krka.org\/?author=1","name":"admin","image":{"@type":"ImageObject","@id":"https:\/\/www.tenis-krka.org\/?p=2860#authorImage","url":"https:\/\/secure.gravatar.com\/avatar\/9e60ad079c111140ec6df07f7c8d348b27680a6649653907523325cecd07935e?s=96&d=mm&r=g","width":96,"height":96,"caption":"admin"}},{"@type":"WebPage","@id":"https:\/\/www.tenis-krka.org\/?p=2860#webpage","url":"https:\/\/www.tenis-krka.org\/?p=2860","name":"\u017diva Falkner zmagovalka konkurence posameznic in dvojic na turnirju TE v Franciji | Teni\u0161ki klub Krka Oto\u010dec","description":"\u010cESTITAMO Na\u0161a mlada igralka, ki je leto 2014 v starostni kategoriji do 12 let kon\u010dala na vrhu lestvice TZS, tam pa za\u010denja sezono 2015 tudi v starostni kategoriji do 14 let \u017diva FALKNER, se je ta teden v Franciji udele\u017eila turnirja Tennis Europe v kategoriji do 12 let. Turnir v Gradignanu je bil tretjega ranga,","inLanguage":"sl-SI","isPartOf":{"@id":"https:\/\/www.tenis-krka.org\/#website"},"breadcrumb":{"@id":"https:\/\/www.tenis-krka.org\/?p=2860#breadcrumblist"},"author":{"@id":"https:\/\/www.tenis-krka.org\/?author=1#author"},"creator":{"@id":"https:\/\/www.tenis-krka.org\/?author=1#author"},"datePublished":"2014-10-30T09:49:06+02:00","dateModified":"2019-05-27T15:15:58+02:00"},{"@type":"WebSite","@id":"https:\/\/www.tenis-krka.org\/#website","url":"https:\/\/www.tenis-krka.org\/","name":"Teni\u0161ki klub Krka Oto\u010dec","description":"Vse o klubu, novice, dogodki, rezultati in \u0161e veliko ve\u010d...","inLanguage":"sl-SI","publisher":{"@id":"https:\/\/www.tenis-krka.org\/#organization"}}]},"og:locale":"sl_SI","og:site_name":"Teni\u0161ki klub Krka Oto\u010dec | Vse o klubu, novice, dogodki, rezultati in \u0161e veliko ve\u010d...","og:type":"article","og:title":"\u017diva Falkner zmagovalka konkurence posameznic in dvojic na turnirju TE v Franciji | Teni\u0161ki klub Krka Oto\u010dec","og:description":"\u010cESTITAMO Na\u0161a mlada igralka, ki je leto 2014 v starostni kategoriji do 12 let kon\u010dala na vrhu lestvice TZS, tam pa za\u010denja sezono 2015 tudi v starostni kategoriji do 14 let \u017diva FALKNER, se je ta teden v Franciji udele\u017eila turnirja Tennis Europe v kategoriji do 12 let. Turnir v Gradignanu je bil tretjega ranga,","og:url":"https:\/\/www.tenis-krka.org\/?p=2860","article:published_time":"2014-10-30T07:49:06+00:00","article:modified_time":"2019-05-27T13:15:58+00:00","twitter:card":"summary_large_image","twitter:title":"\u017diva Falkner zmagovalka konkurence posameznic in dvojic na turnirju TE v Franciji | Teni\u0161ki klub Krka Oto\u010dec","twitter:description":"\u010cESTITAMO Na\u0161a mlada igralka, ki je leto 2014 v starostni kategoriji do 12 let kon\u010dala na vrhu lestvice TZS, tam pa za\u010denja sezono 2015 tudi v starostni kategoriji do 14 let \u017diva FALKNER, se je ta teden v Franciji udele\u017eila turnirja Tennis Europe v kategoriji do 12 let. Turnir v Gradignanu je bil tretjega ranga,"},"aioseo_meta_data":{"post_id":"2860","title":null,"description":null,"keywords":null,"keyphrases":null,"primary_term":null,"canonical_url":null,"og_title":null,"og_description":null,"og_object_type":"default","og_image_type":"default","og_image_url":null,"og_image_width":null,"og_image_height":null,"og_image_custom_url":null,"og_image_custom_fields":null,"og_video":null,"og_custom_url":null,"og_article_section":null,"og_article_tags":null,"twitter_use_og":false,"twitter_card":"default","twitter_image_type":"default","twitter_image_url":null,"twitter_image_custom_url":null,"twitter_image_custom_fields":null,"twitter_title":null,"twitter_description":null,"schema":{"blockGraphs":[],"customGraphs":[],"default":{"data":{"Article":[],"Course":[],"Dataset":[],"FAQPage":[],"Movie":[],"Person":[],"Product":[],"ProductReview":[],"Car":[],"Recipe":[],"Service":[],"SoftwareApplication":[],"WebPage":[]},"graphName":"","isEnabled":true},"graphs":[]},"schema_type":"default","schema_type_options":null,"pillar_content":false,"robots_default":true,"robots_noindex":false,"robots_noarchive":false,"robots_nosnippet":false,"robots_nofollow":false,"robots_noimageindex":false,"robots_noodp":false,"robots_notranslate":false,"robots_max_snippet":null,"robots_max_videopreview":null,"robots_max_imagepreview":"large","priority":null,"frequency":null,"local_seo":null,"breadcrumb_settings":null,"limit_modified_date":false,"ai":null,"created":"2024-08-30 08:52:18","updated":"2025-10-22 04:33:44","seo_analyzer_scan_date":null},"aioseo_breadcrumb":"<div class=\"aioseo-breadcrumbs\"><span class=\"aioseo-breadcrumb\">\n\t\t\t<a href=\"https:\/\/www.tenis-krka.org\" title=\"Domov\">Domov<\/a>\n\t\t<\/span><span class=\"aioseo-breadcrumb-separator\">&raquo;<\/span><span class=\"aioseo-breadcrumb\">\n\t\t\t<a href=\"https:\/\/www.tenis-krka.org\/?cat=6\" title=\"Rezultati\">Rezultati<\/a>\n\t\t<\/span><span class=\"aioseo-breadcrumb-separator\">&raquo;<\/span><span class=\"aioseo-breadcrumb\">\n\t\t\t\u017diva Falkner zmagovalka konkurence posameznic in dvojic na turnirju TE v Franciji\n\t\t<\/span><\/div>","aioseo_breadcrumb_json":[{"label":"Domov","link":"https:\/\/www.tenis-krka.org"},{"label":"Rezultati","link":"https:\/\/www.tenis-krka.org\/?cat=6"},{"label":"\u017diva Falkner zmagovalka konkurence posameznic in dvojic na turnirju TE v Franciji","link":"https:\/\/www.tenis-krka.org\/?p=2860"}],"_links":{"self":[{"href":"https:\/\/www.tenis-krka.org\/index.php?rest_route=\/wp\/v2\/posts\/2860","targetHints":{"allow":["GET"]}}],"collection":[{"href":"https:\/\/www.tenis-krka.org\/index.php?rest_route=\/wp\/v2\/posts"}],"about":[{"href":"https:\/\/www.tenis-krka.org\/index.php?rest_route=\/wp\/v2\/types\/post"}],"author":[{"embeddable":true,"href":"https:\/\/www.tenis-krka.org\/index.php?rest_route=\/wp\/v2\/users\/1"}],"replies":[{"embeddable":true,"href":"https:\/\/www.tenis-krka.org\/index.php?rest_route=%2Fwp%2Fv2%2Fcomments&post=2860"}],"version-history":[{"count":3,"href":"https:\/\/www.tenis-krka.org\/index.php?rest_route=\/wp\/v2\/posts\/2860\/revisions"}],"predecessor-version":[{"id":2865,"href":"https:\/\/www.tenis-krka.org\/index.php?rest_route=\/wp\/v2\/posts\/2860\/revisions\/2865"}],"wp:attachment":[{"href":"https:\/\/www.tenis-krka.org\/index.php?rest_route=%2Fwp%2Fv2%2Fmedia&parent=2860"}],"wp:term":[{"taxonomy":"category","embeddable":true,"href":"https:\/\/www.tenis-krka.org\/index.php?rest_route=%2Fwp%2Fv2%2Fcategories&post=2860"},{"taxonomy":"post_tag","embeddable":true,"href":"https:\/\/www.tenis-krka.org\/index.php?rest_route=%2Fwp%2Fv2%2Ftags&post=2860"}],"curies":[{"name":"wp","href":"https:\/\/api.w.org\/{rel}","templated":true}]}}