{"id":2756,"date":"2014-07-07T11:21:22","date_gmt":"2014-07-07T09:21:22","guid":{"rendered":"http:\/\/www.tenis-krka.org\/?p=2756"},"modified":"2019-05-27T15:15:59","modified_gmt":"2019-05-27T13:15:59","slug":"na-otoccu-mednarodni-tennis-europe-turnir-do-12-let-krka-cup-2014","status":"publish","type":"post","link":"https:\/\/www.tenis-krka.org\/?p=2756","title":{"rendered":"Na Oto\u010dcu  mednarodni TENNIS EUROPE turnir do 12 let &gt; KRKA cup  2014&lt;"},"content":{"rendered":"<p><a href=\"http:\/\/www.tenis-krka.org\/wp-content\/uploads\/2014\/07\/TE-Krka-Oto\u010dec-do-12-let.jpg\"><img loading=\"lazy\" decoding=\"async\" class=\"alignleft size-medium wp-image-2757\" alt=\"TE Krka Oto\u010dec do 12 let\" src=\"http:\/\/www.tenis-krka.org\/wp-content\/uploads\/2014\/07\/TE-Krka-Oto\u010dec-do-12-let-169x300.jpg\" width=\"169\" height=\"300\" srcset=\"https:\/\/www.tenis-krka.org\/wp-content\/uploads\/2014\/07\/TE-Krka-Oto\u010dec-do-12-let-169x300.jpg 169w, https:\/\/www.tenis-krka.org\/wp-content\/uploads\/2014\/07\/TE-Krka-Oto\u010dec-do-12-let-579x1024.jpg 579w, https:\/\/www.tenis-krka.org\/wp-content\/uploads\/2014\/07\/TE-Krka-Oto\u010dec-do-12-let.jpg 1520w\" sizes=\"auto, (max-width: 169px) 100vw, 169px\" \/><\/a>Na Oto\u010dcu so odigrali tekme tretjega kroga na mladinskem turnirju Tennis<br \/>\nEurope do 12 let.<\/p>\n<p>Kako na\u0161i?<\/p>\n<p>V \u010detrtfinale so se uvrstili \u0161tirje de\u010dki in tri deklice.<\/p>\n<p>Pri de\u010dkih so \u010detrtfinalisti Samuel PATE, Filip KALJEVI\u010c, Nik JURJEV\u010cI\u010c in<br \/>\nBla\u017e VIDOVI\u010c.<\/p>\n<p>Pri deklicah je z uvrstitvijo v \u010detrtfinale presenetila Sara \u010cIZMI\u0106,<br \/>\n\u010detrtfinalistki pa sta \u0161e Tja\u0161a KLEVI\u0160AR in Pia LOVRI\u010c.<\/p>\n<p>V konkurenci dvojic so pri de\u010dkih v polfinalu trije slovenski pari. V<br \/>\n\u010detrtfinale so se uvrstili Martin GRILJ in Filip KALJEVI\u010c, Samuel PATE in<br \/>\nBla\u017e VIDOVI\u010c ter Gal EMER\u0160I\u010c POTO\u010cNIK in Nikola PERI\u010c.<\/p>\n<p>Pri deklicah so polfinalistke Ema KOR\u0160I\u010c in Alea BUBEK, Alja BELINGER in<br \/>\nTja\u0161a KLEVI\u0160AR ter Kristina KOFOL in Pia LOVRI\u010c.<\/p>\n<p>Pri de\u010dkih \u0161e naprej odli\u010dno igra Nik JURJEV\u010cI\u010c, ki je v \u010detrtfinalu s 5-7<br \/>\n6-3 6-4 izlo\u010dil Bla\u017ea VIDOVI\u010cA in bo v polfinalu igral s Hrvatom Borno<br \/>\nDEVALDOM, ki je bil s 6-2 6-3 bolj\u0161i od bolj\u0161i Filipa KALJEVI\u010cA. \u010cetrti<br \/>\nslovenski \u010detrtfinalist med fanti Samuel PATE je z 2-6 4-6 izgubil s Srbom<br \/>\nDu\u0161anom MILANOVI\u0106EM.<\/p>\n<p>Pri deklicah se bosta v slovenskem polfinalu pomerili Pia LOVRI\u010c, v<br \/>\n\u010detrtfinalu je s 7-6(3) 6-2 premagala Belorusinjo Sofi BRICH in Tja\u0161a<br \/>\nKLEVI\u0160AR, ki je bila v \u010detrtfinalu s 6-2 7-5 bolj\u0161a od Anaelle LECLERCQ.<br \/>\nTretja slovenska \u010detrtfinalistka Sara \u010cIZMI\u010c je \u010detrtfinalno sre\u010danje brez<br \/>\nboja predala.<\/p>\n<p>V konkurenci dvojic sta se pri de\u010dkih v finale uvrstila Martin GRILJ in<br \/>\nFilip KALJEVI\u010c. Za zmago se bosta borila z Bolgarom Anthonyem GENOVIM in<br \/>\nRusom Maratom SHARIPOVIM.<\/p>\n<p>Tudi pri deklicah bosta v finalu zmago naskakovali slovenski igralki. Alja<br \/>\nBELINGER in Tja\u0161a KLEVI\u0160AR se bosta zanjo borili s Ksenijo in Sofi BRICH iz<br \/>\nBelorusije.<\/p>\n","protected":false},"excerpt":{"rendered":"<p>Na Oto\u010dcu so odigrali tekme tretjega kroga na mladinskem turnirju Tennis Europe do 12 let. Kako na\u0161i? V \u010detrtfinale so se uvrstili \u0161tirje de\u010dki in tri deklice. Pri de\u010dkih so \u010detrtfinalisti Samuel PATE, Filip KALJEVI\u010c, Nik JURJEV\u010cI\u010c in Bla\u017e VIDOVI\u010c. Pri deklicah je z uvrstitvijo v \u010detrtfinale presenetila Sara \u010cIZMI\u0106, \u010detrtfinalistki pa sta \u0161e Tja\u0161a [&hellip;]<\/p>\n","protected":false},"author":1,"featured_media":0,"comment_status":"closed","ping_status":"open","sticky":false,"template":"","format":"standard","meta":{"ngg_post_thumbnail":0,"footnotes":""},"categories":[4,20,6,5],"tags":[],"class_list":["post-2756","post","type-post","status-publish","format-standard","hentry","category-dog","category-turnirji","category-rezult","category-tekm"],"aioseo_notices":[],"aioseo_head":"\n\t\t<!-- All in One SEO 4.9.10 - aioseo.com -->\n\t<meta name=\"description\" content=\"Na Oto\u010dcu so odigrali tekme tretjega kroga na mladinskem turnirju Tennis Europe do 12 let. Kako na\u0161i? V \u010detrtfinale so se uvrstili \u0161tirje de\u010dki in tri deklice. Pri de\u010dkih so \u010detrtfinalisti Samuel PATE, Filip KALJEVI\u010c, Nik JURJEV\u010cI\u010c in Bla\u017e VIDOVI\u010c. Pri deklicah je z uvrstitvijo v \u010detrtfinale presenetila Sara \u010cIZMI\u0106, \u010detrtfinalistki pa sta \u0161e Tja\u0161a\" \/>\n\t<meta name=\"robots\" content=\"max-image-preview:large\" \/>\n\t<meta name=\"author\" content=\"admin\"\/>\n\t<link rel=\"canonical\" href=\"https:\/\/www.tenis-krka.org\/?p=2756\" \/>\n\t<meta name=\"generator\" content=\"All in One SEO (AIOSEO) 4.9.10\" \/>\n\t\t<meta property=\"og:locale\" content=\"sl_SI\" \/>\n\t\t<meta property=\"og:site_name\" content=\"Teni\u0161ki klub Krka Oto\u010dec | Vse o klubu, novice, dogodki, rezultati in \u0161e veliko ve\u010d...\" \/>\n\t\t<meta property=\"og:type\" content=\"article\" \/>\n\t\t<meta property=\"og:title\" content=\"Na Oto\u010dcu mednarodni TENNIS EUROPE turnir do 12 let &gt; KRKA cup 2014&lt; | Teni\u0161ki klub Krka Oto\u010dec\" \/>\n\t\t<meta property=\"og:description\" content=\"Na Oto\u010dcu so odigrali tekme tretjega kroga na mladinskem turnirju Tennis Europe do 12 let. Kako na\u0161i? V \u010detrtfinale so se uvrstili \u0161tirje de\u010dki in tri deklice. Pri de\u010dkih so \u010detrtfinalisti Samuel PATE, Filip KALJEVI\u010c, Nik JURJEV\u010cI\u010c in Bla\u017e VIDOVI\u010c. Pri deklicah je z uvrstitvijo v \u010detrtfinale presenetila Sara \u010cIZMI\u0106, \u010detrtfinalistki pa sta \u0161e Tja\u0161a\" \/>\n\t\t<meta property=\"og:url\" content=\"https:\/\/www.tenis-krka.org\/?p=2756\" \/>\n\t\t<meta property=\"article:published_time\" content=\"2014-07-07T09:21:22+00:00\" \/>\n\t\t<meta property=\"article:modified_time\" content=\"2019-05-27T13:15:59+00:00\" \/>\n\t\t<meta name=\"twitter:card\" content=\"summary_large_image\" \/>\n\t\t<meta name=\"twitter:title\" content=\"Na Oto\u010dcu mednarodni TENNIS EUROPE turnir do 12 let &gt; KRKA cup 2014&lt; | Teni\u0161ki klub Krka Oto\u010dec\" \/>\n\t\t<meta name=\"twitter:description\" content=\"Na Oto\u010dcu so odigrali tekme tretjega kroga na mladinskem turnirju Tennis Europe do 12 let. Kako na\u0161i? V \u010detrtfinale so se uvrstili \u0161tirje de\u010dki in tri deklice. Pri de\u010dkih so \u010detrtfinalisti Samuel PATE, Filip KALJEVI\u010c, Nik JURJEV\u010cI\u010c in Bla\u017e VIDOVI\u010c. Pri deklicah je z uvrstitvijo v \u010detrtfinale presenetila Sara \u010cIZMI\u0106, \u010detrtfinalistki pa sta \u0161e Tja\u0161a\" \/>\n\t\t<script type=\"application\/ld+json\" class=\"aioseo-schema\">\n\t\t\t{\"@context\":\"https:\\\/\\\/schema.org\",\"@graph\":[{\"@type\":\"Article\",\"@id\":\"https:\\\/\\\/www.tenis-krka.org\\\/?p=2756#article\",\"name\":\"Na Oto\\u010dcu mednarodni TENNIS EUROPE turnir do 12 let > KRKA cup 2014< | Teni\\u0161ki klub Krka Oto\\u010dec\",\"headline\":\"Na Oto\\u010dcu  mednarodni TENNIS EUROPE turnir do 12 let &gt; KRKA cup  2014&lt;\",\"author\":{\"@id\":\"https:\\\/\\\/www.tenis-krka.org\\\/?author=1#author\"},\"publisher\":{\"@id\":\"https:\\\/\\\/www.tenis-krka.org\\\/#organization\"},\"image\":{\"@type\":\"ImageObject\",\"url\":\"https:\\\/\\\/www.tenis-krka.org\\\/wp-content\\\/uploads\\\/2014\\\/07\\\/TE-Krka-Oto\\u010dec-do-12-let.jpg\",\"@id\":\"https:\\\/\\\/www.tenis-krka.org\\\/?p=2756\\\/#articleImage\",\"width\":1520,\"height\":2688},\"datePublished\":\"2014-07-07T11:21:22+02:00\",\"dateModified\":\"2019-05-27T15:15:59+02:00\",\"inLanguage\":\"sl-SI\",\"mainEntityOfPage\":{\"@id\":\"https:\\\/\\\/www.tenis-krka.org\\\/?p=2756#webpage\"},\"isPartOf\":{\"@id\":\"https:\\\/\\\/www.tenis-krka.org\\\/?p=2756#webpage\"},\"articleSection\":\"Dogodki, Organizacija turnirjev, Rezultati, Tekmovanja\"},{\"@type\":\"BreadcrumbList\",\"@id\":\"https:\\\/\\\/www.tenis-krka.org\\\/?p=2756#breadcrumblist\",\"itemListElement\":[{\"@type\":\"ListItem\",\"@id\":\"https:\\\/\\\/www.tenis-krka.org#listItem\",\"position\":1,\"name\":\"Domov\",\"item\":\"https:\\\/\\\/www.tenis-krka.org\",\"nextItem\":{\"@type\":\"ListItem\",\"@id\":\"https:\\\/\\\/www.tenis-krka.org\\\/?cat=4#listItem\",\"name\":\"Dogodki\"}},{\"@type\":\"ListItem\",\"@id\":\"https:\\\/\\\/www.tenis-krka.org\\\/?cat=4#listItem\",\"position\":2,\"name\":\"Dogodki\",\"item\":\"https:\\\/\\\/www.tenis-krka.org\\\/?cat=4\",\"nextItem\":{\"@type\":\"ListItem\",\"@id\":\"https:\\\/\\\/www.tenis-krka.org\\\/?p=2756#listItem\",\"name\":\"Na Oto\\u010dcu  mednarodni TENNIS EUROPE turnir do 12 let &gt; KRKA cup  2014&lt;\"},\"previousItem\":{\"@type\":\"ListItem\",\"@id\":\"https:\\\/\\\/www.tenis-krka.org#listItem\",\"name\":\"Domov\"}},{\"@type\":\"ListItem\",\"@id\":\"https:\\\/\\\/www.tenis-krka.org\\\/?p=2756#listItem\",\"position\":3,\"name\":\"Na Oto\\u010dcu  mednarodni TENNIS EUROPE turnir do 12 let &gt; KRKA cup  2014&lt;\",\"previousItem\":{\"@type\":\"ListItem\",\"@id\":\"https:\\\/\\\/www.tenis-krka.org\\\/?cat=4#listItem\",\"name\":\"Dogodki\"}}]},{\"@type\":\"Organization\",\"@id\":\"https:\\\/\\\/www.tenis-krka.org\\\/#organization\",\"name\":\"Teni\\u0161ki klub Krka Oto\\u010dec\",\"description\":\"Vse o klubu, novice, dogodki, rezultati in \\u0161e veliko ve\\u010d...\",\"url\":\"https:\\\/\\\/www.tenis-krka.org\\\/\"},{\"@type\":\"Person\",\"@id\":\"https:\\\/\\\/www.tenis-krka.org\\\/?author=1#author\",\"url\":\"https:\\\/\\\/www.tenis-krka.org\\\/?author=1\",\"name\":\"admin\",\"image\":{\"@type\":\"ImageObject\",\"@id\":\"https:\\\/\\\/www.tenis-krka.org\\\/?p=2756#authorImage\",\"url\":\"https:\\\/\\\/secure.gravatar.com\\\/avatar\\\/9e60ad079c111140ec6df07f7c8d348b27680a6649653907523325cecd07935e?s=96&d=mm&r=g\",\"width\":96,\"height\":96,\"caption\":\"admin\"}},{\"@type\":\"WebPage\",\"@id\":\"https:\\\/\\\/www.tenis-krka.org\\\/?p=2756#webpage\",\"url\":\"https:\\\/\\\/www.tenis-krka.org\\\/?p=2756\",\"name\":\"Na Oto\\u010dcu mednarodni TENNIS EUROPE turnir do 12 let > KRKA cup 2014< | Teni\\u0161ki klub Krka Oto\\u010dec\",\"description\":\"Na Oto\\u010dcu so odigrali tekme tretjega kroga na mladinskem turnirju Tennis Europe do 12 let. Kako na\\u0161i? V \\u010detrtfinale so se uvrstili \\u0161tirje de\\u010dki in tri deklice. Pri de\\u010dkih so \\u010detrtfinalisti Samuel PATE, Filip KALJEVI\\u010c, Nik JURJEV\\u010cI\\u010c in Bla\\u017e VIDOVI\\u010c. Pri deklicah je z uvrstitvijo v \\u010detrtfinale presenetila Sara \\u010cIZMI\\u0106, \\u010detrtfinalistki pa sta \\u0161e Tja\\u0161a\",\"inLanguage\":\"sl-SI\",\"isPartOf\":{\"@id\":\"https:\\\/\\\/www.tenis-krka.org\\\/#website\"},\"breadcrumb\":{\"@id\":\"https:\\\/\\\/www.tenis-krka.org\\\/?p=2756#breadcrumblist\"},\"author\":{\"@id\":\"https:\\\/\\\/www.tenis-krka.org\\\/?author=1#author\"},\"creator\":{\"@id\":\"https:\\\/\\\/www.tenis-krka.org\\\/?author=1#author\"},\"datePublished\":\"2014-07-07T11:21:22+02:00\",\"dateModified\":\"2019-05-27T15:15:59+02:00\"},{\"@type\":\"WebSite\",\"@id\":\"https:\\\/\\\/www.tenis-krka.org\\\/#website\",\"url\":\"https:\\\/\\\/www.tenis-krka.org\\\/\",\"name\":\"Teni\\u0161ki klub Krka Oto\\u010dec\",\"description\":\"Vse o klubu, novice, dogodki, rezultati in \\u0161e veliko ve\\u010d...\",\"inLanguage\":\"sl-SI\",\"publisher\":{\"@id\":\"https:\\\/\\\/www.tenis-krka.org\\\/#organization\"}}]}\n\t\t<\/script>\n\t\t<!-- All in One SEO -->\n\n","aioseo_head_json":{"title":"Na Oto\u010dcu mednarodni TENNIS EUROPE turnir do 12 let > KRKA cup 2014< | Teni\u0161ki klub Krka Oto\u010dec","description":"Na Oto\u010dcu so odigrali tekme tretjega kroga na mladinskem turnirju Tennis Europe do 12 let. Kako na\u0161i? V \u010detrtfinale so se uvrstili \u0161tirje de\u010dki in tri deklice. Pri de\u010dkih so \u010detrtfinalisti Samuel PATE, Filip KALJEVI\u010c, Nik JURJEV\u010cI\u010c in Bla\u017e VIDOVI\u010c. Pri deklicah je z uvrstitvijo v \u010detrtfinale presenetila Sara \u010cIZMI\u0106, \u010detrtfinalistki pa sta \u0161e Tja\u0161a","canonical_url":"https:\/\/www.tenis-krka.org\/?p=2756","robots":"max-image-preview:large","keywords":"","webmasterTools":{"miscellaneous":""},"schema":{"@context":"https:\/\/schema.org","@graph":[{"@type":"Article","@id":"https:\/\/www.tenis-krka.org\/?p=2756#article","name":"Na Oto\u010dcu mednarodni TENNIS EUROPE turnir do 12 let > KRKA cup 2014< | Teni\u0161ki klub Krka Oto\u010dec","headline":"Na Oto\u010dcu  mednarodni TENNIS EUROPE turnir do 12 let &gt; KRKA cup  2014&lt;","author":{"@id":"https:\/\/www.tenis-krka.org\/?author=1#author"},"publisher":{"@id":"https:\/\/www.tenis-krka.org\/#organization"},"image":{"@type":"ImageObject","url":"https:\/\/www.tenis-krka.org\/wp-content\/uploads\/2014\/07\/TE-Krka-Oto\u010dec-do-12-let.jpg","@id":"https:\/\/www.tenis-krka.org\/?p=2756\/#articleImage","width":1520,"height":2688},"datePublished":"2014-07-07T11:21:22+02:00","dateModified":"2019-05-27T15:15:59+02:00","inLanguage":"sl-SI","mainEntityOfPage":{"@id":"https:\/\/www.tenis-krka.org\/?p=2756#webpage"},"isPartOf":{"@id":"https:\/\/www.tenis-krka.org\/?p=2756#webpage"},"articleSection":"Dogodki, Organizacija turnirjev, Rezultati, Tekmovanja"},{"@type":"BreadcrumbList","@id":"https:\/\/www.tenis-krka.org\/?p=2756#breadcrumblist","itemListElement":[{"@type":"ListItem","@id":"https:\/\/www.tenis-krka.org#listItem","position":1,"name":"Domov","item":"https:\/\/www.tenis-krka.org","nextItem":{"@type":"ListItem","@id":"https:\/\/www.tenis-krka.org\/?cat=4#listItem","name":"Dogodki"}},{"@type":"ListItem","@id":"https:\/\/www.tenis-krka.org\/?cat=4#listItem","position":2,"name":"Dogodki","item":"https:\/\/www.tenis-krka.org\/?cat=4","nextItem":{"@type":"ListItem","@id":"https:\/\/www.tenis-krka.org\/?p=2756#listItem","name":"Na Oto\u010dcu  mednarodni TENNIS EUROPE turnir do 12 let &gt; KRKA cup  2014&lt;"},"previousItem":{"@type":"ListItem","@id":"https:\/\/www.tenis-krka.org#listItem","name":"Domov"}},{"@type":"ListItem","@id":"https:\/\/www.tenis-krka.org\/?p=2756#listItem","position":3,"name":"Na Oto\u010dcu  mednarodni TENNIS EUROPE turnir do 12 let &gt; KRKA cup  2014&lt;","previousItem":{"@type":"ListItem","@id":"https:\/\/www.tenis-krka.org\/?cat=4#listItem","name":"Dogodki"}}]},{"@type":"Organization","@id":"https:\/\/www.tenis-krka.org\/#organization","name":"Teni\u0161ki klub Krka Oto\u010dec","description":"Vse o klubu, novice, dogodki, rezultati in \u0161e veliko ve\u010d...","url":"https:\/\/www.tenis-krka.org\/"},{"@type":"Person","@id":"https:\/\/www.tenis-krka.org\/?author=1#author","url":"https:\/\/www.tenis-krka.org\/?author=1","name":"admin","image":{"@type":"ImageObject","@id":"https:\/\/www.tenis-krka.org\/?p=2756#authorImage","url":"https:\/\/secure.gravatar.com\/avatar\/9e60ad079c111140ec6df07f7c8d348b27680a6649653907523325cecd07935e?s=96&d=mm&r=g","width":96,"height":96,"caption":"admin"}},{"@type":"WebPage","@id":"https:\/\/www.tenis-krka.org\/?p=2756#webpage","url":"https:\/\/www.tenis-krka.org\/?p=2756","name":"Na Oto\u010dcu mednarodni TENNIS EUROPE turnir do 12 let > KRKA cup 2014< | Teni\u0161ki klub Krka Oto\u010dec","description":"Na Oto\u010dcu so odigrali tekme tretjega kroga na mladinskem turnirju Tennis Europe do 12 let. Kako na\u0161i? V \u010detrtfinale so se uvrstili \u0161tirje de\u010dki in tri deklice. Pri de\u010dkih so \u010detrtfinalisti Samuel PATE, Filip KALJEVI\u010c, Nik JURJEV\u010cI\u010c in Bla\u017e VIDOVI\u010c. Pri deklicah je z uvrstitvijo v \u010detrtfinale presenetila Sara \u010cIZMI\u0106, \u010detrtfinalistki pa sta \u0161e Tja\u0161a","inLanguage":"sl-SI","isPartOf":{"@id":"https:\/\/www.tenis-krka.org\/#website"},"breadcrumb":{"@id":"https:\/\/www.tenis-krka.org\/?p=2756#breadcrumblist"},"author":{"@id":"https:\/\/www.tenis-krka.org\/?author=1#author"},"creator":{"@id":"https:\/\/www.tenis-krka.org\/?author=1#author"},"datePublished":"2014-07-07T11:21:22+02:00","dateModified":"2019-05-27T15:15:59+02:00"},{"@type":"WebSite","@id":"https:\/\/www.tenis-krka.org\/#website","url":"https:\/\/www.tenis-krka.org\/","name":"Teni\u0161ki klub Krka Oto\u010dec","description":"Vse o klubu, novice, dogodki, rezultati in \u0161e veliko ve\u010d...","inLanguage":"sl-SI","publisher":{"@id":"https:\/\/www.tenis-krka.org\/#organization"}}]},"og:locale":"sl_SI","og:site_name":"Teni\u0161ki klub Krka Oto\u010dec | Vse o klubu, novice, dogodki, rezultati in \u0161e veliko ve\u010d...","og:type":"article","og:title":"Na Oto\u010dcu mednarodni TENNIS EUROPE turnir do 12 let &gt; KRKA cup 2014&lt; | Teni\u0161ki klub Krka Oto\u010dec","og:description":"Na Oto\u010dcu so odigrali tekme tretjega kroga na mladinskem turnirju Tennis Europe do 12 let. Kako na\u0161i? V \u010detrtfinale so se uvrstili \u0161tirje de\u010dki in tri deklice. Pri de\u010dkih so \u010detrtfinalisti Samuel PATE, Filip KALJEVI\u010c, Nik JURJEV\u010cI\u010c in Bla\u017e VIDOVI\u010c. Pri deklicah je z uvrstitvijo v \u010detrtfinale presenetila Sara \u010cIZMI\u0106, \u010detrtfinalistki pa sta \u0161e Tja\u0161a","og:url":"https:\/\/www.tenis-krka.org\/?p=2756","article:published_time":"2014-07-07T09:21:22+00:00","article:modified_time":"2019-05-27T13:15:59+00:00","twitter:card":"summary_large_image","twitter:title":"Na Oto\u010dcu mednarodni TENNIS EUROPE turnir do 12 let &gt; KRKA cup 2014&lt; | Teni\u0161ki klub Krka Oto\u010dec","twitter:description":"Na Oto\u010dcu so odigrali tekme tretjega kroga na mladinskem turnirju Tennis Europe do 12 let. Kako na\u0161i? V \u010detrtfinale so se uvrstili \u0161tirje de\u010dki in tri deklice. Pri de\u010dkih so \u010detrtfinalisti Samuel PATE, Filip KALJEVI\u010c, Nik JURJEV\u010cI\u010c in Bla\u017e VIDOVI\u010c. Pri deklicah je z uvrstitvijo v \u010detrtfinale presenetila Sara \u010cIZMI\u0106, \u010detrtfinalistki pa sta \u0161e Tja\u0161a"},"aioseo_meta_data":{"post_id":"2756","title":null,"description":null,"keywords":null,"keyphrases":null,"primary_term":null,"canonical_url":null,"og_title":null,"og_description":null,"og_object_type":"default","og_image_type":"default","og_image_url":null,"og_image_width":null,"og_image_height":null,"og_image_custom_url":null,"og_image_custom_fields":null,"og_video":null,"og_custom_url":null,"og_article_section":null,"og_article_tags":null,"twitter_use_og":false,"twitter_card":"default","twitter_image_type":"default","twitter_image_url":null,"twitter_image_custom_url":null,"twitter_image_custom_fields":null,"twitter_title":null,"twitter_description":null,"schema":{"blockGraphs":[],"customGraphs":[],"default":{"data":{"Article":[],"Course":[],"Dataset":[],"FAQPage":[],"Movie":[],"Person":[],"Product":[],"ProductReview":[],"Car":[],"Recipe":[],"Service":[],"SoftwareApplication":[],"WebPage":[]},"graphName":"","isEnabled":true},"graphs":[]},"schema_type":"default","schema_type_options":null,"pillar_content":false,"robots_default":true,"robots_noindex":false,"robots_noarchive":false,"robots_nosnippet":false,"robots_nofollow":false,"robots_noimageindex":false,"robots_noodp":false,"robots_notranslate":false,"robots_max_snippet":null,"robots_max_videopreview":null,"robots_max_imagepreview":"large","priority":null,"frequency":null,"local_seo":null,"breadcrumb_settings":null,"limit_modified_date":false,"ai":null,"created":"2024-08-30 08:53:34","updated":"2025-10-22 04:09:34","seo_analyzer_scan_date":null},"aioseo_breadcrumb":"<div class=\"aioseo-breadcrumbs\"><span class=\"aioseo-breadcrumb\">\n\t\t\t<a href=\"https:\/\/www.tenis-krka.org\" title=\"Domov\">Domov<\/a>\n\t\t<\/span><span class=\"aioseo-breadcrumb-separator\">&raquo;<\/span><span class=\"aioseo-breadcrumb\">\n\t\t\t<a href=\"https:\/\/www.tenis-krka.org\/?cat=4\" title=\"Dogodki\">Dogodki<\/a>\n\t\t<\/span><span class=\"aioseo-breadcrumb-separator\">&raquo;<\/span><span class=\"aioseo-breadcrumb\">\n\t\t\tNa Oto\u010dcu  mednarodni TENNIS EUROPE turnir do 12 let &gt; KRKA cup  2014&lt;\n\t\t<\/span><\/div>","aioseo_breadcrumb_json":[{"label":"Domov","link":"https:\/\/www.tenis-krka.org"},{"label":"Dogodki","link":"https:\/\/www.tenis-krka.org\/?cat=4"},{"label":"Na Oto\u010dcu  mednarodni TENNIS EUROPE turnir do 12 let &gt; KRKA cup  2014&lt;","link":"https:\/\/www.tenis-krka.org\/?p=2756"}],"_links":{"self":[{"href":"https:\/\/www.tenis-krka.org\/index.php?rest_route=\/wp\/v2\/posts\/2756","targetHints":{"allow":["GET"]}}],"collection":[{"href":"https:\/\/www.tenis-krka.org\/index.php?rest_route=\/wp\/v2\/posts"}],"about":[{"href":"https:\/\/www.tenis-krka.org\/index.php?rest_route=\/wp\/v2\/types\/post"}],"author":[{"embeddable":true,"href":"https:\/\/www.tenis-krka.org\/index.php?rest_route=\/wp\/v2\/users\/1"}],"replies":[{"embeddable":true,"href":"https:\/\/www.tenis-krka.org\/index.php?rest_route=%2Fwp%2Fv2%2Fcomments&post=2756"}],"version-history":[{"count":1,"href":"https:\/\/www.tenis-krka.org\/index.php?rest_route=\/wp\/v2\/posts\/2756\/revisions"}],"predecessor-version":[{"id":2758,"href":"https:\/\/www.tenis-krka.org\/index.php?rest_route=\/wp\/v2\/posts\/2756\/revisions\/2758"}],"wp:attachment":[{"href":"https:\/\/www.tenis-krka.org\/index.php?rest_route=%2Fwp%2Fv2%2Fmedia&parent=2756"}],"wp:term":[{"taxonomy":"category","embeddable":true,"href":"https:\/\/www.tenis-krka.org\/index.php?rest_route=%2Fwp%2Fv2%2Fcategories&post=2756"},{"taxonomy":"post_tag","embeddable":true,"href":"https:\/\/www.tenis-krka.org\/index.php?rest_route=%2Fwp%2Fv2%2Ftags&post=2756"}],"curies":[{"name":"wp","href":"https:\/\/api.w.org\/{rel}","templated":true}]}}