{"id":2736,"date":"2014-06-12T22:50:27","date_gmt":"2014-06-12T20:50:27","guid":{"rendered":"http:\/\/www.tenis-krka.org\/?p=2736"},"modified":"2019-05-27T15:16:15","modified_gmt":"2019-05-27T13:16:15","slug":"ziva-v-finalu-drzavnega-prvenstva-do-12-let-12-6-2014","status":"publish","type":"post","link":"https:\/\/www.tenis-krka.org\/?p=2736","title":{"rendered":"\u017dIVA DR\u017dAVNA PRVAKINJA IN PODPRVAKINJA  (13.6.2014)"},"content":{"rendered":"<div id=\"attachment_2263\" style=\"width: 310px\" class=\"wp-caption alignleft\"><a href=\"http:\/\/www.tenis-krka.org\/wp-content\/uploads\/2013\/02\/\u017diva-dp-122.jpg\"><img loading=\"lazy\" decoding=\"async\" aria-describedby=\"caption-attachment-2263\" class=\"size-full wp-image-2263\" alt=\"\u017diva Falkner TK Krka Oto\u010dec\" src=\"http:\/\/www.tenis-krka.org\/wp-content\/uploads\/2013\/02\/\u017diva-dp-122.jpg\" width=\"300\" height=\"200\" \/><\/a><p id=\"caption-attachment-2263\" class=\"wp-caption-text\">\u017diva Falkner TK Krka Oto\u010dec<\/p><\/div>\n<p>V Mariboru je potekalo dr\u017eavno prvenstvo do 12 let.<span style=\"font-size: medium\"><strong> \u017diva Falkner \u00a0je dosegla sijajene rezultate:<\/strong><\/span><\/p>\n<p><span style=\"font-size: medium\"><strong><span style=\"color: #ff0000\">\u017dIVA FALKNER DR\u017dAVNA PRVAKINJA V DVOJICAH!<\/span><\/strong><\/span><br \/>\nFinale:<br \/>\n\u017diva, Lovri\u010d<br \/>\nBelinger, Klevi\u0161ar<br \/>\n64,75<\/p>\n<p><strong><span style=\"color: #ff0000;font-size: medium\">\u017dIVA FALKNER DR\u017dAVNA PODPRVAKINJA POSAMEZNO<\/span><\/strong><br \/>\nFinale:<br \/>\n\u017diva- Lovri\u010d<br \/>\n36,46<\/p>\n<p><strong><span style=\"color: #ff0000\">\u010cestitamo \u017divi, trenerju Gordanu in vsem \u010dlanom ekipe, ki ji omogo\u010dajo izvrstne rezultate.<\/span><\/strong><\/p>\n<p>&nbsp;<\/p>\n<p><span style=\"font-size: large\"><strong>\u00a0<\/strong><\/span><\/p>\n","protected":false},"excerpt":{"rendered":"<p>V Mariboru je potekalo dr\u017eavno prvenstvo do 12 let. \u017diva Falkner \u00a0je dosegla sijajene rezultate: \u017dIVA FALKNER DR\u017dAVNA PRVAKINJA V DVOJICAH! Finale: \u017diva, Lovri\u010d Belinger, Klevi\u0161ar 64,75 \u017dIVA FALKNER DR\u017dAVNA PODPRVAKINJA POSAMEZNO Finale: \u017diva- Lovri\u010d 36,46 \u010cestitamo \u017divi, trenerju Gordanu in vsem \u010dlanom ekipe, ki ji omogo\u010dajo izvrstne rezultate. &nbsp; \u00a0<\/p>\n","protected":false},"author":1,"featured_media":0,"comment_status":"closed","ping_status":"open","sticky":false,"template":"","format":"standard","meta":{"ngg_post_thumbnail":0,"footnotes":""},"categories":[28,6],"tags":[],"class_list":["post-2736","post","type-post","status-publish","format-standard","hentry","category-napovednik","category-rezult"],"aioseo_notices":[],"aioseo_head":"\n\t\t<!-- All in One SEO 4.9.10 - aioseo.com -->\n\t<meta name=\"description\" content=\"V Mariboru je potekalo dr\u017eavno prvenstvo do 12 let. \u017diva Falkner je dosegla sijajene rezultate: \u017dIVA FALKNER DR\u017dAVNA PRVAKINJA V DVOJICAH! Finale: \u017diva, Lovri\u010d Belinger, Klevi\u0161ar 64,75 \u017dIVA FALKNER DR\u017dAVNA PODPRVAKINJA POSAMEZNO Finale: \u017diva- Lovri\u010d 36,46 \u010cestitamo \u017divi, trenerju Gordanu in vsem \u010dlanom ekipe, ki ji omogo\u010dajo izvrstne rezultate.\" \/>\n\t<meta name=\"robots\" content=\"max-image-preview:large\" \/>\n\t<meta name=\"author\" content=\"admin\"\/>\n\t<link rel=\"canonical\" href=\"https:\/\/www.tenis-krka.org\/?p=2736\" \/>\n\t<meta name=\"generator\" content=\"All in One SEO (AIOSEO) 4.9.10\" \/>\n\t\t<meta property=\"og:locale\" content=\"sl_SI\" \/>\n\t\t<meta property=\"og:site_name\" content=\"Teni\u0161ki klub Krka Oto\u010dec | Vse o klubu, novice, dogodki, rezultati in \u0161e veliko ve\u010d...\" \/>\n\t\t<meta property=\"og:type\" content=\"article\" \/>\n\t\t<meta property=\"og:title\" content=\"\u017dIVA DR\u017dAVNA PRVAKINJA IN PODPRVAKINJA (13.6.2014) | Teni\u0161ki klub Krka Oto\u010dec\" \/>\n\t\t<meta property=\"og:description\" content=\"V Mariboru je potekalo dr\u017eavno prvenstvo do 12 let. \u017diva Falkner je dosegla sijajene rezultate: \u017dIVA FALKNER DR\u017dAVNA PRVAKINJA V DVOJICAH! Finale: \u017diva, Lovri\u010d Belinger, Klevi\u0161ar 64,75 \u017dIVA FALKNER DR\u017dAVNA PODPRVAKINJA POSAMEZNO Finale: \u017diva- Lovri\u010d 36,46 \u010cestitamo \u017divi, trenerju Gordanu in vsem \u010dlanom ekipe, ki ji omogo\u010dajo izvrstne rezultate.\" \/>\n\t\t<meta property=\"og:url\" content=\"https:\/\/www.tenis-krka.org\/?p=2736\" \/>\n\t\t<meta property=\"article:published_time\" content=\"2014-06-12T20:50:27+00:00\" \/>\n\t\t<meta property=\"article:modified_time\" content=\"2019-05-27T13:16:15+00:00\" \/>\n\t\t<meta name=\"twitter:card\" content=\"summary_large_image\" \/>\n\t\t<meta name=\"twitter:title\" content=\"\u017dIVA DR\u017dAVNA PRVAKINJA IN PODPRVAKINJA (13.6.2014) | Teni\u0161ki klub Krka Oto\u010dec\" \/>\n\t\t<meta name=\"twitter:description\" content=\"V Mariboru je potekalo dr\u017eavno prvenstvo do 12 let. \u017diva Falkner je dosegla sijajene rezultate: \u017dIVA FALKNER DR\u017dAVNA PRVAKINJA V DVOJICAH! Finale: \u017diva, Lovri\u010d Belinger, Klevi\u0161ar 64,75 \u017dIVA FALKNER DR\u017dAVNA PODPRVAKINJA POSAMEZNO Finale: \u017diva- Lovri\u010d 36,46 \u010cestitamo \u017divi, trenerju Gordanu in vsem \u010dlanom ekipe, ki ji omogo\u010dajo izvrstne rezultate.\" \/>\n\t\t<script type=\"application\/ld+json\" class=\"aioseo-schema\">\n\t\t\t{\"@context\":\"https:\\\/\\\/schema.org\",\"@graph\":[{\"@type\":\"Article\",\"@id\":\"https:\\\/\\\/www.tenis-krka.org\\\/?p=2736#article\",\"name\":\"\\u017dIVA DR\\u017dAVNA PRVAKINJA IN PODPRVAKINJA (13.6.2014) | Teni\\u0161ki klub Krka Oto\\u010dec\",\"headline\":\"\\u017dIVA DR\\u017dAVNA PRVAKINJA IN PODPRVAKINJA  (13.6.2014)\",\"author\":{\"@id\":\"https:\\\/\\\/www.tenis-krka.org\\\/?author=1#author\"},\"publisher\":{\"@id\":\"https:\\\/\\\/www.tenis-krka.org\\\/#organization\"},\"image\":{\"@type\":\"ImageObject\",\"url\":\"https:\\\/\\\/www.tenis-krka.org\\\/wp-content\\\/uploads\\\/2013\\\/02\\\/\\u017diva-dp-122.jpg\",\"@id\":\"https:\\\/\\\/www.tenis-krka.org\\\/?p=2736\\\/#articleImage\",\"width\":300,\"height\":200,\"caption\":\"\\u017diva Falkner TK Krka Oto\\u010dec\"},\"datePublished\":\"2014-06-12T22:50:27+02:00\",\"dateModified\":\"2019-05-27T15:16:15+02:00\",\"inLanguage\":\"sl-SI\",\"mainEntityOfPage\":{\"@id\":\"https:\\\/\\\/www.tenis-krka.org\\\/?p=2736#webpage\"},\"isPartOf\":{\"@id\":\"https:\\\/\\\/www.tenis-krka.org\\\/?p=2736#webpage\"},\"articleSection\":\"Napovednik, Rezultati\"},{\"@type\":\"BreadcrumbList\",\"@id\":\"https:\\\/\\\/www.tenis-krka.org\\\/?p=2736#breadcrumblist\",\"itemListElement\":[{\"@type\":\"ListItem\",\"@id\":\"https:\\\/\\\/www.tenis-krka.org#listItem\",\"position\":1,\"name\":\"Domov\",\"item\":\"https:\\\/\\\/www.tenis-krka.org\",\"nextItem\":{\"@type\":\"ListItem\",\"@id\":\"https:\\\/\\\/www.tenis-krka.org\\\/?cat=6#listItem\",\"name\":\"Rezultati\"}},{\"@type\":\"ListItem\",\"@id\":\"https:\\\/\\\/www.tenis-krka.org\\\/?cat=6#listItem\",\"position\":2,\"name\":\"Rezultati\",\"item\":\"https:\\\/\\\/www.tenis-krka.org\\\/?cat=6\",\"nextItem\":{\"@type\":\"ListItem\",\"@id\":\"https:\\\/\\\/www.tenis-krka.org\\\/?p=2736#listItem\",\"name\":\"\\u017dIVA DR\\u017dAVNA PRVAKINJA IN PODPRVAKINJA  (13.6.2014)\"},\"previousItem\":{\"@type\":\"ListItem\",\"@id\":\"https:\\\/\\\/www.tenis-krka.org#listItem\",\"name\":\"Domov\"}},{\"@type\":\"ListItem\",\"@id\":\"https:\\\/\\\/www.tenis-krka.org\\\/?p=2736#listItem\",\"position\":3,\"name\":\"\\u017dIVA DR\\u017dAVNA PRVAKINJA IN PODPRVAKINJA  (13.6.2014)\",\"previousItem\":{\"@type\":\"ListItem\",\"@id\":\"https:\\\/\\\/www.tenis-krka.org\\\/?cat=6#listItem\",\"name\":\"Rezultati\"}}]},{\"@type\":\"Organization\",\"@id\":\"https:\\\/\\\/www.tenis-krka.org\\\/#organization\",\"name\":\"Teni\\u0161ki klub Krka Oto\\u010dec\",\"description\":\"Vse o klubu, novice, dogodki, rezultati in \\u0161e veliko ve\\u010d...\",\"url\":\"https:\\\/\\\/www.tenis-krka.org\\\/\"},{\"@type\":\"Person\",\"@id\":\"https:\\\/\\\/www.tenis-krka.org\\\/?author=1#author\",\"url\":\"https:\\\/\\\/www.tenis-krka.org\\\/?author=1\",\"name\":\"admin\",\"image\":{\"@type\":\"ImageObject\",\"@id\":\"https:\\\/\\\/www.tenis-krka.org\\\/?p=2736#authorImage\",\"url\":\"https:\\\/\\\/secure.gravatar.com\\\/avatar\\\/9e60ad079c111140ec6df07f7c8d348b27680a6649653907523325cecd07935e?s=96&d=mm&r=g\",\"width\":96,\"height\":96,\"caption\":\"admin\"}},{\"@type\":\"WebPage\",\"@id\":\"https:\\\/\\\/www.tenis-krka.org\\\/?p=2736#webpage\",\"url\":\"https:\\\/\\\/www.tenis-krka.org\\\/?p=2736\",\"name\":\"\\u017dIVA DR\\u017dAVNA PRVAKINJA IN PODPRVAKINJA (13.6.2014) | Teni\\u0161ki klub Krka Oto\\u010dec\",\"description\":\"V Mariboru je potekalo dr\\u017eavno prvenstvo do 12 let. \\u017diva Falkner je dosegla sijajene rezultate: \\u017dIVA FALKNER DR\\u017dAVNA PRVAKINJA V DVOJICAH! Finale: \\u017diva, Lovri\\u010d Belinger, Klevi\\u0161ar 64,75 \\u017dIVA FALKNER DR\\u017dAVNA PODPRVAKINJA POSAMEZNO Finale: \\u017diva- Lovri\\u010d 36,46 \\u010cestitamo \\u017divi, trenerju Gordanu in vsem \\u010dlanom ekipe, ki ji omogo\\u010dajo izvrstne rezultate.\",\"inLanguage\":\"sl-SI\",\"isPartOf\":{\"@id\":\"https:\\\/\\\/www.tenis-krka.org\\\/#website\"},\"breadcrumb\":{\"@id\":\"https:\\\/\\\/www.tenis-krka.org\\\/?p=2736#breadcrumblist\"},\"author\":{\"@id\":\"https:\\\/\\\/www.tenis-krka.org\\\/?author=1#author\"},\"creator\":{\"@id\":\"https:\\\/\\\/www.tenis-krka.org\\\/?author=1#author\"},\"datePublished\":\"2014-06-12T22:50:27+02:00\",\"dateModified\":\"2019-05-27T15:16:15+02:00\"},{\"@type\":\"WebSite\",\"@id\":\"https:\\\/\\\/www.tenis-krka.org\\\/#website\",\"url\":\"https:\\\/\\\/www.tenis-krka.org\\\/\",\"name\":\"Teni\\u0161ki klub Krka Oto\\u010dec\",\"description\":\"Vse o klubu, novice, dogodki, rezultati in \\u0161e veliko ve\\u010d...\",\"inLanguage\":\"sl-SI\",\"publisher\":{\"@id\":\"https:\\\/\\\/www.tenis-krka.org\\\/#organization\"}}]}\n\t\t<\/script>\n\t\t<!-- All in One SEO -->\n\n","aioseo_head_json":{"title":"\u017dIVA DR\u017dAVNA PRVAKINJA IN PODPRVAKINJA (13.6.2014) | Teni\u0161ki klub Krka Oto\u010dec","description":"V Mariboru je potekalo dr\u017eavno prvenstvo do 12 let. \u017diva Falkner je dosegla sijajene rezultate: \u017dIVA FALKNER DR\u017dAVNA PRVAKINJA V DVOJICAH! Finale: \u017diva, Lovri\u010d Belinger, Klevi\u0161ar 64,75 \u017dIVA FALKNER DR\u017dAVNA PODPRVAKINJA POSAMEZNO Finale: \u017diva- Lovri\u010d 36,46 \u010cestitamo \u017divi, trenerju Gordanu in vsem \u010dlanom ekipe, ki ji omogo\u010dajo izvrstne rezultate.","canonical_url":"https:\/\/www.tenis-krka.org\/?p=2736","robots":"max-image-preview:large","keywords":"","webmasterTools":{"miscellaneous":""},"schema":{"@context":"https:\/\/schema.org","@graph":[{"@type":"Article","@id":"https:\/\/www.tenis-krka.org\/?p=2736#article","name":"\u017dIVA DR\u017dAVNA PRVAKINJA IN PODPRVAKINJA (13.6.2014) | Teni\u0161ki klub Krka Oto\u010dec","headline":"\u017dIVA DR\u017dAVNA PRVAKINJA IN PODPRVAKINJA  (13.6.2014)","author":{"@id":"https:\/\/www.tenis-krka.org\/?author=1#author"},"publisher":{"@id":"https:\/\/www.tenis-krka.org\/#organization"},"image":{"@type":"ImageObject","url":"https:\/\/www.tenis-krka.org\/wp-content\/uploads\/2013\/02\/\u017diva-dp-122.jpg","@id":"https:\/\/www.tenis-krka.org\/?p=2736\/#articleImage","width":300,"height":200,"caption":"\u017diva Falkner TK Krka Oto\u010dec"},"datePublished":"2014-06-12T22:50:27+02:00","dateModified":"2019-05-27T15:16:15+02:00","inLanguage":"sl-SI","mainEntityOfPage":{"@id":"https:\/\/www.tenis-krka.org\/?p=2736#webpage"},"isPartOf":{"@id":"https:\/\/www.tenis-krka.org\/?p=2736#webpage"},"articleSection":"Napovednik, Rezultati"},{"@type":"BreadcrumbList","@id":"https:\/\/www.tenis-krka.org\/?p=2736#breadcrumblist","itemListElement":[{"@type":"ListItem","@id":"https:\/\/www.tenis-krka.org#listItem","position":1,"name":"Domov","item":"https:\/\/www.tenis-krka.org","nextItem":{"@type":"ListItem","@id":"https:\/\/www.tenis-krka.org\/?cat=6#listItem","name":"Rezultati"}},{"@type":"ListItem","@id":"https:\/\/www.tenis-krka.org\/?cat=6#listItem","position":2,"name":"Rezultati","item":"https:\/\/www.tenis-krka.org\/?cat=6","nextItem":{"@type":"ListItem","@id":"https:\/\/www.tenis-krka.org\/?p=2736#listItem","name":"\u017dIVA DR\u017dAVNA PRVAKINJA IN PODPRVAKINJA  (13.6.2014)"},"previousItem":{"@type":"ListItem","@id":"https:\/\/www.tenis-krka.org#listItem","name":"Domov"}},{"@type":"ListItem","@id":"https:\/\/www.tenis-krka.org\/?p=2736#listItem","position":3,"name":"\u017dIVA DR\u017dAVNA PRVAKINJA IN PODPRVAKINJA  (13.6.2014)","previousItem":{"@type":"ListItem","@id":"https:\/\/www.tenis-krka.org\/?cat=6#listItem","name":"Rezultati"}}]},{"@type":"Organization","@id":"https:\/\/www.tenis-krka.org\/#organization","name":"Teni\u0161ki klub Krka Oto\u010dec","description":"Vse o klubu, novice, dogodki, rezultati in \u0161e veliko ve\u010d...","url":"https:\/\/www.tenis-krka.org\/"},{"@type":"Person","@id":"https:\/\/www.tenis-krka.org\/?author=1#author","url":"https:\/\/www.tenis-krka.org\/?author=1","name":"admin","image":{"@type":"ImageObject","@id":"https:\/\/www.tenis-krka.org\/?p=2736#authorImage","url":"https:\/\/secure.gravatar.com\/avatar\/9e60ad079c111140ec6df07f7c8d348b27680a6649653907523325cecd07935e?s=96&d=mm&r=g","width":96,"height":96,"caption":"admin"}},{"@type":"WebPage","@id":"https:\/\/www.tenis-krka.org\/?p=2736#webpage","url":"https:\/\/www.tenis-krka.org\/?p=2736","name":"\u017dIVA DR\u017dAVNA PRVAKINJA IN PODPRVAKINJA (13.6.2014) | Teni\u0161ki klub Krka Oto\u010dec","description":"V Mariboru je potekalo dr\u017eavno prvenstvo do 12 let. \u017diva Falkner je dosegla sijajene rezultate: \u017dIVA FALKNER DR\u017dAVNA PRVAKINJA V DVOJICAH! Finale: \u017diva, Lovri\u010d Belinger, Klevi\u0161ar 64,75 \u017dIVA FALKNER DR\u017dAVNA PODPRVAKINJA POSAMEZNO Finale: \u017diva- Lovri\u010d 36,46 \u010cestitamo \u017divi, trenerju Gordanu in vsem \u010dlanom ekipe, ki ji omogo\u010dajo izvrstne rezultate.","inLanguage":"sl-SI","isPartOf":{"@id":"https:\/\/www.tenis-krka.org\/#website"},"breadcrumb":{"@id":"https:\/\/www.tenis-krka.org\/?p=2736#breadcrumblist"},"author":{"@id":"https:\/\/www.tenis-krka.org\/?author=1#author"},"creator":{"@id":"https:\/\/www.tenis-krka.org\/?author=1#author"},"datePublished":"2014-06-12T22:50:27+02:00","dateModified":"2019-05-27T15:16:15+02:00"},{"@type":"WebSite","@id":"https:\/\/www.tenis-krka.org\/#website","url":"https:\/\/www.tenis-krka.org\/","name":"Teni\u0161ki klub Krka Oto\u010dec","description":"Vse o klubu, novice, dogodki, rezultati in \u0161e veliko ve\u010d...","inLanguage":"sl-SI","publisher":{"@id":"https:\/\/www.tenis-krka.org\/#organization"}}]},"og:locale":"sl_SI","og:site_name":"Teni\u0161ki klub Krka Oto\u010dec | Vse o klubu, novice, dogodki, rezultati in \u0161e veliko ve\u010d...","og:type":"article","og:title":"\u017dIVA DR\u017dAVNA PRVAKINJA IN PODPRVAKINJA (13.6.2014) | Teni\u0161ki klub Krka Oto\u010dec","og:description":"V Mariboru je potekalo dr\u017eavno prvenstvo do 12 let. \u017diva Falkner je dosegla sijajene rezultate: \u017dIVA FALKNER DR\u017dAVNA PRVAKINJA V DVOJICAH! Finale: \u017diva, Lovri\u010d Belinger, Klevi\u0161ar 64,75 \u017dIVA FALKNER DR\u017dAVNA PODPRVAKINJA POSAMEZNO Finale: \u017diva- Lovri\u010d 36,46 \u010cestitamo \u017divi, trenerju Gordanu in vsem \u010dlanom ekipe, ki ji omogo\u010dajo izvrstne rezultate.","og:url":"https:\/\/www.tenis-krka.org\/?p=2736","article:published_time":"2014-06-12T20:50:27+00:00","article:modified_time":"2019-05-27T13:16:15+00:00","twitter:card":"summary_large_image","twitter:title":"\u017dIVA DR\u017dAVNA PRVAKINJA IN PODPRVAKINJA (13.6.2014) | Teni\u0161ki klub Krka Oto\u010dec","twitter:description":"V Mariboru je potekalo dr\u017eavno prvenstvo do 12 let. \u017diva Falkner je dosegla sijajene rezultate: \u017dIVA FALKNER DR\u017dAVNA PRVAKINJA V DVOJICAH! Finale: \u017diva, Lovri\u010d Belinger, Klevi\u0161ar 64,75 \u017dIVA FALKNER DR\u017dAVNA PODPRVAKINJA POSAMEZNO Finale: \u017diva- Lovri\u010d 36,46 \u010cestitamo \u017divi, trenerju Gordanu in vsem \u010dlanom ekipe, ki ji omogo\u010dajo izvrstne rezultate."},"aioseo_meta_data":{"post_id":"2736","title":null,"description":null,"keywords":null,"keyphrases":null,"primary_term":null,"canonical_url":null,"og_title":null,"og_description":null,"og_object_type":"default","og_image_type":"default","og_image_url":null,"og_image_width":null,"og_image_height":null,"og_image_custom_url":null,"og_image_custom_fields":null,"og_video":null,"og_custom_url":null,"og_article_section":null,"og_article_tags":null,"twitter_use_og":false,"twitter_card":"default","twitter_image_type":"default","twitter_image_url":null,"twitter_image_custom_url":null,"twitter_image_custom_fields":null,"twitter_title":null,"twitter_description":null,"schema":{"blockGraphs":[],"customGraphs":[],"default":{"data":{"Article":[],"Course":[],"Dataset":[],"FAQPage":[],"Movie":[],"Person":[],"Product":[],"ProductReview":[],"Car":[],"Recipe":[],"Service":[],"SoftwareApplication":[],"WebPage":[]},"graphName":"","isEnabled":true},"graphs":[]},"schema_type":"default","schema_type_options":null,"pillar_content":false,"robots_default":true,"robots_noindex":false,"robots_noarchive":false,"robots_nosnippet":false,"robots_nofollow":false,"robots_noimageindex":false,"robots_noodp":false,"robots_notranslate":false,"robots_max_snippet":null,"robots_max_videopreview":null,"robots_max_imagepreview":"large","priority":null,"frequency":null,"local_seo":null,"breadcrumb_settings":null,"limit_modified_date":false,"ai":null,"created":"2024-08-30 08:53:34","updated":"2025-10-22 04:09:34","seo_analyzer_scan_date":null},"aioseo_breadcrumb":"<div class=\"aioseo-breadcrumbs\"><span class=\"aioseo-breadcrumb\">\n\t\t\t<a href=\"https:\/\/www.tenis-krka.org\" title=\"Domov\">Domov<\/a>\n\t\t<\/span><span class=\"aioseo-breadcrumb-separator\">&raquo;<\/span><span class=\"aioseo-breadcrumb\">\n\t\t\t<a href=\"https:\/\/www.tenis-krka.org\/?cat=6\" title=\"Rezultati\">Rezultati<\/a>\n\t\t<\/span><span class=\"aioseo-breadcrumb-separator\">&raquo;<\/span><span class=\"aioseo-breadcrumb\">\n\t\t\t\u017dIVA DR\u017dAVNA PRVAKINJA IN PODPRVAKINJA  (13.6.2014)\n\t\t<\/span><\/div>","aioseo_breadcrumb_json":[{"label":"Domov","link":"https:\/\/www.tenis-krka.org"},{"label":"Rezultati","link":"https:\/\/www.tenis-krka.org\/?cat=6"},{"label":"\u017dIVA DR\u017dAVNA PRVAKINJA IN PODPRVAKINJA  (13.6.2014)","link":"https:\/\/www.tenis-krka.org\/?p=2736"}],"_links":{"self":[{"href":"https:\/\/www.tenis-krka.org\/index.php?rest_route=\/wp\/v2\/posts\/2736","targetHints":{"allow":["GET"]}}],"collection":[{"href":"https:\/\/www.tenis-krka.org\/index.php?rest_route=\/wp\/v2\/posts"}],"about":[{"href":"https:\/\/www.tenis-krka.org\/index.php?rest_route=\/wp\/v2\/types\/post"}],"author":[{"embeddable":true,"href":"https:\/\/www.tenis-krka.org\/index.php?rest_route=\/wp\/v2\/users\/1"}],"replies":[{"embeddable":true,"href":"https:\/\/www.tenis-krka.org\/index.php?rest_route=%2Fwp%2Fv2%2Fcomments&post=2736"}],"version-history":[{"count":3,"href":"https:\/\/www.tenis-krka.org\/index.php?rest_route=\/wp\/v2\/posts\/2736\/revisions"}],"predecessor-version":[{"id":2741,"href":"https:\/\/www.tenis-krka.org\/index.php?rest_route=\/wp\/v2\/posts\/2736\/revisions\/2741"}],"wp:attachment":[{"href":"https:\/\/www.tenis-krka.org\/index.php?rest_route=%2Fwp%2Fv2%2Fmedia&parent=2736"}],"wp:term":[{"taxonomy":"category","embeddable":true,"href":"https:\/\/www.tenis-krka.org\/index.php?rest_route=%2Fwp%2Fv2%2Fcategories&post=2736"},{"taxonomy":"post_tag","embeddable":true,"href":"https:\/\/www.tenis-krka.org\/index.php?rest_route=%2Fwp%2Fv2%2Ftags&post=2736"}],"curies":[{"name":"wp","href":"https:\/\/api.w.org\/{rel}","templated":true}]}}