{"id":2381,"date":"2013-06-13T11:08:36","date_gmt":"2013-06-13T09:08:36","guid":{"rendered":"http:\/\/www.tenis-krka.org\/?p=2381"},"modified":"2019-05-27T15:16:17","modified_gmt":"2019-05-27T13:16:17","slug":"ziva-falkner-v-polfinalu-dp-do-12-let","status":"publish","type":"post","link":"https:\/\/www.tenis-krka.org\/?p=2381","title":{"rendered":"\u017dIVA FALKNER DR\u017dAVNA PRVAKINJA V DVOJICAH IN PODPRVAKINJA POSAMEZNO NA DP DO 12 LET!"},"content":{"rendered":"<dl id=\"attachment_2191\">\n<dt><a href=\"http:\/\/www.tenis-krka.org\/wp-content\/uploads\/2013\/01\/\u017diva-DP12.jpg\"><img loading=\"lazy\" decoding=\"async\" class=\"alignleft\" alt=\"\u017diva\" src=\"http:\/\/www.tenis-krka.org\/wp-content\/uploads\/2013\/01\/\u017diva-DP12-150x150.jpg\" width=\"150\" height=\"150\" \/><\/a>Na Oto\u010dcu so na dr\u017eavnem prvenstvu do 12 let odigrali finalne dvoboje.<\/dt>\n<\/dl>\n<p>\u00a0Pri de\u010dkih sta finalista 1. in 2. nosilec Tim TEKAVEC (MaxLj) in Jan KUP\u010cI\u010c (\u017dtkMb). Zmagovalec je Tim Tekavec!<\/p>\n<p>Tudi pri deklicah 1. in 2. nosilka v polfinalu nista dovolili presene\u010denja. Marija VI\u010cI\u010c (\u0160plus) je s 7-5 6-3 premagala Pio LOVRI\u010c (Dom\u017eale) , FALKNER \u017diva\u00a0 (Oto\u010dec) pa je s 6-1 6-1 ustavila Sheilo GLAVA\u0160 (Talos), ki se je kot nepostavljena igralka uvrstila v polfinale.<\/p>\n<p>V finalu je bila Marija Vi\u010di\u010d bolj\u0161a od doma\u010dinke \u017dive Falkner in jo premagala z rezultatom 62 64.<\/p>\n<p>Dobili pa smo \u017ee dr\u017eavne prvake v konkurenci dvojic. Pri de\u010dkih sta Filip Jeff PLANIN\u0160EK in Mark GOLJAR ANDREJI\u010c (Dom\u017eale) presenetila 1. nosilca Tima TEKVCA in Jana KUP\u010cI\u010cA. Zmagala sta z rezulatom 76(1) 6-3.<\/p>\n<p>Presene\u010denja pa ni bilo pri deklicah. Prvi nosilki Marija VI\u010cI\u010c in \u017diva FALKNER \u00a0sta suvereno dobili finalno sre\u010danje in osvojili naslov dr\u017eavnih prvakinj. V finalu sta bili s 6-3 6-2 bolj\u0161i od Alje BELINGER (\u0160plus) in Kristine KOFOL (Proten).<\/p>\n<p>&nbsp;<\/p>\n","protected":false},"excerpt":{"rendered":"<p>Na Oto\u010dcu so na dr\u017eavnem prvenstvu do 12 let odigrali finalne dvoboje. \u00a0Pri de\u010dkih sta finalista 1. in 2. nosilec Tim TEKAVEC (MaxLj) in Jan KUP\u010cI\u010c (\u017dtkMb). Zmagovalec je Tim Tekavec! Tudi pri deklicah 1. in 2. nosilka v polfinalu nista dovolili presene\u010denja. Marija VI\u010cI\u010c (\u0160plus) je s 7-5 6-3 premagala Pio LOVRI\u010c (Dom\u017eale) , [&hellip;]<\/p>\n","protected":false},"author":1,"featured_media":0,"comment_status":"closed","ping_status":"open","sticky":false,"template":"","format":"standard","meta":{"ngg_post_thumbnail":0,"footnotes":""},"categories":[20,6,5],"tags":[],"class_list":["post-2381","post","type-post","status-publish","format-standard","hentry","category-turnirji","category-rezult","category-tekm"],"aioseo_notices":[],"aioseo_head":"\n\t\t<!-- All in One SEO 4.9.10 - aioseo.com -->\n\t<meta name=\"description\" content=\"Na Oto\u010dcu so na dr\u017eavnem prvenstvu do 12 let odigrali finalne dvoboje. Pri de\u010dkih sta finalista 1. in 2. nosilec Tim TEKAVEC (MaxLj) in Jan KUP\u010cI\u010c (\u017dtkMb). Zmagovalec je Tim Tekavec! Tudi pri deklicah 1. in 2. nosilka v polfinalu nista dovolili presene\u010denja. Marija VI\u010cI\u010c (\u0160plus) je s 7-5 6-3 premagala Pio LOVRI\u010c (Dom\u017eale) , FALKNER\" \/>\n\t<meta name=\"robots\" content=\"max-image-preview:large\" \/>\n\t<meta name=\"author\" content=\"admin\"\/>\n\t<link rel=\"canonical\" href=\"https:\/\/www.tenis-krka.org\/?p=2381\" \/>\n\t<meta name=\"generator\" content=\"All in One SEO (AIOSEO) 4.9.10\" \/>\n\t\t<meta property=\"og:locale\" content=\"sl_SI\" \/>\n\t\t<meta property=\"og:site_name\" content=\"Teni\u0161ki klub Krka Oto\u010dec | Vse o klubu, novice, dogodki, rezultati in \u0161e veliko ve\u010d...\" \/>\n\t\t<meta property=\"og:type\" content=\"article\" \/>\n\t\t<meta property=\"og:title\" content=\"\u017dIVA FALKNER DR\u017dAVNA PRVAKINJA V DVOJICAH IN PODPRVAKINJA POSAMEZNO NA DP DO 12 LET! | Teni\u0161ki klub Krka Oto\u010dec\" \/>\n\t\t<meta property=\"og:description\" content=\"Na Oto\u010dcu so na dr\u017eavnem prvenstvu do 12 let odigrali finalne dvoboje. Pri de\u010dkih sta finalista 1. in 2. nosilec Tim TEKAVEC (MaxLj) in Jan KUP\u010cI\u010c (\u017dtkMb). Zmagovalec je Tim Tekavec! Tudi pri deklicah 1. in 2. nosilka v polfinalu nista dovolili presene\u010denja. Marija VI\u010cI\u010c (\u0160plus) je s 7-5 6-3 premagala Pio LOVRI\u010c (Dom\u017eale) , FALKNER\" \/>\n\t\t<meta property=\"og:url\" content=\"https:\/\/www.tenis-krka.org\/?p=2381\" \/>\n\t\t<meta property=\"article:published_time\" content=\"2013-06-13T09:08:36+00:00\" \/>\n\t\t<meta property=\"article:modified_time\" content=\"2019-05-27T13:16:17+00:00\" \/>\n\t\t<meta name=\"twitter:card\" content=\"summary_large_image\" \/>\n\t\t<meta name=\"twitter:title\" content=\"\u017dIVA FALKNER DR\u017dAVNA PRVAKINJA V DVOJICAH IN PODPRVAKINJA POSAMEZNO NA DP DO 12 LET! | Teni\u0161ki klub Krka Oto\u010dec\" \/>\n\t\t<meta name=\"twitter:description\" content=\"Na Oto\u010dcu so na dr\u017eavnem prvenstvu do 12 let odigrali finalne dvoboje. Pri de\u010dkih sta finalista 1. in 2. nosilec Tim TEKAVEC (MaxLj) in Jan KUP\u010cI\u010c (\u017dtkMb). Zmagovalec je Tim Tekavec! Tudi pri deklicah 1. in 2. nosilka v polfinalu nista dovolili presene\u010denja. Marija VI\u010cI\u010c (\u0160plus) je s 7-5 6-3 premagala Pio LOVRI\u010c (Dom\u017eale) , FALKNER\" \/>\n\t\t<script type=\"application\/ld+json\" class=\"aioseo-schema\">\n\t\t\t{\"@context\":\"https:\\\/\\\/schema.org\",\"@graph\":[{\"@type\":\"Article\",\"@id\":\"https:\\\/\\\/www.tenis-krka.org\\\/?p=2381#article\",\"name\":\"\\u017dIVA FALKNER DR\\u017dAVNA PRVAKINJA V DVOJICAH IN PODPRVAKINJA POSAMEZNO NA DP DO 12 LET! | Teni\\u0161ki klub Krka Oto\\u010dec\",\"headline\":\"\\u017dIVA FALKNER DR\\u017dAVNA PRVAKINJA V DVOJICAH IN PODPRVAKINJA POSAMEZNO NA DP DO 12 LET!\",\"author\":{\"@id\":\"https:\\\/\\\/www.tenis-krka.org\\\/?author=1#author\"},\"publisher\":{\"@id\":\"https:\\\/\\\/www.tenis-krka.org\\\/#organization\"},\"image\":{\"@type\":\"ImageObject\",\"url\":\"https:\\\/\\\/www.tenis-krka.org\\\/wp-content\\\/uploads\\\/2013\\\/01\\\/\\u017diva-DP12.jpg\",\"@id\":\"https:\\\/\\\/www.tenis-krka.org\\\/?p=2381\\\/#articleImage\",\"width\":1442,\"height\":962,\"caption\":\"\\u017diva\"},\"datePublished\":\"2013-06-13T11:08:36+02:00\",\"dateModified\":\"2019-05-27T15:16:17+02:00\",\"inLanguage\":\"sl-SI\",\"mainEntityOfPage\":{\"@id\":\"https:\\\/\\\/www.tenis-krka.org\\\/?p=2381#webpage\"},\"isPartOf\":{\"@id\":\"https:\\\/\\\/www.tenis-krka.org\\\/?p=2381#webpage\"},\"articleSection\":\"Organizacija turnirjev, Rezultati, Tekmovanja\"},{\"@type\":\"BreadcrumbList\",\"@id\":\"https:\\\/\\\/www.tenis-krka.org\\\/?p=2381#breadcrumblist\",\"itemListElement\":[{\"@type\":\"ListItem\",\"@id\":\"https:\\\/\\\/www.tenis-krka.org#listItem\",\"position\":1,\"name\":\"Domov\",\"item\":\"https:\\\/\\\/www.tenis-krka.org\",\"nextItem\":{\"@type\":\"ListItem\",\"@id\":\"https:\\\/\\\/www.tenis-krka.org\\\/?cat=5#listItem\",\"name\":\"Tekmovanja\"}},{\"@type\":\"ListItem\",\"@id\":\"https:\\\/\\\/www.tenis-krka.org\\\/?cat=5#listItem\",\"position\":2,\"name\":\"Tekmovanja\",\"item\":\"https:\\\/\\\/www.tenis-krka.org\\\/?cat=5\",\"nextItem\":{\"@type\":\"ListItem\",\"@id\":\"https:\\\/\\\/www.tenis-krka.org\\\/?p=2381#listItem\",\"name\":\"\\u017dIVA FALKNER DR\\u017dAVNA PRVAKINJA V DVOJICAH IN PODPRVAKINJA POSAMEZNO NA DP DO 12 LET!\"},\"previousItem\":{\"@type\":\"ListItem\",\"@id\":\"https:\\\/\\\/www.tenis-krka.org#listItem\",\"name\":\"Domov\"}},{\"@type\":\"ListItem\",\"@id\":\"https:\\\/\\\/www.tenis-krka.org\\\/?p=2381#listItem\",\"position\":3,\"name\":\"\\u017dIVA FALKNER DR\\u017dAVNA PRVAKINJA V DVOJICAH IN PODPRVAKINJA POSAMEZNO NA DP DO 12 LET!\",\"previousItem\":{\"@type\":\"ListItem\",\"@id\":\"https:\\\/\\\/www.tenis-krka.org\\\/?cat=5#listItem\",\"name\":\"Tekmovanja\"}}]},{\"@type\":\"Organization\",\"@id\":\"https:\\\/\\\/www.tenis-krka.org\\\/#organization\",\"name\":\"Teni\\u0161ki klub Krka Oto\\u010dec\",\"description\":\"Vse o klubu, novice, dogodki, rezultati in \\u0161e veliko ve\\u010d...\",\"url\":\"https:\\\/\\\/www.tenis-krka.org\\\/\"},{\"@type\":\"Person\",\"@id\":\"https:\\\/\\\/www.tenis-krka.org\\\/?author=1#author\",\"url\":\"https:\\\/\\\/www.tenis-krka.org\\\/?author=1\",\"name\":\"admin\",\"image\":{\"@type\":\"ImageObject\",\"@id\":\"https:\\\/\\\/www.tenis-krka.org\\\/?p=2381#authorImage\",\"url\":\"https:\\\/\\\/secure.gravatar.com\\\/avatar\\\/9e60ad079c111140ec6df07f7c8d348b27680a6649653907523325cecd07935e?s=96&d=mm&r=g\",\"width\":96,\"height\":96,\"caption\":\"admin\"}},{\"@type\":\"WebPage\",\"@id\":\"https:\\\/\\\/www.tenis-krka.org\\\/?p=2381#webpage\",\"url\":\"https:\\\/\\\/www.tenis-krka.org\\\/?p=2381\",\"name\":\"\\u017dIVA FALKNER DR\\u017dAVNA PRVAKINJA V DVOJICAH IN PODPRVAKINJA POSAMEZNO NA DP DO 12 LET! | Teni\\u0161ki klub Krka Oto\\u010dec\",\"description\":\"Na Oto\\u010dcu so na dr\\u017eavnem prvenstvu do 12 let odigrali finalne dvoboje. Pri de\\u010dkih sta finalista 1. in 2. nosilec Tim TEKAVEC (MaxLj) in Jan KUP\\u010cI\\u010c (\\u017dtkMb). Zmagovalec je Tim Tekavec! Tudi pri deklicah 1. in 2. nosilka v polfinalu nista dovolili presene\\u010denja. Marija VI\\u010cI\\u010c (\\u0160plus) je s 7-5 6-3 premagala Pio LOVRI\\u010c (Dom\\u017eale) , FALKNER\",\"inLanguage\":\"sl-SI\",\"isPartOf\":{\"@id\":\"https:\\\/\\\/www.tenis-krka.org\\\/#website\"},\"breadcrumb\":{\"@id\":\"https:\\\/\\\/www.tenis-krka.org\\\/?p=2381#breadcrumblist\"},\"author\":{\"@id\":\"https:\\\/\\\/www.tenis-krka.org\\\/?author=1#author\"},\"creator\":{\"@id\":\"https:\\\/\\\/www.tenis-krka.org\\\/?author=1#author\"},\"datePublished\":\"2013-06-13T11:08:36+02:00\",\"dateModified\":\"2019-05-27T15:16:17+02:00\"},{\"@type\":\"WebSite\",\"@id\":\"https:\\\/\\\/www.tenis-krka.org\\\/#website\",\"url\":\"https:\\\/\\\/www.tenis-krka.org\\\/\",\"name\":\"Teni\\u0161ki klub Krka Oto\\u010dec\",\"description\":\"Vse o klubu, novice, dogodki, rezultati in \\u0161e veliko ve\\u010d...\",\"inLanguage\":\"sl-SI\",\"publisher\":{\"@id\":\"https:\\\/\\\/www.tenis-krka.org\\\/#organization\"}}]}\n\t\t<\/script>\n\t\t<!-- All in One SEO -->\n\n","aioseo_head_json":{"title":"\u017dIVA FALKNER DR\u017dAVNA PRVAKINJA V DVOJICAH IN PODPRVAKINJA POSAMEZNO NA DP DO 12 LET! | Teni\u0161ki klub Krka Oto\u010dec","description":"Na Oto\u010dcu so na dr\u017eavnem prvenstvu do 12 let odigrali finalne dvoboje. Pri de\u010dkih sta finalista 1. in 2. nosilec Tim TEKAVEC (MaxLj) in Jan KUP\u010cI\u010c (\u017dtkMb). Zmagovalec je Tim Tekavec! Tudi pri deklicah 1. in 2. nosilka v polfinalu nista dovolili presene\u010denja. Marija VI\u010cI\u010c (\u0160plus) je s 7-5 6-3 premagala Pio LOVRI\u010c (Dom\u017eale) , FALKNER","canonical_url":"https:\/\/www.tenis-krka.org\/?p=2381","robots":"max-image-preview:large","keywords":"","webmasterTools":{"miscellaneous":""},"schema":{"@context":"https:\/\/schema.org","@graph":[{"@type":"Article","@id":"https:\/\/www.tenis-krka.org\/?p=2381#article","name":"\u017dIVA FALKNER DR\u017dAVNA PRVAKINJA V DVOJICAH IN PODPRVAKINJA POSAMEZNO NA DP DO 12 LET! | Teni\u0161ki klub Krka Oto\u010dec","headline":"\u017dIVA FALKNER DR\u017dAVNA PRVAKINJA V DVOJICAH IN PODPRVAKINJA POSAMEZNO NA DP DO 12 LET!","author":{"@id":"https:\/\/www.tenis-krka.org\/?author=1#author"},"publisher":{"@id":"https:\/\/www.tenis-krka.org\/#organization"},"image":{"@type":"ImageObject","url":"https:\/\/www.tenis-krka.org\/wp-content\/uploads\/2013\/01\/\u017diva-DP12.jpg","@id":"https:\/\/www.tenis-krka.org\/?p=2381\/#articleImage","width":1442,"height":962,"caption":"\u017diva"},"datePublished":"2013-06-13T11:08:36+02:00","dateModified":"2019-05-27T15:16:17+02:00","inLanguage":"sl-SI","mainEntityOfPage":{"@id":"https:\/\/www.tenis-krka.org\/?p=2381#webpage"},"isPartOf":{"@id":"https:\/\/www.tenis-krka.org\/?p=2381#webpage"},"articleSection":"Organizacija turnirjev, Rezultati, Tekmovanja"},{"@type":"BreadcrumbList","@id":"https:\/\/www.tenis-krka.org\/?p=2381#breadcrumblist","itemListElement":[{"@type":"ListItem","@id":"https:\/\/www.tenis-krka.org#listItem","position":1,"name":"Domov","item":"https:\/\/www.tenis-krka.org","nextItem":{"@type":"ListItem","@id":"https:\/\/www.tenis-krka.org\/?cat=5#listItem","name":"Tekmovanja"}},{"@type":"ListItem","@id":"https:\/\/www.tenis-krka.org\/?cat=5#listItem","position":2,"name":"Tekmovanja","item":"https:\/\/www.tenis-krka.org\/?cat=5","nextItem":{"@type":"ListItem","@id":"https:\/\/www.tenis-krka.org\/?p=2381#listItem","name":"\u017dIVA FALKNER DR\u017dAVNA PRVAKINJA V DVOJICAH IN PODPRVAKINJA POSAMEZNO NA DP DO 12 LET!"},"previousItem":{"@type":"ListItem","@id":"https:\/\/www.tenis-krka.org#listItem","name":"Domov"}},{"@type":"ListItem","@id":"https:\/\/www.tenis-krka.org\/?p=2381#listItem","position":3,"name":"\u017dIVA FALKNER DR\u017dAVNA PRVAKINJA V DVOJICAH IN PODPRVAKINJA POSAMEZNO NA DP DO 12 LET!","previousItem":{"@type":"ListItem","@id":"https:\/\/www.tenis-krka.org\/?cat=5#listItem","name":"Tekmovanja"}}]},{"@type":"Organization","@id":"https:\/\/www.tenis-krka.org\/#organization","name":"Teni\u0161ki klub Krka Oto\u010dec","description":"Vse o klubu, novice, dogodki, rezultati in \u0161e veliko ve\u010d...","url":"https:\/\/www.tenis-krka.org\/"},{"@type":"Person","@id":"https:\/\/www.tenis-krka.org\/?author=1#author","url":"https:\/\/www.tenis-krka.org\/?author=1","name":"admin","image":{"@type":"ImageObject","@id":"https:\/\/www.tenis-krka.org\/?p=2381#authorImage","url":"https:\/\/secure.gravatar.com\/avatar\/9e60ad079c111140ec6df07f7c8d348b27680a6649653907523325cecd07935e?s=96&d=mm&r=g","width":96,"height":96,"caption":"admin"}},{"@type":"WebPage","@id":"https:\/\/www.tenis-krka.org\/?p=2381#webpage","url":"https:\/\/www.tenis-krka.org\/?p=2381","name":"\u017dIVA FALKNER DR\u017dAVNA PRVAKINJA V DVOJICAH IN PODPRVAKINJA POSAMEZNO NA DP DO 12 LET! | Teni\u0161ki klub Krka Oto\u010dec","description":"Na Oto\u010dcu so na dr\u017eavnem prvenstvu do 12 let odigrali finalne dvoboje. Pri de\u010dkih sta finalista 1. in 2. nosilec Tim TEKAVEC (MaxLj) in Jan KUP\u010cI\u010c (\u017dtkMb). Zmagovalec je Tim Tekavec! Tudi pri deklicah 1. in 2. nosilka v polfinalu nista dovolili presene\u010denja. Marija VI\u010cI\u010c (\u0160plus) je s 7-5 6-3 premagala Pio LOVRI\u010c (Dom\u017eale) , FALKNER","inLanguage":"sl-SI","isPartOf":{"@id":"https:\/\/www.tenis-krka.org\/#website"},"breadcrumb":{"@id":"https:\/\/www.tenis-krka.org\/?p=2381#breadcrumblist"},"author":{"@id":"https:\/\/www.tenis-krka.org\/?author=1#author"},"creator":{"@id":"https:\/\/www.tenis-krka.org\/?author=1#author"},"datePublished":"2013-06-13T11:08:36+02:00","dateModified":"2019-05-27T15:16:17+02:00"},{"@type":"WebSite","@id":"https:\/\/www.tenis-krka.org\/#website","url":"https:\/\/www.tenis-krka.org\/","name":"Teni\u0161ki klub Krka Oto\u010dec","description":"Vse o klubu, novice, dogodki, rezultati in \u0161e veliko ve\u010d...","inLanguage":"sl-SI","publisher":{"@id":"https:\/\/www.tenis-krka.org\/#organization"}}]},"og:locale":"sl_SI","og:site_name":"Teni\u0161ki klub Krka Oto\u010dec | Vse o klubu, novice, dogodki, rezultati in \u0161e veliko ve\u010d...","og:type":"article","og:title":"\u017dIVA FALKNER DR\u017dAVNA PRVAKINJA V DVOJICAH IN PODPRVAKINJA POSAMEZNO NA DP DO 12 LET! | Teni\u0161ki klub Krka Oto\u010dec","og:description":"Na Oto\u010dcu so na dr\u017eavnem prvenstvu do 12 let odigrali finalne dvoboje. Pri de\u010dkih sta finalista 1. in 2. nosilec Tim TEKAVEC (MaxLj) in Jan KUP\u010cI\u010c (\u017dtkMb). Zmagovalec je Tim Tekavec! Tudi pri deklicah 1. in 2. nosilka v polfinalu nista dovolili presene\u010denja. Marija VI\u010cI\u010c (\u0160plus) je s 7-5 6-3 premagala Pio LOVRI\u010c (Dom\u017eale) , FALKNER","og:url":"https:\/\/www.tenis-krka.org\/?p=2381","article:published_time":"2013-06-13T09:08:36+00:00","article:modified_time":"2019-05-27T13:16:17+00:00","twitter:card":"summary_large_image","twitter:title":"\u017dIVA FALKNER DR\u017dAVNA PRVAKINJA V DVOJICAH IN PODPRVAKINJA POSAMEZNO NA DP DO 12 LET! | Teni\u0161ki klub Krka Oto\u010dec","twitter:description":"Na Oto\u010dcu so na dr\u017eavnem prvenstvu do 12 let odigrali finalne dvoboje. Pri de\u010dkih sta finalista 1. in 2. nosilec Tim TEKAVEC (MaxLj) in Jan KUP\u010cI\u010c (\u017dtkMb). Zmagovalec je Tim Tekavec! Tudi pri deklicah 1. in 2. nosilka v polfinalu nista dovolili presene\u010denja. Marija VI\u010cI\u010c (\u0160plus) je s 7-5 6-3 premagala Pio LOVRI\u010c (Dom\u017eale) , FALKNER"},"aioseo_meta_data":{"post_id":"2381","title":null,"description":null,"keywords":null,"keyphrases":null,"primary_term":null,"canonical_url":null,"og_title":null,"og_description":null,"og_object_type":"default","og_image_type":"default","og_image_url":null,"og_image_width":null,"og_image_height":null,"og_image_custom_url":null,"og_image_custom_fields":null,"og_video":null,"og_custom_url":null,"og_article_section":null,"og_article_tags":null,"twitter_use_og":false,"twitter_card":"default","twitter_image_type":"default","twitter_image_url":null,"twitter_image_custom_url":null,"twitter_image_custom_fields":null,"twitter_title":null,"twitter_description":null,"schema":{"blockGraphs":[],"customGraphs":[],"default":{"data":{"Article":[],"Course":[],"Dataset":[],"FAQPage":[],"Movie":[],"Person":[],"Product":[],"ProductReview":[],"Car":[],"Recipe":[],"Service":[],"SoftwareApplication":[],"WebPage":[]},"graphName":"","isEnabled":true},"graphs":[]},"schema_type":"default","schema_type_options":null,"pillar_content":false,"robots_default":true,"robots_noindex":false,"robots_noarchive":false,"robots_nosnippet":false,"robots_nofollow":false,"robots_noimageindex":false,"robots_noodp":false,"robots_notranslate":false,"robots_max_snippet":null,"robots_max_videopreview":null,"robots_max_imagepreview":"large","priority":null,"frequency":null,"local_seo":null,"breadcrumb_settings":null,"limit_modified_date":false,"ai":null,"created":"2024-08-30 08:57:07","updated":"2025-10-22 03:48:56","seo_analyzer_scan_date":null},"aioseo_breadcrumb":"<div class=\"aioseo-breadcrumbs\"><span class=\"aioseo-breadcrumb\">\n\t\t\t<a href=\"https:\/\/www.tenis-krka.org\" title=\"Domov\">Domov<\/a>\n\t\t<\/span><span class=\"aioseo-breadcrumb-separator\">&raquo;<\/span><span class=\"aioseo-breadcrumb\">\n\t\t\t<a href=\"https:\/\/www.tenis-krka.org\/?cat=5\" title=\"Tekmovanja\">Tekmovanja<\/a>\n\t\t<\/span><span class=\"aioseo-breadcrumb-separator\">&raquo;<\/span><span class=\"aioseo-breadcrumb\">\n\t\t\t\u017dIVA FALKNER DR\u017dAVNA PRVAKINJA V DVOJICAH IN PODPRVAKINJA POSAMEZNO NA DP DO 12 LET!\n\t\t<\/span><\/div>","aioseo_breadcrumb_json":[{"label":"Domov","link":"https:\/\/www.tenis-krka.org"},{"label":"Tekmovanja","link":"https:\/\/www.tenis-krka.org\/?cat=5"},{"label":"\u017dIVA FALKNER DR\u017dAVNA PRVAKINJA V DVOJICAH IN PODPRVAKINJA POSAMEZNO NA DP DO 12 LET!","link":"https:\/\/www.tenis-krka.org\/?p=2381"}],"_links":{"self":[{"href":"https:\/\/www.tenis-krka.org\/index.php?rest_route=\/wp\/v2\/posts\/2381","targetHints":{"allow":["GET"]}}],"collection":[{"href":"https:\/\/www.tenis-krka.org\/index.php?rest_route=\/wp\/v2\/posts"}],"about":[{"href":"https:\/\/www.tenis-krka.org\/index.php?rest_route=\/wp\/v2\/types\/post"}],"author":[{"embeddable":true,"href":"https:\/\/www.tenis-krka.org\/index.php?rest_route=\/wp\/v2\/users\/1"}],"replies":[{"embeddable":true,"href":"https:\/\/www.tenis-krka.org\/index.php?rest_route=%2Fwp%2Fv2%2Fcomments&post=2381"}],"version-history":[{"count":5,"href":"https:\/\/www.tenis-krka.org\/index.php?rest_route=\/wp\/v2\/posts\/2381\/revisions"}],"predecessor-version":[{"id":2402,"href":"https:\/\/www.tenis-krka.org\/index.php?rest_route=\/wp\/v2\/posts\/2381\/revisions\/2402"}],"wp:attachment":[{"href":"https:\/\/www.tenis-krka.org\/index.php?rest_route=%2Fwp%2Fv2%2Fmedia&parent=2381"}],"wp:term":[{"taxonomy":"category","embeddable":true,"href":"https:\/\/www.tenis-krka.org\/index.php?rest_route=%2Fwp%2Fv2%2Fcategories&post=2381"},{"taxonomy":"post_tag","embeddable":true,"href":"https:\/\/www.tenis-krka.org\/index.php?rest_route=%2Fwp%2Fv2%2Ftags&post=2381"}],"curies":[{"name":"wp","href":"https:\/\/api.w.org\/{rel}","templated":true}]}}