{"id":2325,"date":"2013-05-10T13:43:00","date_gmt":"2013-05-10T11:43:00","guid":{"rendered":"http:\/\/www.tenis-krka.org\/?p=2325"},"modified":"2019-05-27T15:16:17","modified_gmt":"2019-05-27T13:16:17","slug":"dp-do-14-let-na-otoccu-tk-krka-otocec","status":"publish","type":"post","link":"https:\/\/www.tenis-krka.org\/?p=2325","title":{"rendered":"Nika Zupan\u010di\u010d \/ TK KRKA OTO\u010cEC \/ dr\u017eavna prvakinja v dvojicah"},"content":{"rendered":"<p class=\"MsoNormal\" style=\"text-align: justify;line-height: 9.75pt;background: white\"><span style=\"font-size: 8.5pt;font-family: 'Verdana','sans-serif';color: #666666\">V teni\u0161kem centru Oto\u010dec se kon\u010duje leto\u0161nje poletno dr\u017eavno prvenstvo v konkurenci do 14 let.<\/span><\/p>\n<p class=\"MsoNormal\" style=\"text-align: justify;line-height: 9.75pt;background: white\"><span style=\"font-size: 8.5pt;font-family: 'Verdana','sans-serif';color: #666666\"><span style=\"font-size: medium\"><a href=\"http:\/\/www.tenis-krka.org\/wp-content\/uploads\/2013\/05\/Nika-DP14-2013.jpg\"><img loading=\"lazy\" decoding=\"async\" class=\"alignleft size-medium wp-image-2329\" alt=\"Nika DP14 2013\" src=\"http:\/\/www.tenis-krka.org\/wp-content\/uploads\/2013\/05\/Nika-DP14-2013-300x225.jpg\" width=\"300\" height=\"225\" srcset=\"https:\/\/www.tenis-krka.org\/wp-content\/uploads\/2013\/05\/Nika-DP14-2013-300x225.jpg 300w, https:\/\/www.tenis-krka.org\/wp-content\/uploads\/2013\/05\/Nika-DP14-2013-1024x768.jpg 1024w\" sizes=\"auto, (max-width: 300px) 100vw, 300px\" \/><\/a><\/span><strong><span style=\"font-size: medium\">V konkurenci dvojic sta pri deklicah dr\u017eavni prvakinji<\/span> <span style=\"font-size: medium\">Veronika ERJAVEC in Nika<\/span> <span style=\"font-size: medium\">ZUPAN\u010cI\u010c<\/span>, ki sta bili v finalu s 6-4 6-3 bolj\u0161i od Lian BENEDEJ\u010cI\u010c in Anje GAL.<\/strong><\/span><\/p>\n<p>&nbsp;<\/p>\n<p class=\"MsoNormal\" style=\"text-align: justify;line-height: 9.75pt;background: white\"><span style=\"font-size: 8.5pt;font-family: 'Verdana','sans-serif';color: #666666\">In ostali?<\/span><\/p>\n<p><span style=\"font-size: 8.5pt;font-family: 'Verdana','sans-serif';color: #666666\"><br \/>\nPopolno slavje pripada <b>TK Triglav Kranj<\/b>, saj imajo dr\u017eavnega prvaka tako pri de\u010dkih kot pri deklicah<\/span><\/p>\n<p>Poletni dr\u017eavni prvak v konkurenci de\u010dkov je <b>An\u017ee ARH<\/b> (Tr-Kr). V finalu je s 7-6(8) 6-3 premagal <b>Matica PODLIPNIKA<\/b> (Br-Mb).<\/p>\n<p>Za popolno presene\u010denje pa sta v konkurenci deklic poskrbeli finalistki <b>Kristina NOVAK<\/b> (Tr-Kr) in <b>Kaja JUVAN<\/b> (\u0160plus). Obe finalistki sta bili namre\u010d med nepostavljenimi igralkami. Dr\u017eavna prvakinja je po zmagi s 6-2 2-6 6-1 postala <b>Kristina NOVAK<\/b>, ki je po kraj\u0161em zati\u0161ju na leto\u0161njem prvenstvu ponovno pri\u0161la v ospredje, trenutno pa je 12. mestu lestvice TZS. Veliko bolj presenetljiva pa je finalna uvrstitev <b>Kaje JUVAN<\/b>, ki je sicer 11. igralka lestvice TZS, a v ni\u017ejih kategoriji ni tako zelo izstopala kot Kristina NOVAK.<\/p>\n<p>Pri de\u010dkih sta naslov dr\u017eavnih prvakov osvojila <b>\u017dan DIEMAT GORENEC<\/b> in <b>Luka MIKLAV\u010cI\u010c<\/b>. V finalu sta s 6-4 6-2 premagala dvojico <b>Matic PODLIPNIK in Jan VEHOVEC<\/b>.<\/p>\n<p class=\"MsoNormal\"><b><span style=\"font-size: 11.0pt;font-family: 'Calibri','sans-serif'\">\u00a0<\/span><\/b><\/p>\n<p>&nbsp;<\/p>\n","protected":false},"excerpt":{"rendered":"<p>V teni\u0161kem centru Oto\u010dec se kon\u010duje leto\u0161nje poletno dr\u017eavno prvenstvo v konkurenci do 14 let. V konkurenci dvojic sta pri deklicah dr\u017eavni prvakinji Veronika ERJAVEC in Nika ZUPAN\u010cI\u010c, ki sta bili v finalu s 6-4 6-3 bolj\u0161i od Lian BENEDEJ\u010cI\u010c in Anje GAL. &nbsp; In ostali? Popolno slavje pripada TK Triglav Kranj, saj imajo dr\u017eavnega [&hellip;]<\/p>\n","protected":false},"author":1,"featured_media":0,"comment_status":"closed","ping_status":"open","sticky":false,"template":"","format":"standard","meta":{"ngg_post_thumbnail":0,"footnotes":""},"categories":[4,20,6],"tags":[],"class_list":["post-2325","post","type-post","status-publish","format-standard","hentry","category-dog","category-turnirji","category-rezult"],"aioseo_notices":[],"aioseo_head":"\n\t\t<!-- All in One SEO 4.9.10 - aioseo.com -->\n\t<meta name=\"description\" content=\"V teni\u0161kem centru Oto\u010dec se kon\u010duje leto\u0161nje poletno dr\u017eavno prvenstvo v konkurenci do 14 let. V konkurenci dvojic sta pri deklicah dr\u017eavni prvakinji Veronika ERJAVEC in Nika ZUPAN\u010cI\u010c, ki sta bili v finalu s 6-4 6-3 bolj\u0161i od Lian BENEDEJ\u010cI\u010c in Anje GAL. In ostali? Popolno slavje pripada TK Triglav Kranj, saj imajo dr\u017eavnega\" \/>\n\t<meta name=\"robots\" content=\"max-image-preview:large\" \/>\n\t<meta name=\"author\" content=\"admin\"\/>\n\t<link rel=\"canonical\" href=\"https:\/\/www.tenis-krka.org\/?p=2325\" \/>\n\t<meta name=\"generator\" content=\"All in One SEO (AIOSEO) 4.9.10\" \/>\n\t\t<meta property=\"og:locale\" content=\"sl_SI\" \/>\n\t\t<meta property=\"og:site_name\" content=\"Teni\u0161ki klub Krka Oto\u010dec | Vse o klubu, novice, dogodki, rezultati in \u0161e veliko ve\u010d...\" \/>\n\t\t<meta property=\"og:type\" content=\"article\" \/>\n\t\t<meta property=\"og:title\" content=\"Nika Zupan\u010di\u010d \/ TK KRKA OTO\u010cEC \/ dr\u017eavna prvakinja v dvojicah | Teni\u0161ki klub Krka Oto\u010dec\" \/>\n\t\t<meta property=\"og:description\" content=\"V teni\u0161kem centru Oto\u010dec se kon\u010duje leto\u0161nje poletno dr\u017eavno prvenstvo v konkurenci do 14 let. V konkurenci dvojic sta pri deklicah dr\u017eavni prvakinji Veronika ERJAVEC in Nika ZUPAN\u010cI\u010c, ki sta bili v finalu s 6-4 6-3 bolj\u0161i od Lian BENEDEJ\u010cI\u010c in Anje GAL. In ostali? Popolno slavje pripada TK Triglav Kranj, saj imajo dr\u017eavnega\" \/>\n\t\t<meta property=\"og:url\" content=\"https:\/\/www.tenis-krka.org\/?p=2325\" \/>\n\t\t<meta property=\"article:published_time\" content=\"2013-05-10T11:43:00+00:00\" \/>\n\t\t<meta property=\"article:modified_time\" content=\"2019-05-27T13:16:17+00:00\" \/>\n\t\t<meta name=\"twitter:card\" content=\"summary_large_image\" \/>\n\t\t<meta name=\"twitter:title\" content=\"Nika Zupan\u010di\u010d \/ TK KRKA OTO\u010cEC \/ dr\u017eavna prvakinja v dvojicah | Teni\u0161ki klub Krka Oto\u010dec\" \/>\n\t\t<meta name=\"twitter:description\" content=\"V teni\u0161kem centru Oto\u010dec se kon\u010duje leto\u0161nje poletno dr\u017eavno prvenstvo v konkurenci do 14 let. V konkurenci dvojic sta pri deklicah dr\u017eavni prvakinji Veronika ERJAVEC in Nika ZUPAN\u010cI\u010c, ki sta bili v finalu s 6-4 6-3 bolj\u0161i od Lian BENEDEJ\u010cI\u010c in Anje GAL. In ostali? Popolno slavje pripada TK Triglav Kranj, saj imajo dr\u017eavnega\" \/>\n\t\t<script type=\"application\/ld+json\" class=\"aioseo-schema\">\n\t\t\t{\"@context\":\"https:\\\/\\\/schema.org\",\"@graph\":[{\"@type\":\"Article\",\"@id\":\"https:\\\/\\\/www.tenis-krka.org\\\/?p=2325#article\",\"name\":\"Nika Zupan\\u010di\\u010d \\\/ TK KRKA OTO\\u010cEC \\\/ dr\\u017eavna prvakinja v dvojicah | Teni\\u0161ki klub Krka Oto\\u010dec\",\"headline\":\"Nika Zupan\\u010di\\u010d \\\/ TK KRKA OTO\\u010cEC \\\/ dr\\u017eavna prvakinja v dvojicah\",\"author\":{\"@id\":\"https:\\\/\\\/www.tenis-krka.org\\\/?author=1#author\"},\"publisher\":{\"@id\":\"https:\\\/\\\/www.tenis-krka.org\\\/#organization\"},\"image\":{\"@type\":\"ImageObject\",\"url\":\"https:\\\/\\\/www.tenis-krka.org\\\/wp-content\\\/uploads\\\/2013\\\/05\\\/Nika-DP14-2013.jpg\",\"@id\":\"https:\\\/\\\/www.tenis-krka.org\\\/?p=2325\\\/#articleImage\",\"width\":3264,\"height\":2448},\"datePublished\":\"2013-05-10T13:43:00+02:00\",\"dateModified\":\"2019-05-27T15:16:17+02:00\",\"inLanguage\":\"sl-SI\",\"mainEntityOfPage\":{\"@id\":\"https:\\\/\\\/www.tenis-krka.org\\\/?p=2325#webpage\"},\"isPartOf\":{\"@id\":\"https:\\\/\\\/www.tenis-krka.org\\\/?p=2325#webpage\"},\"articleSection\":\"Dogodki, Organizacija turnirjev, Rezultati\"},{\"@type\":\"BreadcrumbList\",\"@id\":\"https:\\\/\\\/www.tenis-krka.org\\\/?p=2325#breadcrumblist\",\"itemListElement\":[{\"@type\":\"ListItem\",\"@id\":\"https:\\\/\\\/www.tenis-krka.org#listItem\",\"position\":1,\"name\":\"Domov\",\"item\":\"https:\\\/\\\/www.tenis-krka.org\",\"nextItem\":{\"@type\":\"ListItem\",\"@id\":\"https:\\\/\\\/www.tenis-krka.org\\\/?cat=4#listItem\",\"name\":\"Dogodki\"}},{\"@type\":\"ListItem\",\"@id\":\"https:\\\/\\\/www.tenis-krka.org\\\/?cat=4#listItem\",\"position\":2,\"name\":\"Dogodki\",\"item\":\"https:\\\/\\\/www.tenis-krka.org\\\/?cat=4\",\"nextItem\":{\"@type\":\"ListItem\",\"@id\":\"https:\\\/\\\/www.tenis-krka.org\\\/?p=2325#listItem\",\"name\":\"Nika Zupan\\u010di\\u010d \\\/ TK KRKA OTO\\u010cEC \\\/ dr\\u017eavna prvakinja v dvojicah\"},\"previousItem\":{\"@type\":\"ListItem\",\"@id\":\"https:\\\/\\\/www.tenis-krka.org#listItem\",\"name\":\"Domov\"}},{\"@type\":\"ListItem\",\"@id\":\"https:\\\/\\\/www.tenis-krka.org\\\/?p=2325#listItem\",\"position\":3,\"name\":\"Nika Zupan\\u010di\\u010d \\\/ TK KRKA OTO\\u010cEC \\\/ dr\\u017eavna prvakinja v dvojicah\",\"previousItem\":{\"@type\":\"ListItem\",\"@id\":\"https:\\\/\\\/www.tenis-krka.org\\\/?cat=4#listItem\",\"name\":\"Dogodki\"}}]},{\"@type\":\"Organization\",\"@id\":\"https:\\\/\\\/www.tenis-krka.org\\\/#organization\",\"name\":\"Teni\\u0161ki klub Krka Oto\\u010dec\",\"description\":\"Vse o klubu, novice, dogodki, rezultati in \\u0161e veliko ve\\u010d...\",\"url\":\"https:\\\/\\\/www.tenis-krka.org\\\/\"},{\"@type\":\"Person\",\"@id\":\"https:\\\/\\\/www.tenis-krka.org\\\/?author=1#author\",\"url\":\"https:\\\/\\\/www.tenis-krka.org\\\/?author=1\",\"name\":\"admin\",\"image\":{\"@type\":\"ImageObject\",\"@id\":\"https:\\\/\\\/www.tenis-krka.org\\\/?p=2325#authorImage\",\"url\":\"https:\\\/\\\/secure.gravatar.com\\\/avatar\\\/9e60ad079c111140ec6df07f7c8d348b27680a6649653907523325cecd07935e?s=96&d=mm&r=g\",\"width\":96,\"height\":96,\"caption\":\"admin\"}},{\"@type\":\"WebPage\",\"@id\":\"https:\\\/\\\/www.tenis-krka.org\\\/?p=2325#webpage\",\"url\":\"https:\\\/\\\/www.tenis-krka.org\\\/?p=2325\",\"name\":\"Nika Zupan\\u010di\\u010d \\\/ TK KRKA OTO\\u010cEC \\\/ dr\\u017eavna prvakinja v dvojicah | Teni\\u0161ki klub Krka Oto\\u010dec\",\"description\":\"V teni\\u0161kem centru Oto\\u010dec se kon\\u010duje leto\\u0161nje poletno dr\\u017eavno prvenstvo v konkurenci do 14 let. V konkurenci dvojic sta pri deklicah dr\\u017eavni prvakinji Veronika ERJAVEC in Nika ZUPAN\\u010cI\\u010c, ki sta bili v finalu s 6-4 6-3 bolj\\u0161i od Lian BENEDEJ\\u010cI\\u010c in Anje GAL. In ostali? Popolno slavje pripada TK Triglav Kranj, saj imajo dr\\u017eavnega\",\"inLanguage\":\"sl-SI\",\"isPartOf\":{\"@id\":\"https:\\\/\\\/www.tenis-krka.org\\\/#website\"},\"breadcrumb\":{\"@id\":\"https:\\\/\\\/www.tenis-krka.org\\\/?p=2325#breadcrumblist\"},\"author\":{\"@id\":\"https:\\\/\\\/www.tenis-krka.org\\\/?author=1#author\"},\"creator\":{\"@id\":\"https:\\\/\\\/www.tenis-krka.org\\\/?author=1#author\"},\"datePublished\":\"2013-05-10T13:43:00+02:00\",\"dateModified\":\"2019-05-27T15:16:17+02:00\"},{\"@type\":\"WebSite\",\"@id\":\"https:\\\/\\\/www.tenis-krka.org\\\/#website\",\"url\":\"https:\\\/\\\/www.tenis-krka.org\\\/\",\"name\":\"Teni\\u0161ki klub Krka Oto\\u010dec\",\"description\":\"Vse o klubu, novice, dogodki, rezultati in \\u0161e veliko ve\\u010d...\",\"inLanguage\":\"sl-SI\",\"publisher\":{\"@id\":\"https:\\\/\\\/www.tenis-krka.org\\\/#organization\"}}]}\n\t\t<\/script>\n\t\t<!-- All in One SEO -->\n\n","aioseo_head_json":{"title":"Nika Zupan\u010di\u010d \/ TK KRKA OTO\u010cEC \/ dr\u017eavna prvakinja v dvojicah | Teni\u0161ki klub Krka Oto\u010dec","description":"V teni\u0161kem centru Oto\u010dec se kon\u010duje leto\u0161nje poletno dr\u017eavno prvenstvo v konkurenci do 14 let. V konkurenci dvojic sta pri deklicah dr\u017eavni prvakinji Veronika ERJAVEC in Nika ZUPAN\u010cI\u010c, ki sta bili v finalu s 6-4 6-3 bolj\u0161i od Lian BENEDEJ\u010cI\u010c in Anje GAL. In ostali? Popolno slavje pripada TK Triglav Kranj, saj imajo dr\u017eavnega","canonical_url":"https:\/\/www.tenis-krka.org\/?p=2325","robots":"max-image-preview:large","keywords":"","webmasterTools":{"miscellaneous":""},"schema":{"@context":"https:\/\/schema.org","@graph":[{"@type":"Article","@id":"https:\/\/www.tenis-krka.org\/?p=2325#article","name":"Nika Zupan\u010di\u010d \/ TK KRKA OTO\u010cEC \/ dr\u017eavna prvakinja v dvojicah | Teni\u0161ki klub Krka Oto\u010dec","headline":"Nika Zupan\u010di\u010d \/ TK KRKA OTO\u010cEC \/ dr\u017eavna prvakinja v dvojicah","author":{"@id":"https:\/\/www.tenis-krka.org\/?author=1#author"},"publisher":{"@id":"https:\/\/www.tenis-krka.org\/#organization"},"image":{"@type":"ImageObject","url":"https:\/\/www.tenis-krka.org\/wp-content\/uploads\/2013\/05\/Nika-DP14-2013.jpg","@id":"https:\/\/www.tenis-krka.org\/?p=2325\/#articleImage","width":3264,"height":2448},"datePublished":"2013-05-10T13:43:00+02:00","dateModified":"2019-05-27T15:16:17+02:00","inLanguage":"sl-SI","mainEntityOfPage":{"@id":"https:\/\/www.tenis-krka.org\/?p=2325#webpage"},"isPartOf":{"@id":"https:\/\/www.tenis-krka.org\/?p=2325#webpage"},"articleSection":"Dogodki, Organizacija turnirjev, Rezultati"},{"@type":"BreadcrumbList","@id":"https:\/\/www.tenis-krka.org\/?p=2325#breadcrumblist","itemListElement":[{"@type":"ListItem","@id":"https:\/\/www.tenis-krka.org#listItem","position":1,"name":"Domov","item":"https:\/\/www.tenis-krka.org","nextItem":{"@type":"ListItem","@id":"https:\/\/www.tenis-krka.org\/?cat=4#listItem","name":"Dogodki"}},{"@type":"ListItem","@id":"https:\/\/www.tenis-krka.org\/?cat=4#listItem","position":2,"name":"Dogodki","item":"https:\/\/www.tenis-krka.org\/?cat=4","nextItem":{"@type":"ListItem","@id":"https:\/\/www.tenis-krka.org\/?p=2325#listItem","name":"Nika Zupan\u010di\u010d \/ TK KRKA OTO\u010cEC \/ dr\u017eavna prvakinja v dvojicah"},"previousItem":{"@type":"ListItem","@id":"https:\/\/www.tenis-krka.org#listItem","name":"Domov"}},{"@type":"ListItem","@id":"https:\/\/www.tenis-krka.org\/?p=2325#listItem","position":3,"name":"Nika Zupan\u010di\u010d \/ TK KRKA OTO\u010cEC \/ dr\u017eavna prvakinja v dvojicah","previousItem":{"@type":"ListItem","@id":"https:\/\/www.tenis-krka.org\/?cat=4#listItem","name":"Dogodki"}}]},{"@type":"Organization","@id":"https:\/\/www.tenis-krka.org\/#organization","name":"Teni\u0161ki klub Krka Oto\u010dec","description":"Vse o klubu, novice, dogodki, rezultati in \u0161e veliko ve\u010d...","url":"https:\/\/www.tenis-krka.org\/"},{"@type":"Person","@id":"https:\/\/www.tenis-krka.org\/?author=1#author","url":"https:\/\/www.tenis-krka.org\/?author=1","name":"admin","image":{"@type":"ImageObject","@id":"https:\/\/www.tenis-krka.org\/?p=2325#authorImage","url":"https:\/\/secure.gravatar.com\/avatar\/9e60ad079c111140ec6df07f7c8d348b27680a6649653907523325cecd07935e?s=96&d=mm&r=g","width":96,"height":96,"caption":"admin"}},{"@type":"WebPage","@id":"https:\/\/www.tenis-krka.org\/?p=2325#webpage","url":"https:\/\/www.tenis-krka.org\/?p=2325","name":"Nika Zupan\u010di\u010d \/ TK KRKA OTO\u010cEC \/ dr\u017eavna prvakinja v dvojicah | Teni\u0161ki klub Krka Oto\u010dec","description":"V teni\u0161kem centru Oto\u010dec se kon\u010duje leto\u0161nje poletno dr\u017eavno prvenstvo v konkurenci do 14 let. V konkurenci dvojic sta pri deklicah dr\u017eavni prvakinji Veronika ERJAVEC in Nika ZUPAN\u010cI\u010c, ki sta bili v finalu s 6-4 6-3 bolj\u0161i od Lian BENEDEJ\u010cI\u010c in Anje GAL. In ostali? Popolno slavje pripada TK Triglav Kranj, saj imajo dr\u017eavnega","inLanguage":"sl-SI","isPartOf":{"@id":"https:\/\/www.tenis-krka.org\/#website"},"breadcrumb":{"@id":"https:\/\/www.tenis-krka.org\/?p=2325#breadcrumblist"},"author":{"@id":"https:\/\/www.tenis-krka.org\/?author=1#author"},"creator":{"@id":"https:\/\/www.tenis-krka.org\/?author=1#author"},"datePublished":"2013-05-10T13:43:00+02:00","dateModified":"2019-05-27T15:16:17+02:00"},{"@type":"WebSite","@id":"https:\/\/www.tenis-krka.org\/#website","url":"https:\/\/www.tenis-krka.org\/","name":"Teni\u0161ki klub Krka Oto\u010dec","description":"Vse o klubu, novice, dogodki, rezultati in \u0161e veliko ve\u010d...","inLanguage":"sl-SI","publisher":{"@id":"https:\/\/www.tenis-krka.org\/#organization"}}]},"og:locale":"sl_SI","og:site_name":"Teni\u0161ki klub Krka Oto\u010dec | Vse o klubu, novice, dogodki, rezultati in \u0161e veliko ve\u010d...","og:type":"article","og:title":"Nika Zupan\u010di\u010d \/ TK KRKA OTO\u010cEC \/ dr\u017eavna prvakinja v dvojicah | Teni\u0161ki klub Krka Oto\u010dec","og:description":"V teni\u0161kem centru Oto\u010dec se kon\u010duje leto\u0161nje poletno dr\u017eavno prvenstvo v konkurenci do 14 let. V konkurenci dvojic sta pri deklicah dr\u017eavni prvakinji Veronika ERJAVEC in Nika ZUPAN\u010cI\u010c, ki sta bili v finalu s 6-4 6-3 bolj\u0161i od Lian BENEDEJ\u010cI\u010c in Anje GAL. In ostali? Popolno slavje pripada TK Triglav Kranj, saj imajo dr\u017eavnega","og:url":"https:\/\/www.tenis-krka.org\/?p=2325","article:published_time":"2013-05-10T11:43:00+00:00","article:modified_time":"2019-05-27T13:16:17+00:00","twitter:card":"summary_large_image","twitter:title":"Nika Zupan\u010di\u010d \/ TK KRKA OTO\u010cEC \/ dr\u017eavna prvakinja v dvojicah | Teni\u0161ki klub Krka Oto\u010dec","twitter:description":"V teni\u0161kem centru Oto\u010dec se kon\u010duje leto\u0161nje poletno dr\u017eavno prvenstvo v konkurenci do 14 let. V konkurenci dvojic sta pri deklicah dr\u017eavni prvakinji Veronika ERJAVEC in Nika ZUPAN\u010cI\u010c, ki sta bili v finalu s 6-4 6-3 bolj\u0161i od Lian BENEDEJ\u010cI\u010c in Anje GAL. In ostali? Popolno slavje pripada TK Triglav Kranj, saj imajo dr\u017eavnega"},"aioseo_meta_data":{"post_id":"2325","title":null,"description":null,"keywords":null,"keyphrases":null,"primary_term":null,"canonical_url":null,"og_title":null,"og_description":null,"og_object_type":"default","og_image_type":"default","og_image_url":null,"og_image_width":null,"og_image_height":null,"og_image_custom_url":null,"og_image_custom_fields":null,"og_video":null,"og_custom_url":null,"og_article_section":null,"og_article_tags":null,"twitter_use_og":false,"twitter_card":"default","twitter_image_type":"default","twitter_image_url":null,"twitter_image_custom_url":null,"twitter_image_custom_fields":null,"twitter_title":null,"twitter_description":null,"schema":{"blockGraphs":[],"customGraphs":[],"default":{"data":{"Article":[],"Course":[],"Dataset":[],"FAQPage":[],"Movie":[],"Person":[],"Product":[],"ProductReview":[],"Car":[],"Recipe":[],"Service":[],"SoftwareApplication":[],"WebPage":[]},"graphName":"","isEnabled":true},"graphs":[]},"schema_type":"default","schema_type_options":null,"pillar_content":false,"robots_default":true,"robots_noindex":false,"robots_noarchive":false,"robots_nosnippet":false,"robots_nofollow":false,"robots_noimageindex":false,"robots_noodp":false,"robots_notranslate":false,"robots_max_snippet":null,"robots_max_videopreview":null,"robots_max_imagepreview":"large","priority":null,"frequency":null,"local_seo":null,"breadcrumb_settings":null,"limit_modified_date":false,"ai":null,"created":"2024-08-30 08:59:37","updated":"2025-10-22 03:48:56","seo_analyzer_scan_date":null},"aioseo_breadcrumb":"<div class=\"aioseo-breadcrumbs\"><span class=\"aioseo-breadcrumb\">\n\t\t\t<a href=\"https:\/\/www.tenis-krka.org\" title=\"Domov\">Domov<\/a>\n\t\t<\/span><span class=\"aioseo-breadcrumb-separator\">&raquo;<\/span><span class=\"aioseo-breadcrumb\">\n\t\t\t<a href=\"https:\/\/www.tenis-krka.org\/?cat=4\" title=\"Dogodki\">Dogodki<\/a>\n\t\t<\/span><span class=\"aioseo-breadcrumb-separator\">&raquo;<\/span><span class=\"aioseo-breadcrumb\">\n\t\t\tNika Zupan\u010di\u010d \/ TK KRKA OTO\u010cEC \/ dr\u017eavna prvakinja v dvojicah\n\t\t<\/span><\/div>","aioseo_breadcrumb_json":[{"label":"Domov","link":"https:\/\/www.tenis-krka.org"},{"label":"Dogodki","link":"https:\/\/www.tenis-krka.org\/?cat=4"},{"label":"Nika Zupan\u010di\u010d \/ TK KRKA OTO\u010cEC \/ dr\u017eavna prvakinja v dvojicah","link":"https:\/\/www.tenis-krka.org\/?p=2325"}],"_links":{"self":[{"href":"https:\/\/www.tenis-krka.org\/index.php?rest_route=\/wp\/v2\/posts\/2325","targetHints":{"allow":["GET"]}}],"collection":[{"href":"https:\/\/www.tenis-krka.org\/index.php?rest_route=\/wp\/v2\/posts"}],"about":[{"href":"https:\/\/www.tenis-krka.org\/index.php?rest_route=\/wp\/v2\/types\/post"}],"author":[{"embeddable":true,"href":"https:\/\/www.tenis-krka.org\/index.php?rest_route=\/wp\/v2\/users\/1"}],"replies":[{"embeddable":true,"href":"https:\/\/www.tenis-krka.org\/index.php?rest_route=%2Fwp%2Fv2%2Fcomments&post=2325"}],"version-history":[{"count":6,"href":"https:\/\/www.tenis-krka.org\/index.php?rest_route=\/wp\/v2\/posts\/2325\/revisions"}],"predecessor-version":[{"id":3604,"href":"https:\/\/www.tenis-krka.org\/index.php?rest_route=\/wp\/v2\/posts\/2325\/revisions\/3604"}],"wp:attachment":[{"href":"https:\/\/www.tenis-krka.org\/index.php?rest_route=%2Fwp%2Fv2%2Fmedia&parent=2325"}],"wp:term":[{"taxonomy":"category","embeddable":true,"href":"https:\/\/www.tenis-krka.org\/index.php?rest_route=%2Fwp%2Fv2%2Fcategories&post=2325"},{"taxonomy":"post_tag","embeddable":true,"href":"https:\/\/www.tenis-krka.org\/index.php?rest_route=%2Fwp%2Fv2%2Ftags&post=2325"}],"curies":[{"name":"wp","href":"https:\/\/api.w.org\/{rel}","templated":true}]}}