{"id":2282,"date":"2013-03-27T09:54:19","date_gmt":"2013-03-27T07:54:19","guid":{"rendered":"http:\/\/www.tenis-krka.org\/?p=2282"},"modified":"2019-05-27T15:16:17","modified_gmt":"2019-05-27T13:16:17","slug":"ziva-odlicno-na-hrvaskem-26-3-2013","status":"publish","type":"post","link":"https:\/\/www.tenis-krka.org\/?p=2282","title":{"rendered":"\u017diva odli\u010dno na Hrva\u0161kem (26.3.2013)"},"content":{"rendered":"<p><strong>\u017diva Falkner<\/strong> je odli\u010dno odigrala na OP Rijeka na Hrva\u0161kem.<\/p>\n<p><a href=\"http:\/\/www.tenis-krka.org\/wp-content\/uploads\/2013\/03\/Ziva-OP-Rijeka.jpg\"><img loading=\"lazy\" decoding=\"async\" class=\"alignleft size-medium wp-image-2283\" alt=\"Ziva OP Rijeka\" src=\"http:\/\/www.tenis-krka.org\/wp-content\/uploads\/2013\/03\/Ziva-OP-Rijeka-300x225.jpg\" width=\"300\" height=\"225\" srcset=\"https:\/\/www.tenis-krka.org\/wp-content\/uploads\/2013\/03\/Ziva-OP-Rijeka-300x225.jpg 300w, https:\/\/www.tenis-krka.org\/wp-content\/uploads\/2013\/03\/Ziva-OP-Rijeka-1024x768.jpg 1024w\" sizes=\"auto, (max-width: 300px) 100vw, 300px\" \/><\/a><strong>Med posameznicami<\/strong> je dosegla <strong>3. mesto<\/strong>.<\/p>\n<p><a href=\"http:\/\/www.tenis-krka.org\/wp-content\/uploads\/2013\/03\/Ziva-OP-Rijeka-dvojice.jpg\"><img loading=\"lazy\" decoding=\"async\" class=\"alignleft size-medium wp-image-2284\" alt=\"Ziva OP Rijeka dvojice\" src=\"http:\/\/www.tenis-krka.org\/wp-content\/uploads\/2013\/03\/Ziva-OP-Rijeka-dvojice-300x225.jpg\" width=\"300\" height=\"225\" srcset=\"https:\/\/www.tenis-krka.org\/wp-content\/uploads\/2013\/03\/Ziva-OP-Rijeka-dvojice-300x225.jpg 300w, https:\/\/www.tenis-krka.org\/wp-content\/uploads\/2013\/03\/Ziva-OP-Rijeka-dvojice-1024x768.jpg 1024w\" sizes=\"auto, (max-width: 300px) 100vw, 300px\" \/><\/a><strong>V dvojicah<\/strong> z partnerko Krznari\u010d Noa pa sta osvojila najvi\u0161je <strong>1. mesto<\/strong>.<\/p>\n<p><strong>\u017diva \u010cESTITAMO<\/strong>, lep uvod v spomladansko sezono.<\/p>\n","protected":false},"excerpt":{"rendered":"<p>\u017diva Falkner je odli\u010dno odigrala na OP Rijeka na Hrva\u0161kem. Med posameznicami je dosegla 3. mesto. V dvojicah z partnerko Krznari\u010d Noa pa sta osvojila najvi\u0161je 1. mesto. \u017diva \u010cESTITAMO, lep uvod v spomladansko sezono.<\/p>\n","protected":false},"author":1,"featured_media":0,"comment_status":"closed","ping_status":"open","sticky":false,"template":"","format":"standard","meta":{"ngg_post_thumbnail":0,"footnotes":""},"categories":[6],"tags":[],"class_list":["post-2282","post","type-post","status-publish","format-standard","hentry","category-rezult"],"aioseo_notices":[],"aioseo_head":"\n\t\t<!-- All in One SEO 4.9.10 - aioseo.com -->\n\t<meta name=\"description\" content=\"\u017diva Falkner je odli\u010dno odigrala na OP Rijeka na Hrva\u0161kem. Med posameznicami je dosegla 3. mesto. V dvojicah z partnerko Krznari\u010d Noa pa sta osvojila najvi\u0161je 1. mesto. \u017diva \u010cESTITAMO, lep uvod v spomladansko sezono.\" \/>\n\t<meta name=\"robots\" content=\"max-image-preview:large\" \/>\n\t<meta name=\"author\" content=\"admin\"\/>\n\t<link rel=\"canonical\" href=\"https:\/\/www.tenis-krka.org\/?p=2282\" \/>\n\t<meta name=\"generator\" content=\"All in One SEO (AIOSEO) 4.9.10\" \/>\n\t\t<meta property=\"og:locale\" content=\"sl_SI\" \/>\n\t\t<meta property=\"og:site_name\" content=\"Teni\u0161ki klub Krka Oto\u010dec | Vse o klubu, novice, dogodki, rezultati in \u0161e veliko ve\u010d...\" \/>\n\t\t<meta property=\"og:type\" content=\"article\" \/>\n\t\t<meta property=\"og:title\" content=\"\u017diva odli\u010dno na Hrva\u0161kem (26.3.2013) | Teni\u0161ki klub Krka Oto\u010dec\" \/>\n\t\t<meta property=\"og:description\" content=\"\u017diva Falkner je odli\u010dno odigrala na OP Rijeka na Hrva\u0161kem. Med posameznicami je dosegla 3. mesto. V dvojicah z partnerko Krznari\u010d Noa pa sta osvojila najvi\u0161je 1. mesto. \u017diva \u010cESTITAMO, lep uvod v spomladansko sezono.\" \/>\n\t\t<meta property=\"og:url\" content=\"https:\/\/www.tenis-krka.org\/?p=2282\" \/>\n\t\t<meta property=\"article:published_time\" content=\"2013-03-27T07:54:19+00:00\" \/>\n\t\t<meta property=\"article:modified_time\" content=\"2019-05-27T13:16:17+00:00\" \/>\n\t\t<meta name=\"twitter:card\" content=\"summary_large_image\" \/>\n\t\t<meta name=\"twitter:title\" content=\"\u017diva odli\u010dno na Hrva\u0161kem (26.3.2013) | Teni\u0161ki klub Krka Oto\u010dec\" \/>\n\t\t<meta name=\"twitter:description\" content=\"\u017diva Falkner je odli\u010dno odigrala na OP Rijeka na Hrva\u0161kem. Med posameznicami je dosegla 3. mesto. V dvojicah z partnerko Krznari\u010d Noa pa sta osvojila najvi\u0161je 1. mesto. \u017diva \u010cESTITAMO, lep uvod v spomladansko sezono.\" \/>\n\t\t<script type=\"application\/ld+json\" class=\"aioseo-schema\">\n\t\t\t{\"@context\":\"https:\\\/\\\/schema.org\",\"@graph\":[{\"@type\":\"Article\",\"@id\":\"https:\\\/\\\/www.tenis-krka.org\\\/?p=2282#article\",\"name\":\"\\u017diva odli\\u010dno na Hrva\\u0161kem (26.3.2013) | Teni\\u0161ki klub Krka Oto\\u010dec\",\"headline\":\"\\u017diva odli\\u010dno na Hrva\\u0161kem (26.3.2013)\",\"author\":{\"@id\":\"https:\\\/\\\/www.tenis-krka.org\\\/?author=1#author\"},\"publisher\":{\"@id\":\"https:\\\/\\\/www.tenis-krka.org\\\/#organization\"},\"image\":{\"@type\":\"ImageObject\",\"url\":\"https:\\\/\\\/www.tenis-krka.org\\\/wp-content\\\/uploads\\\/2013\\\/03\\\/Ziva-OP-Rijeka.jpg\",\"@id\":\"https:\\\/\\\/www.tenis-krka.org\\\/?p=2282\\\/#articleImage\",\"width\":3648,\"height\":2736},\"datePublished\":\"2013-03-27T09:54:19+02:00\",\"dateModified\":\"2019-05-27T15:16:17+02:00\",\"inLanguage\":\"sl-SI\",\"mainEntityOfPage\":{\"@id\":\"https:\\\/\\\/www.tenis-krka.org\\\/?p=2282#webpage\"},\"isPartOf\":{\"@id\":\"https:\\\/\\\/www.tenis-krka.org\\\/?p=2282#webpage\"},\"articleSection\":\"Rezultati\"},{\"@type\":\"BreadcrumbList\",\"@id\":\"https:\\\/\\\/www.tenis-krka.org\\\/?p=2282#breadcrumblist\",\"itemListElement\":[{\"@type\":\"ListItem\",\"@id\":\"https:\\\/\\\/www.tenis-krka.org#listItem\",\"position\":1,\"name\":\"Domov\",\"item\":\"https:\\\/\\\/www.tenis-krka.org\",\"nextItem\":{\"@type\":\"ListItem\",\"@id\":\"https:\\\/\\\/www.tenis-krka.org\\\/?cat=6#listItem\",\"name\":\"Rezultati\"}},{\"@type\":\"ListItem\",\"@id\":\"https:\\\/\\\/www.tenis-krka.org\\\/?cat=6#listItem\",\"position\":2,\"name\":\"Rezultati\",\"item\":\"https:\\\/\\\/www.tenis-krka.org\\\/?cat=6\",\"nextItem\":{\"@type\":\"ListItem\",\"@id\":\"https:\\\/\\\/www.tenis-krka.org\\\/?p=2282#listItem\",\"name\":\"\\u017diva odli\\u010dno na Hrva\\u0161kem (26.3.2013)\"},\"previousItem\":{\"@type\":\"ListItem\",\"@id\":\"https:\\\/\\\/www.tenis-krka.org#listItem\",\"name\":\"Domov\"}},{\"@type\":\"ListItem\",\"@id\":\"https:\\\/\\\/www.tenis-krka.org\\\/?p=2282#listItem\",\"position\":3,\"name\":\"\\u017diva odli\\u010dno na Hrva\\u0161kem (26.3.2013)\",\"previousItem\":{\"@type\":\"ListItem\",\"@id\":\"https:\\\/\\\/www.tenis-krka.org\\\/?cat=6#listItem\",\"name\":\"Rezultati\"}}]},{\"@type\":\"Organization\",\"@id\":\"https:\\\/\\\/www.tenis-krka.org\\\/#organization\",\"name\":\"Teni\\u0161ki klub Krka Oto\\u010dec\",\"description\":\"Vse o klubu, novice, dogodki, rezultati in \\u0161e veliko ve\\u010d...\",\"url\":\"https:\\\/\\\/www.tenis-krka.org\\\/\"},{\"@type\":\"Person\",\"@id\":\"https:\\\/\\\/www.tenis-krka.org\\\/?author=1#author\",\"url\":\"https:\\\/\\\/www.tenis-krka.org\\\/?author=1\",\"name\":\"admin\",\"image\":{\"@type\":\"ImageObject\",\"@id\":\"https:\\\/\\\/www.tenis-krka.org\\\/?p=2282#authorImage\",\"url\":\"https:\\\/\\\/secure.gravatar.com\\\/avatar\\\/9e60ad079c111140ec6df07f7c8d348b27680a6649653907523325cecd07935e?s=96&d=mm&r=g\",\"width\":96,\"height\":96,\"caption\":\"admin\"}},{\"@type\":\"WebPage\",\"@id\":\"https:\\\/\\\/www.tenis-krka.org\\\/?p=2282#webpage\",\"url\":\"https:\\\/\\\/www.tenis-krka.org\\\/?p=2282\",\"name\":\"\\u017diva odli\\u010dno na Hrva\\u0161kem (26.3.2013) | Teni\\u0161ki klub Krka Oto\\u010dec\",\"description\":\"\\u017diva Falkner je odli\\u010dno odigrala na OP Rijeka na Hrva\\u0161kem. Med posameznicami je dosegla 3. mesto. V dvojicah z partnerko Krznari\\u010d Noa pa sta osvojila najvi\\u0161je 1. mesto. \\u017diva \\u010cESTITAMO, lep uvod v spomladansko sezono.\",\"inLanguage\":\"sl-SI\",\"isPartOf\":{\"@id\":\"https:\\\/\\\/www.tenis-krka.org\\\/#website\"},\"breadcrumb\":{\"@id\":\"https:\\\/\\\/www.tenis-krka.org\\\/?p=2282#breadcrumblist\"},\"author\":{\"@id\":\"https:\\\/\\\/www.tenis-krka.org\\\/?author=1#author\"},\"creator\":{\"@id\":\"https:\\\/\\\/www.tenis-krka.org\\\/?author=1#author\"},\"datePublished\":\"2013-03-27T09:54:19+02:00\",\"dateModified\":\"2019-05-27T15:16:17+02:00\"},{\"@type\":\"WebSite\",\"@id\":\"https:\\\/\\\/www.tenis-krka.org\\\/#website\",\"url\":\"https:\\\/\\\/www.tenis-krka.org\\\/\",\"name\":\"Teni\\u0161ki klub Krka Oto\\u010dec\",\"description\":\"Vse o klubu, novice, dogodki, rezultati in \\u0161e veliko ve\\u010d...\",\"inLanguage\":\"sl-SI\",\"publisher\":{\"@id\":\"https:\\\/\\\/www.tenis-krka.org\\\/#organization\"}}]}\n\t\t<\/script>\n\t\t<!-- All in One SEO -->\n\n","aioseo_head_json":{"title":"\u017diva odli\u010dno na Hrva\u0161kem (26.3.2013) | Teni\u0161ki klub Krka Oto\u010dec","description":"\u017diva Falkner je odli\u010dno odigrala na OP Rijeka na Hrva\u0161kem. Med posameznicami je dosegla 3. mesto. V dvojicah z partnerko Krznari\u010d Noa pa sta osvojila najvi\u0161je 1. mesto. \u017diva \u010cESTITAMO, lep uvod v spomladansko sezono.","canonical_url":"https:\/\/www.tenis-krka.org\/?p=2282","robots":"max-image-preview:large","keywords":"","webmasterTools":{"miscellaneous":""},"schema":{"@context":"https:\/\/schema.org","@graph":[{"@type":"Article","@id":"https:\/\/www.tenis-krka.org\/?p=2282#article","name":"\u017diva odli\u010dno na Hrva\u0161kem (26.3.2013) | Teni\u0161ki klub Krka Oto\u010dec","headline":"\u017diva odli\u010dno na Hrva\u0161kem (26.3.2013)","author":{"@id":"https:\/\/www.tenis-krka.org\/?author=1#author"},"publisher":{"@id":"https:\/\/www.tenis-krka.org\/#organization"},"image":{"@type":"ImageObject","url":"https:\/\/www.tenis-krka.org\/wp-content\/uploads\/2013\/03\/Ziva-OP-Rijeka.jpg","@id":"https:\/\/www.tenis-krka.org\/?p=2282\/#articleImage","width":3648,"height":2736},"datePublished":"2013-03-27T09:54:19+02:00","dateModified":"2019-05-27T15:16:17+02:00","inLanguage":"sl-SI","mainEntityOfPage":{"@id":"https:\/\/www.tenis-krka.org\/?p=2282#webpage"},"isPartOf":{"@id":"https:\/\/www.tenis-krka.org\/?p=2282#webpage"},"articleSection":"Rezultati"},{"@type":"BreadcrumbList","@id":"https:\/\/www.tenis-krka.org\/?p=2282#breadcrumblist","itemListElement":[{"@type":"ListItem","@id":"https:\/\/www.tenis-krka.org#listItem","position":1,"name":"Domov","item":"https:\/\/www.tenis-krka.org","nextItem":{"@type":"ListItem","@id":"https:\/\/www.tenis-krka.org\/?cat=6#listItem","name":"Rezultati"}},{"@type":"ListItem","@id":"https:\/\/www.tenis-krka.org\/?cat=6#listItem","position":2,"name":"Rezultati","item":"https:\/\/www.tenis-krka.org\/?cat=6","nextItem":{"@type":"ListItem","@id":"https:\/\/www.tenis-krka.org\/?p=2282#listItem","name":"\u017diva odli\u010dno na Hrva\u0161kem (26.3.2013)"},"previousItem":{"@type":"ListItem","@id":"https:\/\/www.tenis-krka.org#listItem","name":"Domov"}},{"@type":"ListItem","@id":"https:\/\/www.tenis-krka.org\/?p=2282#listItem","position":3,"name":"\u017diva odli\u010dno na Hrva\u0161kem (26.3.2013)","previousItem":{"@type":"ListItem","@id":"https:\/\/www.tenis-krka.org\/?cat=6#listItem","name":"Rezultati"}}]},{"@type":"Organization","@id":"https:\/\/www.tenis-krka.org\/#organization","name":"Teni\u0161ki klub Krka Oto\u010dec","description":"Vse o klubu, novice, dogodki, rezultati in \u0161e veliko ve\u010d...","url":"https:\/\/www.tenis-krka.org\/"},{"@type":"Person","@id":"https:\/\/www.tenis-krka.org\/?author=1#author","url":"https:\/\/www.tenis-krka.org\/?author=1","name":"admin","image":{"@type":"ImageObject","@id":"https:\/\/www.tenis-krka.org\/?p=2282#authorImage","url":"https:\/\/secure.gravatar.com\/avatar\/9e60ad079c111140ec6df07f7c8d348b27680a6649653907523325cecd07935e?s=96&d=mm&r=g","width":96,"height":96,"caption":"admin"}},{"@type":"WebPage","@id":"https:\/\/www.tenis-krka.org\/?p=2282#webpage","url":"https:\/\/www.tenis-krka.org\/?p=2282","name":"\u017diva odli\u010dno na Hrva\u0161kem (26.3.2013) | Teni\u0161ki klub Krka Oto\u010dec","description":"\u017diva Falkner je odli\u010dno odigrala na OP Rijeka na Hrva\u0161kem. Med posameznicami je dosegla 3. mesto. V dvojicah z partnerko Krznari\u010d Noa pa sta osvojila najvi\u0161je 1. mesto. \u017diva \u010cESTITAMO, lep uvod v spomladansko sezono.","inLanguage":"sl-SI","isPartOf":{"@id":"https:\/\/www.tenis-krka.org\/#website"},"breadcrumb":{"@id":"https:\/\/www.tenis-krka.org\/?p=2282#breadcrumblist"},"author":{"@id":"https:\/\/www.tenis-krka.org\/?author=1#author"},"creator":{"@id":"https:\/\/www.tenis-krka.org\/?author=1#author"},"datePublished":"2013-03-27T09:54:19+02:00","dateModified":"2019-05-27T15:16:17+02:00"},{"@type":"WebSite","@id":"https:\/\/www.tenis-krka.org\/#website","url":"https:\/\/www.tenis-krka.org\/","name":"Teni\u0161ki klub Krka Oto\u010dec","description":"Vse o klubu, novice, dogodki, rezultati in \u0161e veliko ve\u010d...","inLanguage":"sl-SI","publisher":{"@id":"https:\/\/www.tenis-krka.org\/#organization"}}]},"og:locale":"sl_SI","og:site_name":"Teni\u0161ki klub Krka Oto\u010dec | Vse o klubu, novice, dogodki, rezultati in \u0161e veliko ve\u010d...","og:type":"article","og:title":"\u017diva odli\u010dno na Hrva\u0161kem (26.3.2013) | Teni\u0161ki klub Krka Oto\u010dec","og:description":"\u017diva Falkner je odli\u010dno odigrala na OP Rijeka na Hrva\u0161kem. Med posameznicami je dosegla 3. mesto. V dvojicah z partnerko Krznari\u010d Noa pa sta osvojila najvi\u0161je 1. mesto. \u017diva \u010cESTITAMO, lep uvod v spomladansko sezono.","og:url":"https:\/\/www.tenis-krka.org\/?p=2282","article:published_time":"2013-03-27T07:54:19+00:00","article:modified_time":"2019-05-27T13:16:17+00:00","twitter:card":"summary_large_image","twitter:title":"\u017diva odli\u010dno na Hrva\u0161kem (26.3.2013) | Teni\u0161ki klub Krka Oto\u010dec","twitter:description":"\u017diva Falkner je odli\u010dno odigrala na OP Rijeka na Hrva\u0161kem. Med posameznicami je dosegla 3. mesto. V dvojicah z partnerko Krznari\u010d Noa pa sta osvojila najvi\u0161je 1. mesto. \u017diva \u010cESTITAMO, lep uvod v spomladansko sezono."},"aioseo_meta_data":{"post_id":"2282","title":null,"description":null,"keywords":null,"keyphrases":null,"primary_term":null,"canonical_url":null,"og_title":null,"og_description":null,"og_object_type":"default","og_image_type":"default","og_image_url":null,"og_image_width":null,"og_image_height":null,"og_image_custom_url":null,"og_image_custom_fields":null,"og_video":null,"og_custom_url":null,"og_article_section":null,"og_article_tags":null,"twitter_use_og":false,"twitter_card":"default","twitter_image_type":"default","twitter_image_url":null,"twitter_image_custom_url":null,"twitter_image_custom_fields":null,"twitter_title":null,"twitter_description":null,"schema":{"blockGraphs":[],"customGraphs":[],"default":{"data":{"Article":[],"Course":[],"Dataset":[],"FAQPage":[],"Movie":[],"Person":[],"Product":[],"ProductReview":[],"Car":[],"Recipe":[],"Service":[],"SoftwareApplication":[],"WebPage":[]},"graphName":"","isEnabled":true},"graphs":[]},"schema_type":"default","schema_type_options":null,"pillar_content":false,"robots_default":true,"robots_noindex":false,"robots_noarchive":false,"robots_nosnippet":false,"robots_nofollow":false,"robots_noimageindex":false,"robots_noodp":false,"robots_notranslate":false,"robots_max_snippet":null,"robots_max_videopreview":null,"robots_max_imagepreview":"large","priority":null,"frequency":null,"local_seo":null,"breadcrumb_settings":null,"limit_modified_date":false,"ai":null,"created":"2024-08-30 08:59:37","updated":"2025-10-22 03:38:22","seo_analyzer_scan_date":null},"aioseo_breadcrumb":"<div class=\"aioseo-breadcrumbs\"><span class=\"aioseo-breadcrumb\">\n\t\t\t<a href=\"https:\/\/www.tenis-krka.org\" title=\"Domov\">Domov<\/a>\n\t\t<\/span><span class=\"aioseo-breadcrumb-separator\">&raquo;<\/span><span class=\"aioseo-breadcrumb\">\n\t\t\t<a href=\"https:\/\/www.tenis-krka.org\/?cat=6\" title=\"Rezultati\">Rezultati<\/a>\n\t\t<\/span><span class=\"aioseo-breadcrumb-separator\">&raquo;<\/span><span class=\"aioseo-breadcrumb\">\n\t\t\t\u017diva odli\u010dno na Hrva\u0161kem (26.3.2013)\n\t\t<\/span><\/div>","aioseo_breadcrumb_json":[{"label":"Domov","link":"https:\/\/www.tenis-krka.org"},{"label":"Rezultati","link":"https:\/\/www.tenis-krka.org\/?cat=6"},{"label":"\u017diva odli\u010dno na Hrva\u0161kem (26.3.2013)","link":"https:\/\/www.tenis-krka.org\/?p=2282"}],"_links":{"self":[{"href":"https:\/\/www.tenis-krka.org\/index.php?rest_route=\/wp\/v2\/posts\/2282","targetHints":{"allow":["GET"]}}],"collection":[{"href":"https:\/\/www.tenis-krka.org\/index.php?rest_route=\/wp\/v2\/posts"}],"about":[{"href":"https:\/\/www.tenis-krka.org\/index.php?rest_route=\/wp\/v2\/types\/post"}],"author":[{"embeddable":true,"href":"https:\/\/www.tenis-krka.org\/index.php?rest_route=\/wp\/v2\/users\/1"}],"replies":[{"embeddable":true,"href":"https:\/\/www.tenis-krka.org\/index.php?rest_route=%2Fwp%2Fv2%2Fcomments&post=2282"}],"version-history":[{"count":1,"href":"https:\/\/www.tenis-krka.org\/index.php?rest_route=\/wp\/v2\/posts\/2282\/revisions"}],"predecessor-version":[{"id":2285,"href":"https:\/\/www.tenis-krka.org\/index.php?rest_route=\/wp\/v2\/posts\/2282\/revisions\/2285"}],"wp:attachment":[{"href":"https:\/\/www.tenis-krka.org\/index.php?rest_route=%2Fwp%2Fv2%2Fmedia&parent=2282"}],"wp:term":[{"taxonomy":"category","embeddable":true,"href":"https:\/\/www.tenis-krka.org\/index.php?rest_route=%2Fwp%2Fv2%2Fcategories&post=2282"},{"taxonomy":"post_tag","embeddable":true,"href":"https:\/\/www.tenis-krka.org\/index.php?rest_route=%2Fwp%2Fv2%2Ftags&post=2282"}],"curies":[{"name":"wp","href":"https:\/\/api.w.org\/{rel}","templated":true}]}}