{"id":2251,"date":"2013-02-01T09:53:23","date_gmt":"2013-02-01T07:53:23","guid":{"rendered":"http:\/\/www.tenis-krka.org\/?p=2251"},"modified":"2019-05-27T15:16:17","modified_gmt":"2019-05-27T13:16:17","slug":"winter-cup-minsk-u-16-fantje","status":"publish","type":"post","link":"https:\/\/www.tenis-krka.org\/?p=2251","title":{"rendered":"Bor in Dare na Winter cup Minsk U 16 fantje"},"content":{"rendered":"<pre><\/pre>\n<div id=\"attachment_2252\" style=\"width: 310px\" class=\"wp-caption alignleft\"><a href=\"http:\/\/www.tenis-krka.org\/wp-content\/uploads\/2013\/02\/WC-U16.jpg\"><img loading=\"lazy\" decoding=\"async\" aria-describedby=\"caption-attachment-2252\" class=\"size-medium wp-image-2252\" alt=\"Dare, Nik, Filip in Bor\" src=\"http:\/\/www.tenis-krka.org\/wp-content\/uploads\/2013\/02\/WC-U16-e1359705351174-300x139.jpg\" width=\"300\" height=\"139\" srcset=\"https:\/\/www.tenis-krka.org\/wp-content\/uploads\/2013\/02\/WC-U16-e1359705351174-300x139.jpg 300w, https:\/\/www.tenis-krka.org\/wp-content\/uploads\/2013\/02\/WC-U16-e1359705351174-1024x475.jpg 1024w\" sizes=\"auto, (max-width: 300px) 100vw, 300px\" \/><\/a><p id=\"caption-attachment-2252\" class=\"wp-caption-text\">Dare, Nik, Filip in Bor<\/p><\/div>\n<pre><span style=\"font-size: medium\"> Lep pozdrav z Minska - Belorusija, kjer\r\n nastopa na\u0161a reprezentanca fantov do\r\n 16 let, v postavi: <strong>Bor Schweiger Muzar<\/strong>, \r\n Filip Jakob Zupan\u010di\u010d,Nik Krape\u017e in \r\n trener Dare Voglar. Po prvem dnevu priprav\r\n in  privajanja na podlago nas jutri \u010daka \r\n sre\u010danje proti reprezentanci Italije v\r\n prvem krogu. \r\n\r\n Lp Dare<\/span><\/pre>\n","protected":false},"excerpt":{"rendered":"<p>Lep pozdrav z Minska &#8211; Belorusija, kjer nastopa na\u0161a reprezentanca fantov do 16 let, v postavi: Bor Schweiger Muzar, Filip Jakob Zupan\u010di\u010d,Nik Krape\u017e in trener Dare Voglar. Po prvem dnevu priprav in privajanja na podlago nas jutri \u010daka sre\u010danje proti reprezentanci Italije v prvem krogu. Lp Dare<\/p>\n","protected":false},"author":1,"featured_media":0,"comment_status":"closed","ping_status":"open","sticky":false,"template":"","format":"standard","meta":{"ngg_post_thumbnail":0,"footnotes":""},"categories":[4,6,5],"tags":[],"class_list":["post-2251","post","type-post","status-publish","format-standard","hentry","category-dog","category-rezult","category-tekm"],"aioseo_notices":[],"aioseo_head":"\n\t\t<!-- All in One SEO 4.9.10 - aioseo.com -->\n\t<meta name=\"description\" content=\"Lep pozdrav z Minska - Belorusija, kjer nastopa na\u0161a reprezentanca fantov do 16 let, v postavi: Bor Schweiger Muzar, Filip Jakob Zupan\u010di\u010d,Nik Krape\u017e in trener Dare Voglar. Po prvem dnevu priprav in privajanja na podlago nas jutri \u010daka sre\u010danje proti reprezentanci Italije v prvem krogu. Lp Dare\" \/>\n\t<meta name=\"robots\" content=\"max-image-preview:large\" \/>\n\t<meta name=\"author\" content=\"admin\"\/>\n\t<link rel=\"canonical\" href=\"https:\/\/www.tenis-krka.org\/?p=2251\" \/>\n\t<meta name=\"generator\" content=\"All in One SEO (AIOSEO) 4.9.10\" \/>\n\t\t<meta property=\"og:locale\" content=\"sl_SI\" \/>\n\t\t<meta property=\"og:site_name\" content=\"Teni\u0161ki klub Krka Oto\u010dec | Vse o klubu, novice, dogodki, rezultati in \u0161e veliko ve\u010d...\" \/>\n\t\t<meta property=\"og:type\" content=\"article\" \/>\n\t\t<meta property=\"og:title\" content=\"Bor in Dare na Winter cup Minsk U 16 fantje | Teni\u0161ki klub Krka Oto\u010dec\" \/>\n\t\t<meta property=\"og:description\" content=\"Lep pozdrav z Minska - Belorusija, kjer nastopa na\u0161a reprezentanca fantov do 16 let, v postavi: Bor Schweiger Muzar, Filip Jakob Zupan\u010di\u010d,Nik Krape\u017e in trener Dare Voglar. Po prvem dnevu priprav in privajanja na podlago nas jutri \u010daka sre\u010danje proti reprezentanci Italije v prvem krogu. Lp Dare\" \/>\n\t\t<meta property=\"og:url\" content=\"https:\/\/www.tenis-krka.org\/?p=2251\" \/>\n\t\t<meta property=\"article:published_time\" content=\"2013-02-01T07:53:23+00:00\" \/>\n\t\t<meta property=\"article:modified_time\" content=\"2019-05-27T13:16:17+00:00\" \/>\n\t\t<meta name=\"twitter:card\" content=\"summary_large_image\" \/>\n\t\t<meta name=\"twitter:title\" content=\"Bor in Dare na Winter cup Minsk U 16 fantje | Teni\u0161ki klub Krka Oto\u010dec\" \/>\n\t\t<meta name=\"twitter:description\" content=\"Lep pozdrav z Minska - Belorusija, kjer nastopa na\u0161a reprezentanca fantov do 16 let, v postavi: Bor Schweiger Muzar, Filip Jakob Zupan\u010di\u010d,Nik Krape\u017e in trener Dare Voglar. Po prvem dnevu priprav in privajanja na podlago nas jutri \u010daka sre\u010danje proti reprezentanci Italije v prvem krogu. Lp Dare\" \/>\n\t\t<script type=\"application\/ld+json\" class=\"aioseo-schema\">\n\t\t\t{\"@context\":\"https:\\\/\\\/schema.org\",\"@graph\":[{\"@type\":\"Article\",\"@id\":\"https:\\\/\\\/www.tenis-krka.org\\\/?p=2251#article\",\"name\":\"Bor in Dare na Winter cup Minsk U 16 fantje | Teni\\u0161ki klub Krka Oto\\u010dec\",\"headline\":\"Bor in Dare na Winter cup Minsk U 16 fantje\",\"author\":{\"@id\":\"https:\\\/\\\/www.tenis-krka.org\\\/?author=1#author\"},\"publisher\":{\"@id\":\"https:\\\/\\\/www.tenis-krka.org\\\/#organization\"},\"image\":{\"@type\":\"ImageObject\",\"url\":\"https:\\\/\\\/www.tenis-krka.org\\\/wp-content\\\/uploads\\\/2013\\\/02\\\/WC-U16-e1359705351174.jpg\",\"@id\":\"https:\\\/\\\/www.tenis-krka.org\\\/?p=2251\\\/#articleImage\",\"width\":2162,\"height\":1003,\"caption\":\"Dare, Nik, Filip in Bor\"},\"datePublished\":\"2013-02-01T09:53:23+02:00\",\"dateModified\":\"2019-05-27T15:16:17+02:00\",\"inLanguage\":\"sl-SI\",\"mainEntityOfPage\":{\"@id\":\"https:\\\/\\\/www.tenis-krka.org\\\/?p=2251#webpage\"},\"isPartOf\":{\"@id\":\"https:\\\/\\\/www.tenis-krka.org\\\/?p=2251#webpage\"},\"articleSection\":\"Dogodki, Rezultati, Tekmovanja\"},{\"@type\":\"BreadcrumbList\",\"@id\":\"https:\\\/\\\/www.tenis-krka.org\\\/?p=2251#breadcrumblist\",\"itemListElement\":[{\"@type\":\"ListItem\",\"@id\":\"https:\\\/\\\/www.tenis-krka.org#listItem\",\"position\":1,\"name\":\"Domov\",\"item\":\"https:\\\/\\\/www.tenis-krka.org\",\"nextItem\":{\"@type\":\"ListItem\",\"@id\":\"https:\\\/\\\/www.tenis-krka.org\\\/?cat=4#listItem\",\"name\":\"Dogodki\"}},{\"@type\":\"ListItem\",\"@id\":\"https:\\\/\\\/www.tenis-krka.org\\\/?cat=4#listItem\",\"position\":2,\"name\":\"Dogodki\",\"item\":\"https:\\\/\\\/www.tenis-krka.org\\\/?cat=4\",\"nextItem\":{\"@type\":\"ListItem\",\"@id\":\"https:\\\/\\\/www.tenis-krka.org\\\/?p=2251#listItem\",\"name\":\"Bor in Dare na Winter cup Minsk U 16 fantje\"},\"previousItem\":{\"@type\":\"ListItem\",\"@id\":\"https:\\\/\\\/www.tenis-krka.org#listItem\",\"name\":\"Domov\"}},{\"@type\":\"ListItem\",\"@id\":\"https:\\\/\\\/www.tenis-krka.org\\\/?p=2251#listItem\",\"position\":3,\"name\":\"Bor in Dare na Winter cup Minsk U 16 fantje\",\"previousItem\":{\"@type\":\"ListItem\",\"@id\":\"https:\\\/\\\/www.tenis-krka.org\\\/?cat=4#listItem\",\"name\":\"Dogodki\"}}]},{\"@type\":\"Organization\",\"@id\":\"https:\\\/\\\/www.tenis-krka.org\\\/#organization\",\"name\":\"Teni\\u0161ki klub Krka Oto\\u010dec\",\"description\":\"Vse o klubu, novice, dogodki, rezultati in \\u0161e veliko ve\\u010d...\",\"url\":\"https:\\\/\\\/www.tenis-krka.org\\\/\"},{\"@type\":\"Person\",\"@id\":\"https:\\\/\\\/www.tenis-krka.org\\\/?author=1#author\",\"url\":\"https:\\\/\\\/www.tenis-krka.org\\\/?author=1\",\"name\":\"admin\",\"image\":{\"@type\":\"ImageObject\",\"@id\":\"https:\\\/\\\/www.tenis-krka.org\\\/?p=2251#authorImage\",\"url\":\"https:\\\/\\\/secure.gravatar.com\\\/avatar\\\/9e60ad079c111140ec6df07f7c8d348b27680a6649653907523325cecd07935e?s=96&d=mm&r=g\",\"width\":96,\"height\":96,\"caption\":\"admin\"}},{\"@type\":\"WebPage\",\"@id\":\"https:\\\/\\\/www.tenis-krka.org\\\/?p=2251#webpage\",\"url\":\"https:\\\/\\\/www.tenis-krka.org\\\/?p=2251\",\"name\":\"Bor in Dare na Winter cup Minsk U 16 fantje | Teni\\u0161ki klub Krka Oto\\u010dec\",\"description\":\"Lep pozdrav z Minska - Belorusija, kjer nastopa na\\u0161a reprezentanca fantov do 16 let, v postavi: Bor Schweiger Muzar, Filip Jakob Zupan\\u010di\\u010d,Nik Krape\\u017e in trener Dare Voglar. Po prvem dnevu priprav in privajanja na podlago nas jutri \\u010daka sre\\u010danje proti reprezentanci Italije v prvem krogu. Lp Dare\",\"inLanguage\":\"sl-SI\",\"isPartOf\":{\"@id\":\"https:\\\/\\\/www.tenis-krka.org\\\/#website\"},\"breadcrumb\":{\"@id\":\"https:\\\/\\\/www.tenis-krka.org\\\/?p=2251#breadcrumblist\"},\"author\":{\"@id\":\"https:\\\/\\\/www.tenis-krka.org\\\/?author=1#author\"},\"creator\":{\"@id\":\"https:\\\/\\\/www.tenis-krka.org\\\/?author=1#author\"},\"datePublished\":\"2013-02-01T09:53:23+02:00\",\"dateModified\":\"2019-05-27T15:16:17+02:00\"},{\"@type\":\"WebSite\",\"@id\":\"https:\\\/\\\/www.tenis-krka.org\\\/#website\",\"url\":\"https:\\\/\\\/www.tenis-krka.org\\\/\",\"name\":\"Teni\\u0161ki klub Krka Oto\\u010dec\",\"description\":\"Vse o klubu, novice, dogodki, rezultati in \\u0161e veliko ve\\u010d...\",\"inLanguage\":\"sl-SI\",\"publisher\":{\"@id\":\"https:\\\/\\\/www.tenis-krka.org\\\/#organization\"}}]}\n\t\t<\/script>\n\t\t<!-- All in One SEO -->\n\n","aioseo_head_json":{"title":"Bor in Dare na Winter cup Minsk U 16 fantje | Teni\u0161ki klub Krka Oto\u010dec","description":"Lep pozdrav z Minska - Belorusija, kjer nastopa na\u0161a reprezentanca fantov do 16 let, v postavi: Bor Schweiger Muzar, Filip Jakob Zupan\u010di\u010d,Nik Krape\u017e in trener Dare Voglar. Po prvem dnevu priprav in privajanja na podlago nas jutri \u010daka sre\u010danje proti reprezentanci Italije v prvem krogu. Lp Dare","canonical_url":"https:\/\/www.tenis-krka.org\/?p=2251","robots":"max-image-preview:large","keywords":"","webmasterTools":{"miscellaneous":""},"schema":{"@context":"https:\/\/schema.org","@graph":[{"@type":"Article","@id":"https:\/\/www.tenis-krka.org\/?p=2251#article","name":"Bor in Dare na Winter cup Minsk U 16 fantje | Teni\u0161ki klub Krka Oto\u010dec","headline":"Bor in Dare na Winter cup Minsk U 16 fantje","author":{"@id":"https:\/\/www.tenis-krka.org\/?author=1#author"},"publisher":{"@id":"https:\/\/www.tenis-krka.org\/#organization"},"image":{"@type":"ImageObject","url":"https:\/\/www.tenis-krka.org\/wp-content\/uploads\/2013\/02\/WC-U16-e1359705351174.jpg","@id":"https:\/\/www.tenis-krka.org\/?p=2251\/#articleImage","width":2162,"height":1003,"caption":"Dare, Nik, Filip in Bor"},"datePublished":"2013-02-01T09:53:23+02:00","dateModified":"2019-05-27T15:16:17+02:00","inLanguage":"sl-SI","mainEntityOfPage":{"@id":"https:\/\/www.tenis-krka.org\/?p=2251#webpage"},"isPartOf":{"@id":"https:\/\/www.tenis-krka.org\/?p=2251#webpage"},"articleSection":"Dogodki, Rezultati, Tekmovanja"},{"@type":"BreadcrumbList","@id":"https:\/\/www.tenis-krka.org\/?p=2251#breadcrumblist","itemListElement":[{"@type":"ListItem","@id":"https:\/\/www.tenis-krka.org#listItem","position":1,"name":"Domov","item":"https:\/\/www.tenis-krka.org","nextItem":{"@type":"ListItem","@id":"https:\/\/www.tenis-krka.org\/?cat=4#listItem","name":"Dogodki"}},{"@type":"ListItem","@id":"https:\/\/www.tenis-krka.org\/?cat=4#listItem","position":2,"name":"Dogodki","item":"https:\/\/www.tenis-krka.org\/?cat=4","nextItem":{"@type":"ListItem","@id":"https:\/\/www.tenis-krka.org\/?p=2251#listItem","name":"Bor in Dare na Winter cup Minsk U 16 fantje"},"previousItem":{"@type":"ListItem","@id":"https:\/\/www.tenis-krka.org#listItem","name":"Domov"}},{"@type":"ListItem","@id":"https:\/\/www.tenis-krka.org\/?p=2251#listItem","position":3,"name":"Bor in Dare na Winter cup Minsk U 16 fantje","previousItem":{"@type":"ListItem","@id":"https:\/\/www.tenis-krka.org\/?cat=4#listItem","name":"Dogodki"}}]},{"@type":"Organization","@id":"https:\/\/www.tenis-krka.org\/#organization","name":"Teni\u0161ki klub Krka Oto\u010dec","description":"Vse o klubu, novice, dogodki, rezultati in \u0161e veliko ve\u010d...","url":"https:\/\/www.tenis-krka.org\/"},{"@type":"Person","@id":"https:\/\/www.tenis-krka.org\/?author=1#author","url":"https:\/\/www.tenis-krka.org\/?author=1","name":"admin","image":{"@type":"ImageObject","@id":"https:\/\/www.tenis-krka.org\/?p=2251#authorImage","url":"https:\/\/secure.gravatar.com\/avatar\/9e60ad079c111140ec6df07f7c8d348b27680a6649653907523325cecd07935e?s=96&d=mm&r=g","width":96,"height":96,"caption":"admin"}},{"@type":"WebPage","@id":"https:\/\/www.tenis-krka.org\/?p=2251#webpage","url":"https:\/\/www.tenis-krka.org\/?p=2251","name":"Bor in Dare na Winter cup Minsk U 16 fantje | Teni\u0161ki klub Krka Oto\u010dec","description":"Lep pozdrav z Minska - Belorusija, kjer nastopa na\u0161a reprezentanca fantov do 16 let, v postavi: Bor Schweiger Muzar, Filip Jakob Zupan\u010di\u010d,Nik Krape\u017e in trener Dare Voglar. Po prvem dnevu priprav in privajanja na podlago nas jutri \u010daka sre\u010danje proti reprezentanci Italije v prvem krogu. Lp Dare","inLanguage":"sl-SI","isPartOf":{"@id":"https:\/\/www.tenis-krka.org\/#website"},"breadcrumb":{"@id":"https:\/\/www.tenis-krka.org\/?p=2251#breadcrumblist"},"author":{"@id":"https:\/\/www.tenis-krka.org\/?author=1#author"},"creator":{"@id":"https:\/\/www.tenis-krka.org\/?author=1#author"},"datePublished":"2013-02-01T09:53:23+02:00","dateModified":"2019-05-27T15:16:17+02:00"},{"@type":"WebSite","@id":"https:\/\/www.tenis-krka.org\/#website","url":"https:\/\/www.tenis-krka.org\/","name":"Teni\u0161ki klub Krka Oto\u010dec","description":"Vse o klubu, novice, dogodki, rezultati in \u0161e veliko ve\u010d...","inLanguage":"sl-SI","publisher":{"@id":"https:\/\/www.tenis-krka.org\/#organization"}}]},"og:locale":"sl_SI","og:site_name":"Teni\u0161ki klub Krka Oto\u010dec | Vse o klubu, novice, dogodki, rezultati in \u0161e veliko ve\u010d...","og:type":"article","og:title":"Bor in Dare na Winter cup Minsk U 16 fantje | Teni\u0161ki klub Krka Oto\u010dec","og:description":"Lep pozdrav z Minska - Belorusija, kjer nastopa na\u0161a reprezentanca fantov do 16 let, v postavi: Bor Schweiger Muzar, Filip Jakob Zupan\u010di\u010d,Nik Krape\u017e in trener Dare Voglar. Po prvem dnevu priprav in privajanja na podlago nas jutri \u010daka sre\u010danje proti reprezentanci Italije v prvem krogu. Lp Dare","og:url":"https:\/\/www.tenis-krka.org\/?p=2251","article:published_time":"2013-02-01T07:53:23+00:00","article:modified_time":"2019-05-27T13:16:17+00:00","twitter:card":"summary_large_image","twitter:title":"Bor in Dare na Winter cup Minsk U 16 fantje | Teni\u0161ki klub Krka Oto\u010dec","twitter:description":"Lep pozdrav z Minska - Belorusija, kjer nastopa na\u0161a reprezentanca fantov do 16 let, v postavi: Bor Schweiger Muzar, Filip Jakob Zupan\u010di\u010d,Nik Krape\u017e in trener Dare Voglar. Po prvem dnevu priprav in privajanja na podlago nas jutri \u010daka sre\u010danje proti reprezentanci Italije v prvem krogu. Lp Dare"},"aioseo_meta_data":{"post_id":"2251","title":null,"description":null,"keywords":null,"keyphrases":null,"primary_term":null,"canonical_url":null,"og_title":null,"og_description":null,"og_object_type":"default","og_image_type":"default","og_image_url":null,"og_image_width":null,"og_image_height":null,"og_image_custom_url":null,"og_image_custom_fields":null,"og_video":null,"og_custom_url":null,"og_article_section":null,"og_article_tags":null,"twitter_use_og":false,"twitter_card":"default","twitter_image_type":"default","twitter_image_url":null,"twitter_image_custom_url":null,"twitter_image_custom_fields":null,"twitter_title":null,"twitter_description":null,"schema":{"blockGraphs":[],"customGraphs":[],"default":{"data":{"Article":[],"Course":[],"Dataset":[],"FAQPage":[],"Movie":[],"Person":[],"Product":[],"ProductReview":[],"Car":[],"Recipe":[],"Service":[],"SoftwareApplication":[],"WebPage":[]},"graphName":"","isEnabled":true},"graphs":[]},"schema_type":"default","schema_type_options":null,"pillar_content":false,"robots_default":true,"robots_noindex":false,"robots_noarchive":false,"robots_nosnippet":false,"robots_nofollow":false,"robots_noimageindex":false,"robots_noodp":false,"robots_notranslate":false,"robots_max_snippet":null,"robots_max_videopreview":null,"robots_max_imagepreview":"large","priority":null,"frequency":null,"local_seo":null,"breadcrumb_settings":null,"limit_modified_date":false,"ai":null,"created":"2024-08-30 08:59:37","updated":"2025-10-22 03:37:18","seo_analyzer_scan_date":null},"aioseo_breadcrumb":"<div class=\"aioseo-breadcrumbs\"><span class=\"aioseo-breadcrumb\">\n\t\t\t<a href=\"https:\/\/www.tenis-krka.org\" title=\"Domov\">Domov<\/a>\n\t\t<\/span><span class=\"aioseo-breadcrumb-separator\">&raquo;<\/span><span class=\"aioseo-breadcrumb\">\n\t\t\t<a href=\"https:\/\/www.tenis-krka.org\/?cat=4\" title=\"Dogodki\">Dogodki<\/a>\n\t\t<\/span><span class=\"aioseo-breadcrumb-separator\">&raquo;<\/span><span class=\"aioseo-breadcrumb\">\n\t\t\tBor in Dare na Winter cup Minsk U 16 fantje\n\t\t<\/span><\/div>","aioseo_breadcrumb_json":[{"label":"Domov","link":"https:\/\/www.tenis-krka.org"},{"label":"Dogodki","link":"https:\/\/www.tenis-krka.org\/?cat=4"},{"label":"Bor in Dare na Winter cup Minsk U 16 fantje","link":"https:\/\/www.tenis-krka.org\/?p=2251"}],"_links":{"self":[{"href":"https:\/\/www.tenis-krka.org\/index.php?rest_route=\/wp\/v2\/posts\/2251","targetHints":{"allow":["GET"]}}],"collection":[{"href":"https:\/\/www.tenis-krka.org\/index.php?rest_route=\/wp\/v2\/posts"}],"about":[{"href":"https:\/\/www.tenis-krka.org\/index.php?rest_route=\/wp\/v2\/types\/post"}],"author":[{"embeddable":true,"href":"https:\/\/www.tenis-krka.org\/index.php?rest_route=\/wp\/v2\/users\/1"}],"replies":[{"embeddable":true,"href":"https:\/\/www.tenis-krka.org\/index.php?rest_route=%2Fwp%2Fv2%2Fcomments&post=2251"}],"version-history":[{"count":9,"href":"https:\/\/www.tenis-krka.org\/index.php?rest_route=\/wp\/v2\/posts\/2251\/revisions"}],"predecessor-version":[{"id":3614,"href":"https:\/\/www.tenis-krka.org\/index.php?rest_route=\/wp\/v2\/posts\/2251\/revisions\/3614"}],"wp:attachment":[{"href":"https:\/\/www.tenis-krka.org\/index.php?rest_route=%2Fwp%2Fv2%2Fmedia&parent=2251"}],"wp:term":[{"taxonomy":"category","embeddable":true,"href":"https:\/\/www.tenis-krka.org\/index.php?rest_route=%2Fwp%2Fv2%2Fcategories&post=2251"},{"taxonomy":"post_tag","embeddable":true,"href":"https:\/\/www.tenis-krka.org\/index.php?rest_route=%2Fwp%2Fv2%2Ftags&post=2251"}],"curies":[{"name":"wp","href":"https:\/\/api.w.org\/{rel}","templated":true}]}}