{"id":1344,"date":"2011-02-14T20:27:08","date_gmt":"2011-02-14T18:27:08","guid":{"rendered":"http:\/\/www.tenis-krka.org\/?p=1344"},"modified":"2019-05-27T15:16:37","modified_gmt":"2019-05-27T13:16:37","slug":"dp-clanice-otocec-16-20-2-2011","status":"publish","type":"post","link":"https:\/\/www.tenis-krka.org\/?p=1344","title":{"rendered":"DP \u010cLANI\/CE (Oto\u010dec, 16.-20.2.2011)"},"content":{"rendered":"<p>Na Oto\u010dcu se je zaklju\u010dilo dr\u017eavno prvenstvo v tenisu za \u010dlane in \u010dlanice!<\/p>\n<p style=\"text-align: center;\"><strong>DA\u0160A ORLI\u010c &#8211;\u00a0 TK KRKA OTO\u010cEC MED 8. NAJBOLJ\u0160IMI V SLOVENIJI!<\/strong><\/p>\n<p style=\"text-align: center;\"><strong>\u010cESTITAMO!<br \/>\n<\/strong><\/p>\n<p style=\"text-align: center;\"><strong>Tomislav Ternar in Tja\u0161a \u0160rimpf, \u010dlanska dvoranska dr\u017eavna prvaka.<\/strong><\/p>\n<p>Oba lesto\u0161nja naslova dr\u017eavnih \u010dlanskih prvakov v posdami\u010dni konkurenci sta  od\u0161la v Maribor. Pri \u010dlanih je naslov dvoranskega prvaka osvojil Tomislav TERNAR  (Br-Mb), ki je v finalu premagal Marka SABOL\u010cKEGA (La\u0161ko) 75 64. Pri \u010dlanicah je  slavila Tja\u0161a \u0160RIMPF (\u017dtkMb), ki je bila v finalu bolj\u0161a od klubske kolegice  Aleksandre LUKI\u010c 76(3) 61&#8230; Ve\u010d preberi na:\u00a0<a href=\"http:\/\/www.teniska-zveza.si\/tekmovanja\/2011\/clani\/\"> http:\/\/www.teniska-zveza.si\/tekmovanja\/2011\/clani\/<\/a><\/p>\n<p>Na dr\u017eavnem \u010dlanskem prvenstvu, ki se je pri\u010delo v sredo 16.2 smo imeli v igri, kar nekaj doma\u010dih igralcev, Marko Novak, \u017diga Pape\u017e, Bla\u017e Redling, Gregor Strasbergar in Mare Ku\u0161er, a so morali priznati premo\u010d svojim nasprotnikom, tako da so v kategoriji single v 1.krogu vsi izpadli. Izkazala se je Da\u0161a Orli\u010d, ki je v 1. Krogu glavnega turnirja z odli\u010dno igro premagala kvalifikantko Perhavec Emo in se uvrstila v 2. Krog\u00a0 tekmovanja in premagala Tajdo Bestijani\u010d in se uvrstila med 8 najbolj\u0161ih v Sloveniji. V \u010detrtfinalnem dvoboju z Aleksandro Luki\u0107 je zgubila v tretjem setu z rezultatom 61 36 60. \u010cestitamo Da\u0161i za odli\u010den rezultat!<\/p>\n<p>\u010cestitamo vsem tekmovalcem!<\/p>\n","protected":false},"excerpt":{"rendered":"<p>Na Oto\u010dcu se je zaklju\u010dilo dr\u017eavno prvenstvo v tenisu za \u010dlane in \u010dlanice! DA\u0160A ORLI\u010c &#8211;\u00a0 TK KRKA OTO\u010cEC MED 8. NAJBOLJ\u0160IMI V SLOVENIJI! \u010cESTITAMO! Tomislav Ternar in Tja\u0161a \u0160rimpf, \u010dlanska dvoranska dr\u017eavna prvaka. Oba lesto\u0161nja naslova dr\u017eavnih \u010dlanskih prvakov v posdami\u010dni konkurenci sta od\u0161la v Maribor. Pri \u010dlanih je naslov dvoranskega prvaka osvojil Tomislav [&hellip;]<\/p>\n","protected":false},"author":1,"featured_media":0,"comment_status":"closed","ping_status":"open","sticky":false,"template":"","format":"standard","meta":{"ngg_post_thumbnail":0,"footnotes":""},"categories":[4,28,20,6,5],"tags":[],"class_list":["post-1344","post","type-post","status-publish","format-standard","hentry","category-dog","category-napovednik","category-turnirji","category-rezult","category-tekm"],"aioseo_notices":[],"aioseo_head":"\n\t\t<!-- All in One SEO 4.9.10 - aioseo.com -->\n\t<meta name=\"description\" content=\"Na Oto\u010dcu se je zaklju\u010dilo dr\u017eavno prvenstvo v tenisu za \u010dlane in \u010dlanice! DA\u0160A ORLI\u010c - TK KRKA OTO\u010cEC MED 8. NAJBOLJ\u0160IMI V SLOVENIJI! \u010cESTITAMO! Tomislav Ternar in Tja\u0161a \u0160rimpf, \u010dlanska dvoranska dr\u017eavna prvaka. Oba lesto\u0161nja naslova dr\u017eavnih \u010dlanskih prvakov v posdami\u010dni konkurenci sta od\u0161la v Maribor. Pri \u010dlanih je naslov dvoranskega prvaka osvojil Tomislav\" \/>\n\t<meta name=\"robots\" content=\"max-image-preview:large\" \/>\n\t<meta name=\"author\" content=\"admin\"\/>\n\t<link rel=\"canonical\" href=\"https:\/\/www.tenis-krka.org\/?p=1344\" \/>\n\t<meta name=\"generator\" content=\"All in One SEO (AIOSEO) 4.9.10\" \/>\n\t\t<meta property=\"og:locale\" content=\"sl_SI\" \/>\n\t\t<meta property=\"og:site_name\" content=\"Teni\u0161ki klub Krka Oto\u010dec | Vse o klubu, novice, dogodki, rezultati in \u0161e veliko ve\u010d...\" \/>\n\t\t<meta property=\"og:type\" content=\"article\" \/>\n\t\t<meta property=\"og:title\" content=\"DP \u010cLANI\/CE (Oto\u010dec, 16.-20.2.2011) | Teni\u0161ki klub Krka Oto\u010dec\" \/>\n\t\t<meta property=\"og:description\" content=\"Na Oto\u010dcu se je zaklju\u010dilo dr\u017eavno prvenstvo v tenisu za \u010dlane in \u010dlanice! DA\u0160A ORLI\u010c - TK KRKA OTO\u010cEC MED 8. NAJBOLJ\u0160IMI V SLOVENIJI! \u010cESTITAMO! Tomislav Ternar in Tja\u0161a \u0160rimpf, \u010dlanska dvoranska dr\u017eavna prvaka. Oba lesto\u0161nja naslova dr\u017eavnih \u010dlanskih prvakov v posdami\u010dni konkurenci sta od\u0161la v Maribor. Pri \u010dlanih je naslov dvoranskega prvaka osvojil Tomislav\" \/>\n\t\t<meta property=\"og:url\" content=\"https:\/\/www.tenis-krka.org\/?p=1344\" \/>\n\t\t<meta property=\"article:published_time\" content=\"2011-02-14T18:27:08+00:00\" \/>\n\t\t<meta property=\"article:modified_time\" content=\"2019-05-27T13:16:37+00:00\" \/>\n\t\t<meta name=\"twitter:card\" content=\"summary_large_image\" \/>\n\t\t<meta name=\"twitter:title\" content=\"DP \u010cLANI\/CE (Oto\u010dec, 16.-20.2.2011) | Teni\u0161ki klub Krka Oto\u010dec\" \/>\n\t\t<meta name=\"twitter:description\" content=\"Na Oto\u010dcu se je zaklju\u010dilo dr\u017eavno prvenstvo v tenisu za \u010dlane in \u010dlanice! DA\u0160A ORLI\u010c - TK KRKA OTO\u010cEC MED 8. NAJBOLJ\u0160IMI V SLOVENIJI! \u010cESTITAMO! Tomislav Ternar in Tja\u0161a \u0160rimpf, \u010dlanska dvoranska dr\u017eavna prvaka. Oba lesto\u0161nja naslova dr\u017eavnih \u010dlanskih prvakov v posdami\u010dni konkurenci sta od\u0161la v Maribor. Pri \u010dlanih je naslov dvoranskega prvaka osvojil Tomislav\" \/>\n\t\t<script type=\"application\/ld+json\" class=\"aioseo-schema\">\n\t\t\t{\"@context\":\"https:\\\/\\\/schema.org\",\"@graph\":[{\"@type\":\"Article\",\"@id\":\"https:\\\/\\\/www.tenis-krka.org\\\/?p=1344#article\",\"name\":\"DP \\u010cLANI\\\/CE (Oto\\u010dec, 16.-20.2.2011) | Teni\\u0161ki klub Krka Oto\\u010dec\",\"headline\":\"DP \\u010cLANI\\\/CE (Oto\\u010dec, 16.-20.2.2011)\",\"author\":{\"@id\":\"https:\\\/\\\/www.tenis-krka.org\\\/?author=1#author\"},\"publisher\":{\"@id\":\"https:\\\/\\\/www.tenis-krka.org\\\/#organization\"},\"datePublished\":\"2011-02-14T20:27:08+02:00\",\"dateModified\":\"2019-05-27T15:16:37+02:00\",\"inLanguage\":\"sl-SI\",\"mainEntityOfPage\":{\"@id\":\"https:\\\/\\\/www.tenis-krka.org\\\/?p=1344#webpage\"},\"isPartOf\":{\"@id\":\"https:\\\/\\\/www.tenis-krka.org\\\/?p=1344#webpage\"},\"articleSection\":\"Dogodki, Napovednik, Organizacija turnirjev, Rezultati, Tekmovanja\"},{\"@type\":\"BreadcrumbList\",\"@id\":\"https:\\\/\\\/www.tenis-krka.org\\\/?p=1344#breadcrumblist\",\"itemListElement\":[{\"@type\":\"ListItem\",\"@id\":\"https:\\\/\\\/www.tenis-krka.org#listItem\",\"position\":1,\"name\":\"Domov\",\"item\":\"https:\\\/\\\/www.tenis-krka.org\",\"nextItem\":{\"@type\":\"ListItem\",\"@id\":\"https:\\\/\\\/www.tenis-krka.org\\\/?cat=4#listItem\",\"name\":\"Dogodki\"}},{\"@type\":\"ListItem\",\"@id\":\"https:\\\/\\\/www.tenis-krka.org\\\/?cat=4#listItem\",\"position\":2,\"name\":\"Dogodki\",\"item\":\"https:\\\/\\\/www.tenis-krka.org\\\/?cat=4\",\"nextItem\":{\"@type\":\"ListItem\",\"@id\":\"https:\\\/\\\/www.tenis-krka.org\\\/?p=1344#listItem\",\"name\":\"DP \\u010cLANI\\\/CE (Oto\\u010dec, 16.-20.2.2011)\"},\"previousItem\":{\"@type\":\"ListItem\",\"@id\":\"https:\\\/\\\/www.tenis-krka.org#listItem\",\"name\":\"Domov\"}},{\"@type\":\"ListItem\",\"@id\":\"https:\\\/\\\/www.tenis-krka.org\\\/?p=1344#listItem\",\"position\":3,\"name\":\"DP \\u010cLANI\\\/CE (Oto\\u010dec, 16.-20.2.2011)\",\"previousItem\":{\"@type\":\"ListItem\",\"@id\":\"https:\\\/\\\/www.tenis-krka.org\\\/?cat=4#listItem\",\"name\":\"Dogodki\"}}]},{\"@type\":\"Organization\",\"@id\":\"https:\\\/\\\/www.tenis-krka.org\\\/#organization\",\"name\":\"Teni\\u0161ki klub Krka Oto\\u010dec\",\"description\":\"Vse o klubu, novice, dogodki, rezultati in \\u0161e veliko ve\\u010d...\",\"url\":\"https:\\\/\\\/www.tenis-krka.org\\\/\"},{\"@type\":\"Person\",\"@id\":\"https:\\\/\\\/www.tenis-krka.org\\\/?author=1#author\",\"url\":\"https:\\\/\\\/www.tenis-krka.org\\\/?author=1\",\"name\":\"admin\",\"image\":{\"@type\":\"ImageObject\",\"@id\":\"https:\\\/\\\/www.tenis-krka.org\\\/?p=1344#authorImage\",\"url\":\"https:\\\/\\\/secure.gravatar.com\\\/avatar\\\/9e60ad079c111140ec6df07f7c8d348b27680a6649653907523325cecd07935e?s=96&d=mm&r=g\",\"width\":96,\"height\":96,\"caption\":\"admin\"}},{\"@type\":\"WebPage\",\"@id\":\"https:\\\/\\\/www.tenis-krka.org\\\/?p=1344#webpage\",\"url\":\"https:\\\/\\\/www.tenis-krka.org\\\/?p=1344\",\"name\":\"DP \\u010cLANI\\\/CE (Oto\\u010dec, 16.-20.2.2011) | Teni\\u0161ki klub Krka Oto\\u010dec\",\"description\":\"Na Oto\\u010dcu se je zaklju\\u010dilo dr\\u017eavno prvenstvo v tenisu za \\u010dlane in \\u010dlanice! DA\\u0160A ORLI\\u010c - TK KRKA OTO\\u010cEC MED 8. NAJBOLJ\\u0160IMI V SLOVENIJI! \\u010cESTITAMO! Tomislav Ternar in Tja\\u0161a \\u0160rimpf, \\u010dlanska dvoranska dr\\u017eavna prvaka. Oba lesto\\u0161nja naslova dr\\u017eavnih \\u010dlanskih prvakov v posdami\\u010dni konkurenci sta od\\u0161la v Maribor. Pri \\u010dlanih je naslov dvoranskega prvaka osvojil Tomislav\",\"inLanguage\":\"sl-SI\",\"isPartOf\":{\"@id\":\"https:\\\/\\\/www.tenis-krka.org\\\/#website\"},\"breadcrumb\":{\"@id\":\"https:\\\/\\\/www.tenis-krka.org\\\/?p=1344#breadcrumblist\"},\"author\":{\"@id\":\"https:\\\/\\\/www.tenis-krka.org\\\/?author=1#author\"},\"creator\":{\"@id\":\"https:\\\/\\\/www.tenis-krka.org\\\/?author=1#author\"},\"datePublished\":\"2011-02-14T20:27:08+02:00\",\"dateModified\":\"2019-05-27T15:16:37+02:00\"},{\"@type\":\"WebSite\",\"@id\":\"https:\\\/\\\/www.tenis-krka.org\\\/#website\",\"url\":\"https:\\\/\\\/www.tenis-krka.org\\\/\",\"name\":\"Teni\\u0161ki klub Krka Oto\\u010dec\",\"description\":\"Vse o klubu, novice, dogodki, rezultati in \\u0161e veliko ve\\u010d...\",\"inLanguage\":\"sl-SI\",\"publisher\":{\"@id\":\"https:\\\/\\\/www.tenis-krka.org\\\/#organization\"}}]}\n\t\t<\/script>\n\t\t<!-- All in One SEO -->\n\n","aioseo_head_json":{"title":"DP \u010cLANI\/CE (Oto\u010dec, 16.-20.2.2011) | Teni\u0161ki klub Krka Oto\u010dec","description":"Na Oto\u010dcu se je zaklju\u010dilo dr\u017eavno prvenstvo v tenisu za \u010dlane in \u010dlanice! DA\u0160A ORLI\u010c - TK KRKA OTO\u010cEC MED 8. NAJBOLJ\u0160IMI V SLOVENIJI! \u010cESTITAMO! Tomislav Ternar in Tja\u0161a \u0160rimpf, \u010dlanska dvoranska dr\u017eavna prvaka. Oba lesto\u0161nja naslova dr\u017eavnih \u010dlanskih prvakov v posdami\u010dni konkurenci sta od\u0161la v Maribor. Pri \u010dlanih je naslov dvoranskega prvaka osvojil Tomislav","canonical_url":"https:\/\/www.tenis-krka.org\/?p=1344","robots":"max-image-preview:large","keywords":"","webmasterTools":{"miscellaneous":""},"schema":{"@context":"https:\/\/schema.org","@graph":[{"@type":"Article","@id":"https:\/\/www.tenis-krka.org\/?p=1344#article","name":"DP \u010cLANI\/CE (Oto\u010dec, 16.-20.2.2011) | Teni\u0161ki klub Krka Oto\u010dec","headline":"DP \u010cLANI\/CE (Oto\u010dec, 16.-20.2.2011)","author":{"@id":"https:\/\/www.tenis-krka.org\/?author=1#author"},"publisher":{"@id":"https:\/\/www.tenis-krka.org\/#organization"},"datePublished":"2011-02-14T20:27:08+02:00","dateModified":"2019-05-27T15:16:37+02:00","inLanguage":"sl-SI","mainEntityOfPage":{"@id":"https:\/\/www.tenis-krka.org\/?p=1344#webpage"},"isPartOf":{"@id":"https:\/\/www.tenis-krka.org\/?p=1344#webpage"},"articleSection":"Dogodki, Napovednik, Organizacija turnirjev, Rezultati, Tekmovanja"},{"@type":"BreadcrumbList","@id":"https:\/\/www.tenis-krka.org\/?p=1344#breadcrumblist","itemListElement":[{"@type":"ListItem","@id":"https:\/\/www.tenis-krka.org#listItem","position":1,"name":"Domov","item":"https:\/\/www.tenis-krka.org","nextItem":{"@type":"ListItem","@id":"https:\/\/www.tenis-krka.org\/?cat=4#listItem","name":"Dogodki"}},{"@type":"ListItem","@id":"https:\/\/www.tenis-krka.org\/?cat=4#listItem","position":2,"name":"Dogodki","item":"https:\/\/www.tenis-krka.org\/?cat=4","nextItem":{"@type":"ListItem","@id":"https:\/\/www.tenis-krka.org\/?p=1344#listItem","name":"DP \u010cLANI\/CE (Oto\u010dec, 16.-20.2.2011)"},"previousItem":{"@type":"ListItem","@id":"https:\/\/www.tenis-krka.org#listItem","name":"Domov"}},{"@type":"ListItem","@id":"https:\/\/www.tenis-krka.org\/?p=1344#listItem","position":3,"name":"DP \u010cLANI\/CE (Oto\u010dec, 16.-20.2.2011)","previousItem":{"@type":"ListItem","@id":"https:\/\/www.tenis-krka.org\/?cat=4#listItem","name":"Dogodki"}}]},{"@type":"Organization","@id":"https:\/\/www.tenis-krka.org\/#organization","name":"Teni\u0161ki klub Krka Oto\u010dec","description":"Vse o klubu, novice, dogodki, rezultati in \u0161e veliko ve\u010d...","url":"https:\/\/www.tenis-krka.org\/"},{"@type":"Person","@id":"https:\/\/www.tenis-krka.org\/?author=1#author","url":"https:\/\/www.tenis-krka.org\/?author=1","name":"admin","image":{"@type":"ImageObject","@id":"https:\/\/www.tenis-krka.org\/?p=1344#authorImage","url":"https:\/\/secure.gravatar.com\/avatar\/9e60ad079c111140ec6df07f7c8d348b27680a6649653907523325cecd07935e?s=96&d=mm&r=g","width":96,"height":96,"caption":"admin"}},{"@type":"WebPage","@id":"https:\/\/www.tenis-krka.org\/?p=1344#webpage","url":"https:\/\/www.tenis-krka.org\/?p=1344","name":"DP \u010cLANI\/CE (Oto\u010dec, 16.-20.2.2011) | Teni\u0161ki klub Krka Oto\u010dec","description":"Na Oto\u010dcu se je zaklju\u010dilo dr\u017eavno prvenstvo v tenisu za \u010dlane in \u010dlanice! DA\u0160A ORLI\u010c - TK KRKA OTO\u010cEC MED 8. NAJBOLJ\u0160IMI V SLOVENIJI! \u010cESTITAMO! Tomislav Ternar in Tja\u0161a \u0160rimpf, \u010dlanska dvoranska dr\u017eavna prvaka. Oba lesto\u0161nja naslova dr\u017eavnih \u010dlanskih prvakov v posdami\u010dni konkurenci sta od\u0161la v Maribor. Pri \u010dlanih je naslov dvoranskega prvaka osvojil Tomislav","inLanguage":"sl-SI","isPartOf":{"@id":"https:\/\/www.tenis-krka.org\/#website"},"breadcrumb":{"@id":"https:\/\/www.tenis-krka.org\/?p=1344#breadcrumblist"},"author":{"@id":"https:\/\/www.tenis-krka.org\/?author=1#author"},"creator":{"@id":"https:\/\/www.tenis-krka.org\/?author=1#author"},"datePublished":"2011-02-14T20:27:08+02:00","dateModified":"2019-05-27T15:16:37+02:00"},{"@type":"WebSite","@id":"https:\/\/www.tenis-krka.org\/#website","url":"https:\/\/www.tenis-krka.org\/","name":"Teni\u0161ki klub Krka Oto\u010dec","description":"Vse o klubu, novice, dogodki, rezultati in \u0161e veliko ve\u010d...","inLanguage":"sl-SI","publisher":{"@id":"https:\/\/www.tenis-krka.org\/#organization"}}]},"og:locale":"sl_SI","og:site_name":"Teni\u0161ki klub Krka Oto\u010dec | Vse o klubu, novice, dogodki, rezultati in \u0161e veliko ve\u010d...","og:type":"article","og:title":"DP \u010cLANI\/CE (Oto\u010dec, 16.-20.2.2011) | Teni\u0161ki klub Krka Oto\u010dec","og:description":"Na Oto\u010dcu se je zaklju\u010dilo dr\u017eavno prvenstvo v tenisu za \u010dlane in \u010dlanice! DA\u0160A ORLI\u010c - TK KRKA OTO\u010cEC MED 8. NAJBOLJ\u0160IMI V SLOVENIJI! \u010cESTITAMO! Tomislav Ternar in Tja\u0161a \u0160rimpf, \u010dlanska dvoranska dr\u017eavna prvaka. Oba lesto\u0161nja naslova dr\u017eavnih \u010dlanskih prvakov v posdami\u010dni konkurenci sta od\u0161la v Maribor. Pri \u010dlanih je naslov dvoranskega prvaka osvojil Tomislav","og:url":"https:\/\/www.tenis-krka.org\/?p=1344","article:published_time":"2011-02-14T18:27:08+00:00","article:modified_time":"2019-05-27T13:16:37+00:00","twitter:card":"summary_large_image","twitter:title":"DP \u010cLANI\/CE (Oto\u010dec, 16.-20.2.2011) | Teni\u0161ki klub Krka Oto\u010dec","twitter:description":"Na Oto\u010dcu se je zaklju\u010dilo dr\u017eavno prvenstvo v tenisu za \u010dlane in \u010dlanice! DA\u0160A ORLI\u010c - TK KRKA OTO\u010cEC MED 8. NAJBOLJ\u0160IMI V SLOVENIJI! \u010cESTITAMO! Tomislav Ternar in Tja\u0161a \u0160rimpf, \u010dlanska dvoranska dr\u017eavna prvaka. Oba lesto\u0161nja naslova dr\u017eavnih \u010dlanskih prvakov v posdami\u010dni konkurenci sta od\u0161la v Maribor. Pri \u010dlanih je naslov dvoranskega prvaka osvojil Tomislav"},"aioseo_meta_data":{"post_id":"1344","title":null,"description":null,"keywords":null,"keyphrases":null,"primary_term":null,"canonical_url":null,"og_title":null,"og_description":null,"og_object_type":"default","og_image_type":"default","og_image_url":null,"og_image_width":null,"og_image_height":null,"og_image_custom_url":null,"og_image_custom_fields":null,"og_video":null,"og_custom_url":null,"og_article_section":null,"og_article_tags":null,"twitter_use_og":false,"twitter_card":"default","twitter_image_type":"default","twitter_image_url":null,"twitter_image_custom_url":null,"twitter_image_custom_fields":null,"twitter_title":null,"twitter_description":null,"schema":{"blockGraphs":[],"customGraphs":[],"default":{"data":{"Article":[],"Course":[],"Dataset":[],"FAQPage":[],"Movie":[],"Person":[],"Product":[],"ProductReview":[],"Car":[],"Recipe":[],"Service":[],"SoftwareApplication":[],"WebPage":[]},"graphName":"","isEnabled":true},"graphs":[]},"schema_type":"default","schema_type_options":null,"pillar_content":false,"robots_default":true,"robots_noindex":false,"robots_noarchive":false,"robots_nosnippet":false,"robots_nofollow":false,"robots_noimageindex":false,"robots_noodp":false,"robots_notranslate":false,"robots_max_snippet":null,"robots_max_videopreview":null,"robots_max_imagepreview":"large","priority":null,"frequency":null,"local_seo":null,"breadcrumb_settings":null,"limit_modified_date":false,"ai":null,"created":"2024-08-30 09:09:42","updated":"2025-10-22 00:53:13","seo_analyzer_scan_date":null},"aioseo_breadcrumb":"<div class=\"aioseo-breadcrumbs\"><span class=\"aioseo-breadcrumb\">\n\t\t\t<a href=\"https:\/\/www.tenis-krka.org\" title=\"Domov\">Domov<\/a>\n\t\t<\/span><span class=\"aioseo-breadcrumb-separator\">&raquo;<\/span><span class=\"aioseo-breadcrumb\">\n\t\t\t<a href=\"https:\/\/www.tenis-krka.org\/?cat=4\" title=\"Dogodki\">Dogodki<\/a>\n\t\t<\/span><span class=\"aioseo-breadcrumb-separator\">&raquo;<\/span><span class=\"aioseo-breadcrumb\">\n\t\t\tDP \u010cLANI\/CE (Oto\u010dec, 16.-20.2.2011)\n\t\t<\/span><\/div>","aioseo_breadcrumb_json":[{"label":"Domov","link":"https:\/\/www.tenis-krka.org"},{"label":"Dogodki","link":"https:\/\/www.tenis-krka.org\/?cat=4"},{"label":"DP \u010cLANI\/CE (Oto\u010dec, 16.-20.2.2011)","link":"https:\/\/www.tenis-krka.org\/?p=1344"}],"_links":{"self":[{"href":"https:\/\/www.tenis-krka.org\/index.php?rest_route=\/wp\/v2\/posts\/1344","targetHints":{"allow":["GET"]}}],"collection":[{"href":"https:\/\/www.tenis-krka.org\/index.php?rest_route=\/wp\/v2\/posts"}],"about":[{"href":"https:\/\/www.tenis-krka.org\/index.php?rest_route=\/wp\/v2\/types\/post"}],"author":[{"embeddable":true,"href":"https:\/\/www.tenis-krka.org\/index.php?rest_route=\/wp\/v2\/users\/1"}],"replies":[{"embeddable":true,"href":"https:\/\/www.tenis-krka.org\/index.php?rest_route=%2Fwp%2Fv2%2Fcomments&post=1344"}],"version-history":[{"count":6,"href":"https:\/\/www.tenis-krka.org\/index.php?rest_route=\/wp\/v2\/posts\/1344\/revisions"}],"predecessor-version":[{"id":1348,"href":"https:\/\/www.tenis-krka.org\/index.php?rest_route=\/wp\/v2\/posts\/1344\/revisions\/1348"}],"wp:attachment":[{"href":"https:\/\/www.tenis-krka.org\/index.php?rest_route=%2Fwp%2Fv2%2Fmedia&parent=1344"}],"wp:term":[{"taxonomy":"category","embeddable":true,"href":"https:\/\/www.tenis-krka.org\/index.php?rest_route=%2Fwp%2Fv2%2Fcategories&post=1344"},{"taxonomy":"post_tag","embeddable":true,"href":"https:\/\/www.tenis-krka.org\/index.php?rest_route=%2Fwp%2Fv2%2Ftags&post=1344"}],"curies":[{"name":"wp","href":"https:\/\/api.w.org\/{rel}","templated":true}]}}