{"id":951,"date":"2010-07-21T22:44:23","date_gmt":"2010-07-21T20:44:23","guid":{"rendered":"http:\/\/www.tenis-krka.org\/?p=951"},"modified":"2019-05-27T15:16:53","modified_gmt":"2019-05-27T13:16:53","slug":"mednarodno-prvenstvo-v-tenisu-do-12-let-otocec5-11-7-2010","status":"publish","type":"post","link":"http:\/\/www.tenis-krka.org\/?p=951","title":{"rendered":"KRKA SUN MIX do 12 let (Oto\u010dec \/ 5.-11-7.2010)"},"content":{"rendered":"<p><img decoding=\"async\" src=\"file:\/\/\/C:\/DOCUME%7E1\/gazvodab\/LOCALS%7E1\/Temp\/moz-screenshot-1.png\" alt=\"\" \/>Na Oto\u010dcu imamo \u017ee kon\u010dane prve finalne dvoboje na mednarodnem teni\u0161kem \u00a0prvenstvu do 12 let na katerem je nastopalo rekordno \u0161tevilo tekmovalcev in tekmovalk \/ 130 otrok \/ iz 24 dr\u017eav sveta. Poleg evropskih nacionalnih ekip so na tekmovanju sodelovale reprezentanci Kanade\u00a0 in Tur\u010dije.<\/p>\n<p>Po 6 dneh tekmovanj in dolgih tekem od jutra do ve\u010dera smo dobili najbolj vztrajne, najbolj\u0161e. Najve\u010d talenta in znanja\u00a0 so pokazali:<\/p>\n<p><strong>Pri deklicah posamezno:Stollar Fanny iz Mad\u017earske, ki je v finalu premagala klubsko tekmico Galfi Dalmo z rezultatom 5\/7,6\/4 6\/1<\/strong><\/p>\n<p><strong> <\/strong><\/p>\n<p><strong>Pri fantih posamezno je zmagovalec prepri\u010dljivoValkusz Mate iz Mad\u017earske, ki je premagal v finaluGalarneau Alexisa iz Kanade. Rezultat je bil 6\/2 6\/2 v korist Mad\u017eara.<\/strong><\/p>\n<p><strong>Tudi doma\u010d klub TK KRKA OTO\u010cEC je lahko ponosen na svoj podmladek, presenetil in najbolj\u0161i mednarodni \u00a0rezultat so \u00a0naredili: Evgenija Burger z uvrstitvijo v 16 najbolj\u0161ih, Nika Zupan\u010di\u010d z uvrstitvijo med 32 najbolj\u0161ih in \u00a0Nik Hribar, Vanda Berus in \u0160pela Turk z uvrstitvijo v glavni turnir iz kvalifikacij.<\/strong><\/p>\n<p><strong><!--more--><a href=\"http:\/\/www.tenis-krka.org\/wp-content\/uploads\/2010\/07\/REZULTATI-Draws-TE-12-KRKA-SUN-MIX-CUP-2010-konec1.xls\">REZULTATI Draws TE 12 KRKA SUN MIX CUP 2010 -konec<\/a><br \/>\n<\/strong><\/p>\n<p>Gledalci in obiskovalci turnirja so z organizacijo na Oto\u010dcu zelo zadovoljni, zato se nacionalne ekipe tradicionalno vra\u010dajo vsako leto na turnir. Tekmovanja so potekale brez napak v odli\u010dnih pogojih, ki jih nudijo Terme Krka.<\/p>\n<p><a href=\"..\/wp-content\/uploads\/2010\/07\/eta12-0021.jpg\"><img loading=\"lazy\" decoding=\"async\" title=\"eta12 002\" src=\"..\/wp-content\/uploads\/2010\/07\/eta12-0021-300x225.jpg\" alt=\"\" width=\"300\" height=\"225\" \/><\/a><a href=\"..\/wp-content\/uploads\/2010\/07\/eta12-0041.jpg\"><img loading=\"lazy\" decoding=\"async\" title=\"eta12 004\" src=\"..\/wp-content\/uploads\/2010\/07\/eta12-0041-300x225.jpg\" alt=\"\" width=\"300\" height=\"225\" \/><\/a><\/p>\n","protected":false},"excerpt":{"rendered":"<p>Na Oto\u010dcu imamo \u017ee kon\u010dane prve finalne dvoboje na mednarodnem teni\u0161kem \u00a0prvenstvu do 12 let na katerem je nastopalo rekordno \u0161tevilo tekmovalcev in tekmovalk \/ 130 otrok \/ iz 24 dr\u017eav sveta. Poleg evropskih nacionalnih ekip so na tekmovanju sodelovale reprezentanci Kanade\u00a0 in Tur\u010dije. Po 6 dneh tekmovanj in dolgih tekem od jutra do ve\u010dera [&hellip;]<\/p>\n","protected":false},"author":1,"featured_media":0,"comment_status":"closed","ping_status":"closed","sticky":false,"template":"","format":"standard","meta":{"ngg_post_thumbnail":0,"footnotes":""},"categories":[4,20,5],"tags":[],"class_list":["post-951","post","type-post","status-publish","format-standard","hentry","category-dog","category-turnirji","category-tekm"],"aioseo_notices":[],"_links":{"self":[{"href":"http:\/\/www.tenis-krka.org\/index.php?rest_route=\/wp\/v2\/posts\/951","targetHints":{"allow":["GET"]}}],"collection":[{"href":"http:\/\/www.tenis-krka.org\/index.php?rest_route=\/wp\/v2\/posts"}],"about":[{"href":"http:\/\/www.tenis-krka.org\/index.php?rest_route=\/wp\/v2\/types\/post"}],"author":[{"embeddable":true,"href":"http:\/\/www.tenis-krka.org\/index.php?rest_route=\/wp\/v2\/users\/1"}],"replies":[{"embeddable":true,"href":"http:\/\/www.tenis-krka.org\/index.php?rest_route=%2Fwp%2Fv2%2Fcomments&post=951"}],"version-history":[{"count":10,"href":"http:\/\/www.tenis-krka.org\/index.php?rest_route=\/wp\/v2\/posts\/951\/revisions"}],"predecessor-version":[{"id":4934,"href":"http:\/\/www.tenis-krka.org\/index.php?rest_route=\/wp\/v2\/posts\/951\/revisions\/4934"}],"wp:attachment":[{"href":"http:\/\/www.tenis-krka.org\/index.php?rest_route=%2Fwp%2Fv2%2Fmedia&parent=951"}],"wp:term":[{"taxonomy":"category","embeddable":true,"href":"http:\/\/www.tenis-krka.org\/index.php?rest_route=%2Fwp%2Fv2%2Fcategories&post=951"},{"taxonomy":"post_tag","embeddable":true,"href":"http:\/\/www.tenis-krka.org\/index.php?rest_route=%2Fwp%2Fv2%2Ftags&post=951"}],"curies":[{"name":"wp","href":"https:\/\/api.w.org\/{rel}","templated":true}]}}