{"id":927,"date":"2010-07-21T23:00:51","date_gmt":"2010-07-21T21:00:51","guid":{"rendered":"http:\/\/www.tenis-krka.org\/?p=927"},"modified":"2019-05-27T15:16:53","modified_gmt":"2019-05-27T13:16:53","slug":"davis-cup-ii-evroafriska-skupina-otocec09-11-07-2010","status":"publish","type":"post","link":"http:\/\/www.tenis-krka.org\/?p=927","title":{"rendered":"DAVIS CUP II. evroafri\u0161ka  skupina (Oto\u010dec \/ 09. \u2013 11.07.2010)"},"content":{"rendered":"<p style=\"text-align: center;\"><span style=\"font-size: medium;\"><strong> <a href=\"http:\/\/www.tenis-krka.org\/wp-content\/uploads\/2010\/06\/Dimitrov.jpeg\"><img loading=\"lazy\" decoding=\"async\" class=\"alignnone size-full wp-image-941\" title=\"Dimitrov\" src=\"http:\/\/www.tenis-krka.org\/wp-content\/uploads\/2010\/06\/Dimitrov.jpeg\" alt=\"\" width=\"208\" height=\"166\" \/><\/a><a href=\"http:\/\/www.tenis-krka.org\/wp-content\/uploads\/2010\/06\/kavcic2.jpeg\"><img loading=\"lazy\" decoding=\"async\" class=\"alignnone size-full wp-image-942\" title=\"kavcic2\" src=\"http:\/\/www.tenis-krka.org\/wp-content\/uploads\/2010\/06\/kavcic2.jpeg\" alt=\"\" width=\"130\" height=\"166\" \/><\/a><a href=\"http:\/\/www.tenis-krka.org\/wp-content\/uploads\/2010\/06\/kavcic3.jpeg\"><img loading=\"lazy\" decoding=\"async\" class=\"alignnone size-full wp-image-944\" title=\"kavcic3\" src=\"http:\/\/www.tenis-krka.org\/wp-content\/uploads\/2010\/06\/kavcic3.jpeg\" alt=\"\" width=\"198\" height=\"166\" \/><\/a><\/strong><\/span><\/p>\n<p style=\"text-align: center;\">\n<p style=\"text-align: center;\"><span style=\"font-size: small;\"><strong>\u0160portni center Oto\u010dec, 09. \u2013 11.07.2010<br \/>\n<\/strong><strong><br \/>\n<span style=\"color: #993300;\">DAVIS CUP<\/span><span style=\"color: #993300;\"><br \/>\nII. evroafri\u0161ka\u00a0 skupina<\/span> <\/strong><span style=\"color: #993300;\"><br \/>\n<strong><br \/>\nSLOVENIJA : BOLGARIJA<\/strong><br \/>\n<strong>2. kolo \u2013 Druge evro-afri\u0161ke skupine Davisovega pokala<\/strong><\/span><\/span><\/p>\n<p style=\"text-align: center;\"><span style=\"font-size: small;\"><strong>Ekipa Slovenije: Bla\u017e KAV\u010cI\u010c, Grega \u017dEMLJA, Luka GREGORC, Bla\u017e ROLA, Bla\u017e TRUPEJ- kapetan<br \/>\n<\/strong><\/span><\/p>\n<p style=\"text-align: center;\"><span style=\"font-size: small;\"><strong> Ekipa Bolgarije: Grigor DIMITROV, Tihomir GROZDANOV, Todor ENEV, Ivaylo TRAYKOV,\u00a0 Ognyan ILIEV- kapetan<\/strong><\/span><\/p>\n<p style=\"text-align: center;\"><strong><br \/>\n<\/strong><\/p>\n","protected":false},"excerpt":{"rendered":"<p>\u0160portni center Oto\u010dec, 09. \u2013 11.07.2010 DAVIS CUP II. evroafri\u0161ka\u00a0 skupina SLOVENIJA : BOLGARIJA 2. kolo \u2013 Druge evro-afri\u0161ke skupine Davisovega pokala Ekipa Slovenije: Bla\u017e KAV\u010cI\u010c, Grega \u017dEMLJA, Luka GREGORC, Bla\u017e ROLA, Bla\u017e TRUPEJ- kapetan Ekipa Bolgarije: Grigor DIMITROV, Tihomir GROZDANOV, Todor ENEV, Ivaylo TRAYKOV,\u00a0 Ognyan ILIEV- kapetan<\/p>\n","protected":false},"author":1,"featured_media":0,"comment_status":"closed","ping_status":"closed","sticky":false,"template":"","format":"standard","meta":{"ngg_post_thumbnail":0,"footnotes":""},"categories":[4,28,20],"tags":[],"class_list":["post-927","post","type-post","status-publish","format-standard","hentry","category-dog","category-napovednik","category-turnirji"],"aioseo_notices":[],"_links":{"self":[{"href":"http:\/\/www.tenis-krka.org\/index.php?rest_route=\/wp\/v2\/posts\/927","targetHints":{"allow":["GET"]}}],"collection":[{"href":"http:\/\/www.tenis-krka.org\/index.php?rest_route=\/wp\/v2\/posts"}],"about":[{"href":"http:\/\/www.tenis-krka.org\/index.php?rest_route=\/wp\/v2\/types\/post"}],"author":[{"embeddable":true,"href":"http:\/\/www.tenis-krka.org\/index.php?rest_route=\/wp\/v2\/users\/1"}],"replies":[{"embeddable":true,"href":"http:\/\/www.tenis-krka.org\/index.php?rest_route=%2Fwp%2Fv2%2Fcomments&post=927"}],"version-history":[{"count":20,"href":"http:\/\/www.tenis-krka.org\/index.php?rest_route=\/wp\/v2\/posts\/927\/revisions"}],"predecessor-version":[{"id":1003,"href":"http:\/\/www.tenis-krka.org\/index.php?rest_route=\/wp\/v2\/posts\/927\/revisions\/1003"}],"wp:attachment":[{"href":"http:\/\/www.tenis-krka.org\/index.php?rest_route=%2Fwp%2Fv2%2Fmedia&parent=927"}],"wp:term":[{"taxonomy":"category","embeddable":true,"href":"http:\/\/www.tenis-krka.org\/index.php?rest_route=%2Fwp%2Fv2%2Fcategories&post=927"},{"taxonomy":"post_tag","embeddable":true,"href":"http:\/\/www.tenis-krka.org\/index.php?rest_route=%2Fwp%2Fv2%2Ftags&post=927"}],"curies":[{"name":"wp","href":"https:\/\/api.w.org\/{rel}","templated":true}]}}