{"id":78,"date":"2008-05-09T23:07:09","date_gmt":"2008-05-09T21:07:09","guid":{"rendered":"http:\/\/www.tenis-krka.org\/?p=78"},"modified":"2019-05-27T15:16:56","modified_gmt":"2019-05-27T13:16:56","slug":"dasa-orlic-drzavna-podprvakinja-do-18-let","status":"publish","type":"post","link":"http:\/\/www.tenis-krka.org\/?p=78","title":{"rendered":"Da\u0161a Orli\u010d &#8211; dr\u017eavna podprvakinja do 18 let"},"content":{"rendered":"<p>Da\u0161a in trener Goran Jelen, zadovoljna ob izjemnem uspehu:<br \/>\n<a href=\"http:\/\/www.tenis-krka.org\/wp-content\/uploads\/2009\/05\/dasa_drzavno_182008.jpg\"><img loading=\"lazy\" decoding=\"async\" class=\"alignleft size-medium wp-image-79\" title=\"Da\u0161a, dr\u017eavno 18 let, 2008-05\" src=\"http:\/\/www.tenis-krka.org\/wp-content\/uploads\/2009\/05\/dasa_drzavno_182008-225x300.jpg\" alt=\"Da\u0161a, dr\u017eavno 18 let, 2008-05\" width=\"225\" height=\"300\" srcset=\"http:\/\/www.tenis-krka.org\/wp-content\/uploads\/2009\/05\/dasa_drzavno_182008-225x300.jpg 225w, http:\/\/www.tenis-krka.org\/wp-content\/uploads\/2009\/05\/dasa_drzavno_182008.jpg 360w\" sizes=\"auto, (max-width: 225px) 100vw, 225px\" \/><\/a><\/p>\n","protected":false},"excerpt":{"rendered":"<p>Da\u0161a in trener Goran Jelen, zadovoljna ob izjemnem uspehu:<\/p>\n","protected":false},"author":1,"featured_media":0,"comment_status":"closed","ping_status":"closed","sticky":false,"template":"","format":"standard","meta":{"ngg_post_thumbnail":0,"footnotes":""},"categories":[6,5],"tags":[18,17],"class_list":["post-78","post","type-post","status-publish","format-standard","hentry","category-rezult","category-tekm","tag-do-18-let","tag-drzavno"],"aioseo_notices":[],"_links":{"self":[{"href":"http:\/\/www.tenis-krka.org\/index.php?rest_route=\/wp\/v2\/posts\/78","targetHints":{"allow":["GET"]}}],"collection":[{"href":"http:\/\/www.tenis-krka.org\/index.php?rest_route=\/wp\/v2\/posts"}],"about":[{"href":"http:\/\/www.tenis-krka.org\/index.php?rest_route=\/wp\/v2\/types\/post"}],"author":[{"embeddable":true,"href":"http:\/\/www.tenis-krka.org\/index.php?rest_route=\/wp\/v2\/users\/1"}],"replies":[{"embeddable":true,"href":"http:\/\/www.tenis-krka.org\/index.php?rest_route=%2Fwp%2Fv2%2Fcomments&post=78"}],"version-history":[{"count":4,"href":"http:\/\/www.tenis-krka.org\/index.php?rest_route=\/wp\/v2\/posts\/78\/revisions"}],"predecessor-version":[{"id":82,"href":"http:\/\/www.tenis-krka.org\/index.php?rest_route=\/wp\/v2\/posts\/78\/revisions\/82"}],"wp:attachment":[{"href":"http:\/\/www.tenis-krka.org\/index.php?rest_route=%2Fwp%2Fv2%2Fmedia&parent=78"}],"wp:term":[{"taxonomy":"category","embeddable":true,"href":"http:\/\/www.tenis-krka.org\/index.php?rest_route=%2Fwp%2Fv2%2Fcategories&post=78"},{"taxonomy":"post_tag","embeddable":true,"href":"http:\/\/www.tenis-krka.org\/index.php?rest_route=%2Fwp%2Fv2%2Ftags&post=78"}],"curies":[{"name":"wp","href":"https:\/\/api.w.org\/{rel}","templated":true}]}}