{"id":696,"date":"2010-01-13T19:30:34","date_gmt":"2010-01-13T17:30:34","guid":{"rendered":"http:\/\/www.tenis-krka.org\/?p=696"},"modified":"2019-05-27T15:16:54","modified_gmt":"2019-05-27T13:16:54","slug":"rezultati-s-tekmovanj-tekmovalcev-tk-krka-otocec-v-2-tednu-2010","status":"publish","type":"post","link":"http:\/\/www.tenis-krka.org\/?p=696","title":{"rendered":"REZULTATI S TEKMOVANJ TEKMOVALCEV TK KRKA OTO\u010cEC V 2.TEDNU 2010"},"content":{"rendered":"<p>Tudi v novem letu je \u0161e ve\u010d dobrih tekmovalnih rezultatov na\u0161ih tekmovalcev in tekmovalk. Spet so se <strong>najbolj izkazala najmlaj\u0161a Samuel Pate in \u017diva Falkner,<\/strong> ki sta v mini tenisu v Dom\u017ealah zmagala in odli\u010dno igrala tudi na midi tenisu.<\/p>\n<p><!--more-->Tudi Nika Zupan\u010di\u010d je klonila\u00a0 komaj v \u010detrfinalu proti 1. nosilki gorenjki Novakovi in pokazala solidno formo pred dr\u017eavnim prvenstvom do 12 let. Presenetil je Benjamin Burger na midi tenisu z odli\u010dnim rezultatom in dal vsem vedeti, da moramo ra\u010dunati tudi na njega v bodo\u010de. Bravo Benjamin. Matic Berus je 2 zmagal in potem izgubil, soliden rezultat\u00a0 in dobra igra.<\/p>\n<p><strong>Kaj pa najstarej\u0161i? Da\u0161a Orli\u010d na \u010dlanskem OP v Ljubljani&#8230;ODLI\u010cNO. V finalu klonila z Marcovo, ki je v dobri formi. To je dober obet za Da\u0161o, ki planira v februarju odigrati nekaj turnirjev v \u0160paniji.<\/strong><\/p>\n<p>\u017diga Pape\u017e je klonil na \u010dlanskem op ju v drugem kolu, medtem ko je Rok Tom\u0161i\u010d, \u017eal izgubil takoj.<\/p>\n<p><strong>Za\u010delo se je zimsko tekmovalno obdobje in vsa dr\u017eavna prvenstva: Bor SCH weiger Mu\u017ear je na dp do 14 let naredil dober rezultat in sicer \u010detrtfinale posamezno in polfinale v dvojicah. <\/strong><\/p>\n<p>Veliko pri\u010dakujemo od tekmovanj ki so naslednjih 14 dni na Oto\u010dcu. Veliko igralcev imamo v igri in upamo da se nam ponovno zgodi kak\u0161no finale na dr\u017eavnem prvenstvu.<\/p>\n<p>Veliko sre\u010de\u2026\u017ee \u0161ilim svin\u010dnik za \u0161e bolj\u0161e poro\u010dilo naslednje tedne!!!<\/p>\n<p>Pripravil in izbral vse rezultate in upam, da nobenega izpustil: Du\u0161an Ho\u010devar<\/p>\n","protected":false},"excerpt":{"rendered":"<p>Tudi v novem letu je \u0161e ve\u010d dobrih tekmovalnih rezultatov na\u0161ih tekmovalcev in tekmovalk. Spet so se najbolj izkazala najmlaj\u0161a Samuel Pate in \u017diva Falkner, ki sta v mini tenisu v Dom\u017ealah zmagala in odli\u010dno igrala tudi na midi tenisu.<\/p>\n","protected":false},"author":1,"featured_media":0,"comment_status":"closed","ping_status":"closed","sticky":false,"template":"","format":"standard","meta":{"ngg_post_thumbnail":0,"footnotes":""},"categories":[6,5],"tags":[],"class_list":["post-696","post","type-post","status-publish","format-standard","hentry","category-rezult","category-tekm"],"aioseo_notices":[],"_links":{"self":[{"href":"http:\/\/www.tenis-krka.org\/index.php?rest_route=\/wp\/v2\/posts\/696","targetHints":{"allow":["GET"]}}],"collection":[{"href":"http:\/\/www.tenis-krka.org\/index.php?rest_route=\/wp\/v2\/posts"}],"about":[{"href":"http:\/\/www.tenis-krka.org\/index.php?rest_route=\/wp\/v2\/types\/post"}],"author":[{"embeddable":true,"href":"http:\/\/www.tenis-krka.org\/index.php?rest_route=\/wp\/v2\/users\/1"}],"replies":[{"embeddable":true,"href":"http:\/\/www.tenis-krka.org\/index.php?rest_route=%2Fwp%2Fv2%2Fcomments&post=696"}],"version-history":[{"count":6,"href":"http:\/\/www.tenis-krka.org\/index.php?rest_route=\/wp\/v2\/posts\/696\/revisions"}],"predecessor-version":[{"id":1020,"href":"http:\/\/www.tenis-krka.org\/index.php?rest_route=\/wp\/v2\/posts\/696\/revisions\/1020"}],"wp:attachment":[{"href":"http:\/\/www.tenis-krka.org\/index.php?rest_route=%2Fwp%2Fv2%2Fmedia&parent=696"}],"wp:term":[{"taxonomy":"category","embeddable":true,"href":"http:\/\/www.tenis-krka.org\/index.php?rest_route=%2Fwp%2Fv2%2Fcategories&post=696"},{"taxonomy":"post_tag","embeddable":true,"href":"http:\/\/www.tenis-krka.org\/index.php?rest_route=%2Fwp%2Fv2%2Ftags&post=696"}],"curies":[{"name":"wp","href":"https:\/\/api.w.org\/{rel}","templated":true}]}}