{"id":620,"date":"2009-11-23T18:12:48","date_gmt":"2009-11-23T16:12:48","guid":{"rendered":"http:\/\/www.tenis-krka.org\/?p=620"},"modified":"2019-05-27T15:16:54","modified_gmt":"2019-05-27T13:16:54","slug":"rezultati-s-tekmovanj-tekmovalcev-tk-krka-otocec-v-47-tednu","status":"publish","type":"post","link":"http:\/\/www.tenis-krka.org\/?p=620","title":{"rendered":"REZULTATI S TEKMOVANJ TEKMOVALCEV TK KRKA OTO\u010cEC V 47. TEDNU"},"content":{"rendered":"<p>Za\u010delo se je zimsko tekmovalno obdobje in tudi prvi turnirji na katerih so tekmovalci na\u0161ega kluba \u2013 predvsem najmlaj\u0161i dosegli super rezultate.<br \/>\n<strong><br \/>\nOP OD 8 \u2013 11 LET TK BRANIK:<\/strong><br \/>\nNa\u0161a najbolj obetavna igralca <strong>\u017diva Falkner in Sanuel Pate <\/strong>sta pometla z vso konkurenco in slavila v kategoriji mini tenis de\u010dki in deklice. Samuel je v finalu premagal Vidovi\u010da iz tk Ptuj, gladko z 2: 0, \u017diva pa Mazijevo iz tk Maja iz Ljubljane, tudi gladko z 2:0.<br \/>\nTo je odli\u010den rezultat, ki potrjuje dobro delo trenerja Gorana Jelena in ekipe, ki dela z najmlaj\u0161imi.<br \/>\nTudi malo starej\u0161a <strong>Nika Zupan\u010di\u010d <\/strong>je v kategoriji do 11 let klonila v \u010detrtfinalu, proti ve\u010dni rivalki Cvetkovi\u010devi iz Radovljice z rezultatom 6\/2. Rezultat je dober, saj je zmagala dve tekmi, a od Nike pri\u010dakujemo do dr\u017eavnega prvenstva \u0161e bolj\u0161e rezultate.<br \/>\nPri fantih pa nas je zastopal <strong>Matic Berus <\/strong>in se prav tako prebil v \u010detrtfinale z dvema zmagama je potem klonil proti Top\u0107i\u010du iz TK Velenje, tesno z 6\/4.\u00a0 Moramo vedeti, da se v \u010detrtfinalu dalje ponavadi na\u0161i tekmovalci sre\u010dajo z tekmovalci, ki trenirajo individualno in ve\u010d ur tedensko, pri Top\u010di\u010du iz Velenja pa je to \u0161e bolj poudarjeno saj izhaja fant iz teni\u0161ke dru\u017eine, kjer so o\u010detje igrali profesionalni tenis pred 14 leti.<br \/>\n<strong><br \/>\nOP DO 18 LET TK OLIMPIJA LJ:<\/strong><br \/>\nNa\u0161i najstarej\u0161i tekmovalci pa so preverili formo na turnirju v Ljubljani.<strong> Gregor Strasbergar in \u017diga Pape\u017e <\/strong>sta na \u017ealost padla \u017ee v 1. krogu, \u010deprav zmoreta ve\u010d in upam, da bosta do dr\u017eavnega prvenstva pokazala kaj zmoreta in znata. Presenetil pa je <strong>Marko Novak<\/strong>, ki zadnje \u010dase ka\u017ee spremembo pri pristopu na treningih in tekmovanjih in s tem tudi prvi odmevnej\u0161i rezultat, saj danes igra v FINALU proti Romihu iz Slovana. Upam, da se je hitro prilagodil na pesek in, da potrdi dobro delo tudi v Finalu. Bravo Gordan Jankovi\u010d in star\u0161i, ki ste vztrajali.<\/p>\n<p><strong>OP 14 LITIJA<\/strong><br \/>\nV mo\u010dni konkurenci fantov do 14 let je tekmoval tudi na\u0161 <strong>Bor Mu\u017ear SCHWEIGER<\/strong>, ki\u00a0\u00a0 je za\u010del po osvojitvi najbolj\u0161ega do 12 let, preverjati svojo formo in znanje v kategoriji do 14 let. Prvi\u010d mu ni najbolj uspelo saj je klonil \u017ee v prvem krogu proti nepostavljenem igralcu Ga\u0161per\u0161i\u010d \u017digatu iz Radovljice z rezultatom 6\/4; 6\/1. Prepri\u010dani smo, da bo \u017ee na naslednjem turnirju zgodba popolnoma druga\u010dna.<\/p>\n","protected":false},"excerpt":{"rendered":"<p>Za\u010delo se je zimsko tekmovalno obdobje in tudi prvi turnirji na katerih so tekmovalci na\u0161ega kluba \u2013 predvsem najmlaj\u0161i dosegli super rezultate. OP OD 8 \u2013 11 LET TK BRANIK: Na\u0161a najbolj obetavna igralca \u017diva Falkner in Sanuel Pate sta pometla z vso konkurenco in slavila v kategoriji mini tenis de\u010dki in deklice. Samuel je [&hellip;]<\/p>\n","protected":false},"author":1,"featured_media":0,"comment_status":"closed","ping_status":"closed","sticky":false,"template":"","format":"standard","meta":{"ngg_post_thumbnail":0,"footnotes":""},"categories":[4,5],"tags":[],"class_list":["post-620","post","type-post","status-publish","format-standard","hentry","category-dog","category-tekm"],"aioseo_notices":[],"_links":{"self":[{"href":"http:\/\/www.tenis-krka.org\/index.php?rest_route=\/wp\/v2\/posts\/620","targetHints":{"allow":["GET"]}}],"collection":[{"href":"http:\/\/www.tenis-krka.org\/index.php?rest_route=\/wp\/v2\/posts"}],"about":[{"href":"http:\/\/www.tenis-krka.org\/index.php?rest_route=\/wp\/v2\/types\/post"}],"author":[{"embeddable":true,"href":"http:\/\/www.tenis-krka.org\/index.php?rest_route=\/wp\/v2\/users\/1"}],"replies":[{"embeddable":true,"href":"http:\/\/www.tenis-krka.org\/index.php?rest_route=%2Fwp%2Fv2%2Fcomments&post=620"}],"version-history":[{"count":3,"href":"http:\/\/www.tenis-krka.org\/index.php?rest_route=\/wp\/v2\/posts\/620\/revisions"}],"predecessor-version":[{"id":622,"href":"http:\/\/www.tenis-krka.org\/index.php?rest_route=\/wp\/v2\/posts\/620\/revisions\/622"}],"wp:attachment":[{"href":"http:\/\/www.tenis-krka.org\/index.php?rest_route=%2Fwp%2Fv2%2Fmedia&parent=620"}],"wp:term":[{"taxonomy":"category","embeddable":true,"href":"http:\/\/www.tenis-krka.org\/index.php?rest_route=%2Fwp%2Fv2%2Fcategories&post=620"},{"taxonomy":"post_tag","embeddable":true,"href":"http:\/\/www.tenis-krka.org\/index.php?rest_route=%2Fwp%2Fv2%2Ftags&post=620"}],"curies":[{"name":"wp","href":"https:\/\/api.w.org\/{rel}","templated":true}]}}