{"id":586,"date":"2009-10-14T07:56:04","date_gmt":"2009-10-14T05:56:04","guid":{"rendered":"http:\/\/www.tenis-krka.org\/?p=586"},"modified":"2019-05-27T15:16:55","modified_gmt":"2019-05-27T13:16:55","slug":"op-porec-hts-do-12-let-porec10-11-10-2009","status":"publish","type":"post","link":"http:\/\/www.tenis-krka.org\/?p=586","title":{"rendered":"OP PORE\u010c HTS do 12 let (Pore\u010d\/10.-12.10.2009)"},"content":{"rendered":"<p>Minuli vikend je Nik Hribar igral na OP PORE\u010c HTS do 12 let, posamezno in v dvojicah. Posamezno je turnit zaklju\u010dil v drugem kolu\u00a0 &#8211; \u010detrtfinale, v tekmi s kasnej\u0161im zmagovalcem turnirja. V igri dvojic pa sta z Nejcem Lavren\u010di\u010dem iz TK Nova gorica osvojila prvo mesto.<\/p>\n<p>Bravo Nik!<\/p>\n<p><a href=\"http:\/\/www.tenis-krka.org\/wp-admin\/C:\\My Documents\\My Pictures\">ngg_shortcode_0_placeholder<br \/>\n<\/a><\/p>\n<p><!--more--><a href=\"http:\/\/www.tenis-krka.org\/wp-content\/uploads\/2009\/10\/R12_20091009_PRO_MP1.pdf\">R12_20091009_PRO_MP<\/a><\/p>\n<p><a href=\"http:\/\/www.tenis-krka.org\/wp-content\/uploads\/2009\/10\/R12_20091009_PRO_M.pdf\">R12_20091009_PRO_M<\/a><\/p>\n","protected":false},"excerpt":{"rendered":"<p>Minuli vikend je Nik Hribar igral na OP PORE\u010c HTS do 12 let, posamezno in v dvojicah. Posamezno je turnit zaklju\u010dil v drugem kolu\u00a0 &#8211; \u010detrtfinale, v tekmi s kasnej\u0161im zmagovalcem turnirja. V igri dvojic pa sta z Nejcem Lavren\u010di\u010dem iz TK Nova gorica osvojila prvo mesto. Bravo Nik!<\/p>\n","protected":false},"author":1,"featured_media":0,"comment_status":"closed","ping_status":"closed","sticky":false,"template":"","format":"standard","meta":{"ngg_post_thumbnail":0,"footnotes":""},"categories":[4,6,5],"tags":[],"class_list":["post-586","post","type-post","status-publish","format-standard","hentry","category-dog","category-rezult","category-tekm"],"aioseo_notices":[],"_links":{"self":[{"href":"http:\/\/www.tenis-krka.org\/index.php?rest_route=\/wp\/v2\/posts\/586","targetHints":{"allow":["GET"]}}],"collection":[{"href":"http:\/\/www.tenis-krka.org\/index.php?rest_route=\/wp\/v2\/posts"}],"about":[{"href":"http:\/\/www.tenis-krka.org\/index.php?rest_route=\/wp\/v2\/types\/post"}],"author":[{"embeddable":true,"href":"http:\/\/www.tenis-krka.org\/index.php?rest_route=\/wp\/v2\/users\/1"}],"replies":[{"embeddable":true,"href":"http:\/\/www.tenis-krka.org\/index.php?rest_route=%2Fwp%2Fv2%2Fcomments&post=586"}],"version-history":[{"count":10,"href":"http:\/\/www.tenis-krka.org\/index.php?rest_route=\/wp\/v2\/posts\/586\/revisions"}],"predecessor-version":[{"id":1031,"href":"http:\/\/www.tenis-krka.org\/index.php?rest_route=\/wp\/v2\/posts\/586\/revisions\/1031"}],"wp:attachment":[{"href":"http:\/\/www.tenis-krka.org\/index.php?rest_route=%2Fwp%2Fv2%2Fmedia&parent=586"}],"wp:term":[{"taxonomy":"category","embeddable":true,"href":"http:\/\/www.tenis-krka.org\/index.php?rest_route=%2Fwp%2Fv2%2Fcategories&post=586"},{"taxonomy":"post_tag","embeddable":true,"href":"http:\/\/www.tenis-krka.org\/index.php?rest_route=%2Fwp%2Fv2%2Ftags&post=586"}],"curies":[{"name":"wp","href":"https:\/\/api.w.org\/{rel}","templated":true}]}}