{"id":570,"date":"2009-10-09T20:41:30","date_gmt":"2009-10-09T18:41:30","guid":{"rendered":"http:\/\/www.tenis-krka.org\/?p=570"},"modified":"2019-05-27T15:16:55","modified_gmt":"2019-05-27T13:16:55","slug":"priprave-tekmovalcev-v-casu-krompirjevih-pocitnic-otocec26-28-10-2009","status":"publish","type":"post","link":"http:\/\/www.tenis-krka.org\/?p=570","title":{"rendered":"PRIPRAVE TEKMOVALCEV v \u010dasu krompirjevih po\u010ditnic (Oto\u010dec\/26.-28.10.2009)"},"content":{"rendered":"<p>TK Krka\u00a0 Oto\u010dec organizira 3 dnevne priprave na Oto\u010dcu za tekmovalce od 8. leta naprej.\u00a0 Izvajalci teni\u0161kega tabora so trenerji Goran Jelen, Mare Ku\u0161er in Ale\u0161 Du\u0161ic.<\/p>\n<p>Prijave do 22.10.2009. Otroke prijavite trenerjem, ki izvajajo tabor.<\/p>\n<p><!--more-->Osnovni cilj je splo\u0161na bazi\u010dna priprava v prehodnem obdobju ( 5 UR vadbe na igri\u0161\u010du \/ dnevno ) in doseganje ciljev na tehni\u010dno &#8211; takti\u010dnem, psiholo\u0161kem in tekmovalnem podro\u010dju, definiranje ciljev za zimsko sezono, izdelava na\u010drta tekmovanj.<\/p>\n<p>Priprave bodo v \u010dasu krompirjevih po\u010ditnic, od ponedeljka do srede, 26. do 28. oktobra. Za\u010detek vadbe je ob 8.30. Zaklju\u010dek ob 16.00. Vsak dan bo 5 ur vadbe na teni\u0161kem igri\u0161\u010du, po kon\u010dani vadbi uporaba\u00a0 masa\u017enega bazena in bazen\u010dka za ohlajanje v \u0161portnem centru. Za vse bo organizirano kosilo v Tangu od 12.00 do 14.00 ure.<\/p>\n<p>Cena na otroka za teni\u0161ke priprave je 100 \u20ac\/ otroka, od tega je 70 \u20ac namenjeno za pokritje stro\u0161kov treninga in 30 \u20ac za 3 x kosilo v Tangu. Participacijo pla\u010date do 22. oktobra\u00a0 na recepciji TC \/ ZA PRIPRAVE \/.<br \/>\n*Pla\u010dilo redne mese\u010dne vadbe\u00a0 bo zaradi priprav in odpovedi redne vadbe po urniku\u00a0 cenej\u0161e, ko se bodo od polnega mese\u010dnega\u00a0 zneska od\u0161teli 3 dnevi treninga.*<\/p>\n","protected":false},"excerpt":{"rendered":"<p>TK Krka\u00a0 Oto\u010dec organizira 3 dnevne priprave na Oto\u010dcu za tekmovalce od 8. leta naprej.\u00a0 Izvajalci teni\u0161kega tabora so trenerji Goran Jelen, Mare Ku\u0161er in Ale\u0161 Du\u0161ic. Prijave do 22.10.2009. Otroke prijavite trenerjem, ki izvajajo tabor.<\/p>\n","protected":false},"author":1,"featured_media":0,"comment_status":"closed","ping_status":"closed","sticky":false,"template":"","format":"standard","meta":{"ngg_post_thumbnail":0,"footnotes":""},"categories":[4,7,30],"tags":[],"class_list":["post-570","post","type-post","status-publish","format-standard","hentry","category-dog","category-tsola","category-teniski-kampi"],"aioseo_notices":[],"_links":{"self":[{"href":"http:\/\/www.tenis-krka.org\/index.php?rest_route=\/wp\/v2\/posts\/570","targetHints":{"allow":["GET"]}}],"collection":[{"href":"http:\/\/www.tenis-krka.org\/index.php?rest_route=\/wp\/v2\/posts"}],"about":[{"href":"http:\/\/www.tenis-krka.org\/index.php?rest_route=\/wp\/v2\/types\/post"}],"author":[{"embeddable":true,"href":"http:\/\/www.tenis-krka.org\/index.php?rest_route=\/wp\/v2\/users\/1"}],"replies":[{"embeddable":true,"href":"http:\/\/www.tenis-krka.org\/index.php?rest_route=%2Fwp%2Fv2%2Fcomments&post=570"}],"version-history":[{"count":9,"href":"http:\/\/www.tenis-krka.org\/index.php?rest_route=\/wp\/v2\/posts\/570\/revisions"}],"predecessor-version":[{"id":1032,"href":"http:\/\/www.tenis-krka.org\/index.php?rest_route=\/wp\/v2\/posts\/570\/revisions\/1032"}],"wp:attachment":[{"href":"http:\/\/www.tenis-krka.org\/index.php?rest_route=%2Fwp%2Fv2%2Fmedia&parent=570"}],"wp:term":[{"taxonomy":"category","embeddable":true,"href":"http:\/\/www.tenis-krka.org\/index.php?rest_route=%2Fwp%2Fv2%2Fcategories&post=570"},{"taxonomy":"post_tag","embeddable":true,"href":"http:\/\/www.tenis-krka.org\/index.php?rest_route=%2Fwp%2Fv2%2Ftags&post=570"}],"curies":[{"name":"wp","href":"https:\/\/api.w.org\/{rel}","templated":true}]}}