{"id":563,"date":"2009-09-29T21:32:20","date_gmt":"2009-09-29T19:32:20","guid":{"rendered":"http:\/\/www.tenis-krka.org\/?p=563"},"modified":"2019-05-27T15:16:55","modified_gmt":"2019-05-27T13:16:55","slug":"rezultati-s-tekmovanj-tekmovalcev-tk-krka-otocec-v-40-tednu","status":"publish","type":"post","link":"http:\/\/www.tenis-krka.org\/?p=563","title":{"rendered":"REZULTATI S TEKMOVANJ TEKMOVALCEV TK KRKA OTO\u010cEC V 40. TEDNU"},"content":{"rendered":"<p>Odli\u010dni rezultati na\u0161ih najmlaj\u0161ih tekmovalcev in tekmovalk na turnirju TC Ljubljana \u2013 Inter\u0161port Open op 8 \u2013 11 let, ka\u017eejo na pravilno delo zadnjih let in na potencial, ki ga imamo za bodo\u010de:<\/p>\n<p>MINI TENIS:<br \/>\n1.\u00a0\u00a0 \u00a0mesto: Samuel Pate \u2013 \u00bb pometel z vso konkurenco\u00ab<br \/>\n\u017diva Falkner \u2013 dober rezultat v mo\u010dni konkurenci deklic &#8211; polfinale<\/p>\n<p>MIDI TENIS:<br \/>\nBerus Matic\u00a0 se je bolj skoncetriral na igranje v kategoriji veliki tenis, zato je v Midiju izpadel v 1. krogu, dober rezultat pa je dosegel na velikem igri\u0161\u010du do 10 let \u2013 \u010detrtfinale<\/p>\n<p>TENIS DO 11. LET:<br \/>\nNik Hribar \u2013 igral v 3. krogu mo\u010dnega, \u0161tevilnega turnirja in \u017eal izpadel. Dober rezultat!<br \/>\nEvgenija Burger je naredila od na\u0161ih deklet najve\u010dji rezultat in sicer Odli\u010dno polfinale, ki ga je izgubila z kasnej\u0161o zmagovalko turnirja.<br \/>\nTudi Vanda Berus se ni predala in po porazu v 1. krogu glavnega turnirja igrala do \u010detrtfinala tola\u017eilne skupine.<br \/>\n\u0160pela Turk\u00a0 ni bila kos Mariborski igralki v glavnem turnirju in potem \u017eal izpadla v tola\u017eilni skupini.<\/p>\n<p>SKRATKA DOBRI OBETI ZA LETO 2010<\/p>\n<p>Fantje do 18. let pa igrajo predkvalifikacije in po uspehu danes, \u0161e kvalifikacije ITF DO 18 LET na Lo\u0161inju \u2013 Mare Novak in Rok Tom\u0161i\u010d<\/p>\n","protected":false},"excerpt":{"rendered":"<p>Odli\u010dni rezultati na\u0161ih najmlaj\u0161ih tekmovalcev in tekmovalk na turnirju TC Ljubljana \u2013 Inter\u0161port Open op 8 \u2013 11 let, ka\u017eejo na pravilno delo zadnjih let in na potencial, ki ga imamo za bodo\u010de: MINI TENIS: 1.\u00a0\u00a0 \u00a0mesto: Samuel Pate \u2013 \u00bb pometel z vso konkurenco\u00ab \u017diva Falkner \u2013 dober rezultat v mo\u010dni konkurenci deklic &#8211; [&hellip;]<\/p>\n","protected":false},"author":1,"featured_media":0,"comment_status":"closed","ping_status":"closed","sticky":false,"template":"","format":"standard","meta":{"ngg_post_thumbnail":0,"footnotes":""},"categories":[4,6,5],"tags":[],"class_list":["post-563","post","type-post","status-publish","format-standard","hentry","category-dog","category-rezult","category-tekm"],"aioseo_notices":[],"_links":{"self":[{"href":"http:\/\/www.tenis-krka.org\/index.php?rest_route=\/wp\/v2\/posts\/563","targetHints":{"allow":["GET"]}}],"collection":[{"href":"http:\/\/www.tenis-krka.org\/index.php?rest_route=\/wp\/v2\/posts"}],"about":[{"href":"http:\/\/www.tenis-krka.org\/index.php?rest_route=\/wp\/v2\/types\/post"}],"author":[{"embeddable":true,"href":"http:\/\/www.tenis-krka.org\/index.php?rest_route=\/wp\/v2\/users\/1"}],"replies":[{"embeddable":true,"href":"http:\/\/www.tenis-krka.org\/index.php?rest_route=%2Fwp%2Fv2%2Fcomments&post=563"}],"version-history":[{"count":4,"href":"http:\/\/www.tenis-krka.org\/index.php?rest_route=\/wp\/v2\/posts\/563\/revisions"}],"predecessor-version":[{"id":1033,"href":"http:\/\/www.tenis-krka.org\/index.php?rest_route=\/wp\/v2\/posts\/563\/revisions\/1033"}],"wp:attachment":[{"href":"http:\/\/www.tenis-krka.org\/index.php?rest_route=%2Fwp%2Fv2%2Fmedia&parent=563"}],"wp:term":[{"taxonomy":"category","embeddable":true,"href":"http:\/\/www.tenis-krka.org\/index.php?rest_route=%2Fwp%2Fv2%2Fcategories&post=563"},{"taxonomy":"post_tag","embeddable":true,"href":"http:\/\/www.tenis-krka.org\/index.php?rest_route=%2Fwp%2Fv2%2Ftags&post=563"}],"curies":[{"name":"wp","href":"https:\/\/api.w.org\/{rel}","templated":true}]}}