{"id":555,"date":"2009-09-14T18:00:31","date_gmt":"2009-09-14T16:00:31","guid":{"rendered":"http:\/\/www.tenis-krka.org\/?p=555"},"modified":"2019-05-27T15:16:55","modified_gmt":"2019-05-27T13:16:55","slug":"tretji-poletni-otroski-teniski-turnir-otocec19-09-2009","status":"publish","type":"post","link":"http:\/\/www.tenis-krka.org\/?p=555","title":{"rendered":"Tretji poletni otro\u0161ki teni\u0161ki turnir (Oto\u010dec\/19.09.2009)"},"content":{"rendered":"<p>Tretji poletni otro\u0161ki teni\u0161ki turnir smo v soboto, 19. septembra, uspe\u0161no zaklju\u010dili. Vsem \u010destitamo za lepo prikazano igro.<\/p>\n<p><strong>REZULTATI:<br \/>\n<\/strong><\/p>\n<p><strong>MINI TENIS:<\/strong><\/p>\n<p>1.\u00a0\u00a0 \u00a0mesto: Samuel Pate<br \/>\n2.\u00a0\u00a0 \u00a0mesto: \u017diva Falkner<br \/>\n3.\u00a0\u00a0 \u00a0mesto: Andra\u017e Sotler<br \/>\n4.\u00a0\u00a0 \u00a0mesto: Toni Soto\u0161ek<br \/>\n5.\u00a0\u00a0 \u00a0mesto: Matic Soto\u0161ek<\/p>\n<p><strong>MIDI TENIS:<\/strong><\/p>\n<p>1.\u00a0\u00a0 \u00a0mesto: \u017diva Falkner<br \/>\n2.\u00a0\u00a0 \u00a0mesto: Dea Fackovi\u010d Vol\u010danjk<br \/>\n3.\u00a0\u00a0 \u00a0mesto: Samuel Pate<br \/>\n4.\u00a0\u00a0 \u00a0mesto: Jernej Podvinski<br \/>\n5.\u00a0\u00a0 \u00a0&#8211; 6. mesto: Andra\u017e Sotler<br \/>\n5. \u00a0\u00a0 \u00a0&#8211; 6. mesto: Teo Uhl<\/p>\n<p><!--more--><strong>PRAVILA:<\/strong><\/p>\n<p>Turnirji se igrajo po round robin sistemu. Prva dva v skupina se uvrstita v playoff (nadaljnje tekmovanje), ostali pa odvisno od kategorije v kateri nastopajo.<br \/>\nTekmovalec lahko igra v 2 kategorijah hkrati.<br \/>\nStar\u0161i ne smejo biti na igri\u0161\u010du<br \/>\nSodniki bodo sodili na vseh tekmah, tudi na veliki tenis.<\/p>\n","protected":false},"excerpt":{"rendered":"<p>Tretji poletni otro\u0161ki teni\u0161ki turnir smo v soboto, 19. septembra, uspe\u0161no zaklju\u010dili. Vsem \u010destitamo za lepo prikazano igro. REZULTATI: MINI TENIS: 1.\u00a0\u00a0 \u00a0mesto: Samuel Pate 2.\u00a0\u00a0 \u00a0mesto: \u017diva Falkner 3.\u00a0\u00a0 \u00a0mesto: Andra\u017e Sotler 4.\u00a0\u00a0 \u00a0mesto: Toni Soto\u0161ek 5.\u00a0\u00a0 \u00a0mesto: Matic Soto\u0161ek MIDI TENIS: 1.\u00a0\u00a0 \u00a0mesto: \u017diva Falkner 2.\u00a0\u00a0 \u00a0mesto: Dea Fackovi\u010d Vol\u010danjk 3.\u00a0\u00a0 \u00a0mesto: Samuel [&hellip;]<\/p>\n","protected":false},"author":1,"featured_media":0,"comment_status":"closed","ping_status":"closed","sticky":false,"template":"","format":"standard","meta":{"ngg_post_thumbnail":0,"footnotes":""},"categories":[4,20,6,5],"tags":[],"class_list":["post-555","post","type-post","status-publish","format-standard","hentry","category-dog","category-turnirji","category-rezult","category-tekm"],"aioseo_notices":[],"_links":{"self":[{"href":"http:\/\/www.tenis-krka.org\/index.php?rest_route=\/wp\/v2\/posts\/555","targetHints":{"allow":["GET"]}}],"collection":[{"href":"http:\/\/www.tenis-krka.org\/index.php?rest_route=\/wp\/v2\/posts"}],"about":[{"href":"http:\/\/www.tenis-krka.org\/index.php?rest_route=\/wp\/v2\/types\/post"}],"author":[{"embeddable":true,"href":"http:\/\/www.tenis-krka.org\/index.php?rest_route=\/wp\/v2\/users\/1"}],"replies":[{"embeddable":true,"href":"http:\/\/www.tenis-krka.org\/index.php?rest_route=%2Fwp%2Fv2%2Fcomments&post=555"}],"version-history":[{"count":8,"href":"http:\/\/www.tenis-krka.org\/index.php?rest_route=\/wp\/v2\/posts\/555\/revisions"}],"predecessor-version":[{"id":557,"href":"http:\/\/www.tenis-krka.org\/index.php?rest_route=\/wp\/v2\/posts\/555\/revisions\/557"}],"wp:attachment":[{"href":"http:\/\/www.tenis-krka.org\/index.php?rest_route=%2Fwp%2Fv2%2Fmedia&parent=555"}],"wp:term":[{"taxonomy":"category","embeddable":true,"href":"http:\/\/www.tenis-krka.org\/index.php?rest_route=%2Fwp%2Fv2%2Fcategories&post=555"},{"taxonomy":"post_tag","embeddable":true,"href":"http:\/\/www.tenis-krka.org\/index.php?rest_route=%2Fwp%2Fv2%2Ftags&post=555"}],"curies":[{"name":"wp","href":"https:\/\/api.w.org\/{rel}","templated":true}]}}