{"id":54,"date":"2006-05-16T22:31:53","date_gmt":"2006-05-16T20:31:53","guid":{"rendered":"http:\/\/www.tenis-krka.org\/?p=54"},"modified":"2019-05-27T15:16:56","modified_gmt":"2019-05-27T13:16:56","slug":"prva-drzavna-teniska-liga-veterani","status":"publish","type":"post","link":"http:\/\/www.tenis-krka.org\/?p=54","title":{"rendered":"Prva Dr\u017eavna Teni\u0161ka liga &#8211; veterani"},"content":{"rendered":"<p>Jutri v sredo 17. 05. 2006 se s prvim krogom  pri\u010dne tekmovanje v Prvi dr\u017eavni teni\u0161ki ligi za veterane &#8211; starost nad 35 let.<\/p>\n<p>Tekmovanje poteka pod okriljem Veteranske organizacije TZS, v njem pa sodeluje tudi ekipa TK Krka Oto\u010dec. Skupno nastopa trinajst ekip, ki so razdeljene v dve regijski skupini A in B. Oto\u0161ka ekipa je v t.i. Vzhodni skupini B, ki jo sestavljajo:TK Velenje, TK Ptuj, TK Slovenjgradec, TK Branik Maribor, \u017dTK Maribor in TK Krka Oto\u010dec.<\/p>\n<p>V jutri\u0161njem prvem krogu so Oto\u0161ki veterani gostitelji, v TC Oto\u010dec pa prihaja veteranska ekipa \u017dTK Maribor. Pri\u010detek dvoboja je ob 16.00 uri.<\/p>\n","protected":false},"excerpt":{"rendered":"<p>Jutri v sredo 17. 05. 2006 se s prvim krogom pri\u010dne tekmovanje v Prvi dr\u017eavni teni\u0161ki ligi za veterane &#8211; starost nad 35 let. Tekmovanje poteka pod okriljem Veteranske organizacije TZS, v njem pa sodeluje tudi ekipa TK Krka Oto\u010dec. Skupno nastopa trinajst ekip, ki so razdeljene v dve regijski skupini A in B. Oto\u0161ka [&hellip;]<\/p>\n","protected":false},"author":1,"featured_media":0,"comment_status":"closed","ping_status":"closed","sticky":false,"template":"","format":"standard","meta":{"ngg_post_thumbnail":0,"footnotes":""},"categories":[4,5],"tags":[11,12],"class_list":["post-54","post","type-post","status-publish","format-standard","hentry","category-dog","category-tekm","tag-liga","tag-veterani"],"aioseo_notices":[],"_links":{"self":[{"href":"http:\/\/www.tenis-krka.org\/index.php?rest_route=\/wp\/v2\/posts\/54","targetHints":{"allow":["GET"]}}],"collection":[{"href":"http:\/\/www.tenis-krka.org\/index.php?rest_route=\/wp\/v2\/posts"}],"about":[{"href":"http:\/\/www.tenis-krka.org\/index.php?rest_route=\/wp\/v2\/types\/post"}],"author":[{"embeddable":true,"href":"http:\/\/www.tenis-krka.org\/index.php?rest_route=\/wp\/v2\/users\/1"}],"replies":[{"embeddable":true,"href":"http:\/\/www.tenis-krka.org\/index.php?rest_route=%2Fwp%2Fv2%2Fcomments&post=54"}],"version-history":[{"count":2,"href":"http:\/\/www.tenis-krka.org\/index.php?rest_route=\/wp\/v2\/posts\/54\/revisions"}],"predecessor-version":[{"id":1070,"href":"http:\/\/www.tenis-krka.org\/index.php?rest_route=\/wp\/v2\/posts\/54\/revisions\/1070"}],"wp:attachment":[{"href":"http:\/\/www.tenis-krka.org\/index.php?rest_route=%2Fwp%2Fv2%2Fmedia&parent=54"}],"wp:term":[{"taxonomy":"category","embeddable":true,"href":"http:\/\/www.tenis-krka.org\/index.php?rest_route=%2Fwp%2Fv2%2Fcategories&post=54"},{"taxonomy":"post_tag","embeddable":true,"href":"http:\/\/www.tenis-krka.org\/index.php?rest_route=%2Fwp%2Fv2%2Ftags&post=54"}],"curies":[{"name":"wp","href":"https:\/\/api.w.org\/{rel}","templated":true}]}}