{"id":534,"date":"2009-09-08T16:01:52","date_gmt":"2009-09-08T14:01:52","guid":{"rendered":"http:\/\/www.tenis-krka.org\/?p=534"},"modified":"2019-05-27T15:16:55","modified_gmt":"2019-05-27T13:16:55","slug":"rezultati-s-tekmovanj-tekmovalcev-tk-krka-otocec-v-37-tednu","status":"publish","type":"post","link":"http:\/\/www.tenis-krka.org\/?p=534","title":{"rendered":"REZULTATI S TEKMOVANJ TEKMOVALCEV TK KRKA OTO\u010cEC V 37. TEDNU (08.09.2009)"},"content":{"rendered":"<p><strong>Najmlaj\u0161i so tekmovali na turnirju \u017dTK Maribor \u2013 Starkom Open 8 \u2013 11 let:<\/strong><br \/>\nmini tenis deklice: 2. mesto \u017diva Falkner<br \/>\nmidi tenis de\u010dki: 3-4 mesto Matic Berus<\/p>\n<p>veliki tenis do 10 let de\u010dki: Matic Berus 9 &#8211; 16. mesto<br \/>\ndo 11. let de\u010dki: Hribar Nik\u00a0 2. mesto<\/p>\n<p>veliki tenis do 11. let deklice:<br \/>\nVanda Berus 9. \u2013 16. mesto A skupina ;<br \/>\nBurger Evgenija 5. &#8211; 8. mesto A skupina :<br \/>\nTurk \u0160pela 5 &#8211; 8. mesto tola\u017eilna skupina<br \/>\nNika Zupan\u010di\u010d 2. mesto tola\u017eilna skupina<\/p>\n<p>Rezultate si lahko ogledate <a href=\"http:\/\/www.teniska-zveza.si\/tekmovanja\/2009\/8-11\/\">http:\/\/www.teniska-zveza.si\/tekmovanja\/2009\/8-11\/<\/a><\/p>\n<p><strong>Najstarej\u0161i pa so se borili za to\u010dke na OP PTUJ- u do 18 let:<\/strong><br \/>\nRok Tom\u0161i\u010d: danes igra finale \u2013 odli\u010den rezultat<br \/>\nGregor \u0160trasbergar: 1. krog, izpadel<\/p>\n<p>Rezultate si lahko ogledate na <a href=\"http:\/\/www.teniska-zveza.si\/tekmovanja\/2009\/18\/\">http:\/\/www.teniska-zveza.si\/tekmovanja\/2009\/18\/<\/a><\/p>\n<p><strong>Ostali:<\/strong><br \/>\nDa\u0161a Orli\u010d igra danes 1. krog kvalifikacij op 10.000 $\u00a0 v Sarajevu<\/p>\n<p><strong>\u010cESTITAMO TEKMOVALCEM, STAR\u0160EM IN TRENERJEM!!!<\/strong><\/p>\n<p><strong><!--more--><br \/>\n<\/strong><\/p>\n<p>V objektiv smo ujeli nekaj zmagovitih trenutkov <strong>turnirja \u017dTK Maribor \u2013 Starkom Open 8 \u2013 11 let.<\/strong><\/p>\n<p><strong>ngg_shortcode_0_placeholder<br \/>\n<\/strong><\/p>\n","protected":false},"excerpt":{"rendered":"<p>Najmlaj\u0161i so tekmovali na turnirju \u017dTK Maribor \u2013 Starkom Open 8 \u2013 11 let: mini tenis deklice: 2. mesto \u017diva Falkner midi tenis de\u010dki: 3-4 mesto Matic Berus veliki tenis do 10 let de\u010dki: Matic Berus 9 &#8211; 16. mesto do 11. let de\u010dki: Hribar Nik\u00a0 2. mesto veliki tenis do 11. let deklice: Vanda [&hellip;]<\/p>\n","protected":false},"author":1,"featured_media":0,"comment_status":"closed","ping_status":"closed","sticky":false,"template":"","format":"standard","meta":{"ngg_post_thumbnail":0,"footnotes":""},"categories":[4,6,5],"tags":[],"class_list":["post-534","post","type-post","status-publish","format-standard","hentry","category-dog","category-rezult","category-tekm"],"aioseo_notices":[],"_links":{"self":[{"href":"http:\/\/www.tenis-krka.org\/index.php?rest_route=\/wp\/v2\/posts\/534","targetHints":{"allow":["GET"]}}],"collection":[{"href":"http:\/\/www.tenis-krka.org\/index.php?rest_route=\/wp\/v2\/posts"}],"about":[{"href":"http:\/\/www.tenis-krka.org\/index.php?rest_route=\/wp\/v2\/types\/post"}],"author":[{"embeddable":true,"href":"http:\/\/www.tenis-krka.org\/index.php?rest_route=\/wp\/v2\/users\/1"}],"replies":[{"embeddable":true,"href":"http:\/\/www.tenis-krka.org\/index.php?rest_route=%2Fwp%2Fv2%2Fcomments&post=534"}],"version-history":[{"count":9,"href":"http:\/\/www.tenis-krka.org\/index.php?rest_route=\/wp\/v2\/posts\/534\/revisions"}],"predecessor-version":[{"id":537,"href":"http:\/\/www.tenis-krka.org\/index.php?rest_route=\/wp\/v2\/posts\/534\/revisions\/537"}],"wp:attachment":[{"href":"http:\/\/www.tenis-krka.org\/index.php?rest_route=%2Fwp%2Fv2%2Fmedia&parent=534"}],"wp:term":[{"taxonomy":"category","embeddable":true,"href":"http:\/\/www.tenis-krka.org\/index.php?rest_route=%2Fwp%2Fv2%2Fcategories&post=534"},{"taxonomy":"post_tag","embeddable":true,"href":"http:\/\/www.tenis-krka.org\/index.php?rest_route=%2Fwp%2Fv2%2Ftags&post=534"}],"curies":[{"name":"wp","href":"https:\/\/api.w.org\/{rel}","templated":true}]}}