{"id":521,"date":"2009-08-10T19:04:54","date_gmt":"2009-08-10T17:04:54","guid":{"rendered":"http:\/\/www.tenis-krka.org\/?p=521"},"modified":"2019-05-27T15:16:55","modified_gmt":"2019-05-27T13:16:55","slug":"op-8-11-tk-portoroz-25-26-07-2009portoroz","status":"publish","type":"post","link":"http:\/\/www.tenis-krka.org\/?p=521","title":{"rendered":"OP 8-11 TK Portoro\u017e (25.-26.07.2009\/Portoro\u017e)"},"content":{"rendered":"<p>Ve\u010d kot uspe\u0161no je zaklju\u010dila tekmovanje OP 8-11 v Portoro\u017eu na\u0161a najmlaj\u0161a tekmovalka \u017diva Falkner. V kategoriji MINI tenis si je priborila 2.mesto. Na ta veliki uspeh jo bo spominjala tudi skupna fotografija s prvo na WTA lestvici Safino Dinara. \u017diva, bravo.<\/p>\nngg_shortcode_0_placeholder\n","protected":false},"excerpt":{"rendered":"<p>Ve\u010d kot uspe\u0161no je zaklju\u010dila tekmovanje OP 8-11 v Portoro\u017eu na\u0161a najmlaj\u0161a tekmovalka \u017diva Falkner. V kategoriji MINI tenis si je priborila 2.mesto. Na ta veliki uspeh jo bo spominjala tudi skupna fotografija s prvo na WTA lestvici Safino Dinara. \u017diva, bravo.<\/p>\n","protected":false},"author":1,"featured_media":0,"comment_status":"closed","ping_status":"closed","sticky":false,"template":"","format":"standard","meta":{"ngg_post_thumbnail":0,"footnotes":""},"categories":[4,5],"tags":[],"class_list":["post-521","post","type-post","status-publish","format-standard","hentry","category-dog","category-tekm"],"aioseo_notices":[],"_links":{"self":[{"href":"http:\/\/www.tenis-krka.org\/index.php?rest_route=\/wp\/v2\/posts\/521","targetHints":{"allow":["GET"]}}],"collection":[{"href":"http:\/\/www.tenis-krka.org\/index.php?rest_route=\/wp\/v2\/posts"}],"about":[{"href":"http:\/\/www.tenis-krka.org\/index.php?rest_route=\/wp\/v2\/types\/post"}],"author":[{"embeddable":true,"href":"http:\/\/www.tenis-krka.org\/index.php?rest_route=\/wp\/v2\/users\/1"}],"replies":[{"embeddable":true,"href":"http:\/\/www.tenis-krka.org\/index.php?rest_route=%2Fwp%2Fv2%2Fcomments&post=521"}],"version-history":[{"count":7,"href":"http:\/\/www.tenis-krka.org\/index.php?rest_route=\/wp\/v2\/posts\/521\/revisions"}],"predecessor-version":[{"id":1040,"href":"http:\/\/www.tenis-krka.org\/index.php?rest_route=\/wp\/v2\/posts\/521\/revisions\/1040"}],"wp:attachment":[{"href":"http:\/\/www.tenis-krka.org\/index.php?rest_route=%2Fwp%2Fv2%2Fmedia&parent=521"}],"wp:term":[{"taxonomy":"category","embeddable":true,"href":"http:\/\/www.tenis-krka.org\/index.php?rest_route=%2Fwp%2Fv2%2Fcategories&post=521"},{"taxonomy":"post_tag","embeddable":true,"href":"http:\/\/www.tenis-krka.org\/index.php?rest_route=%2Fwp%2Fv2%2Ftags&post=521"}],"curies":[{"name":"wp","href":"https:\/\/api.w.org\/{rel}","templated":true}]}}