{"id":5101,"date":"2024-12-15T11:12:47","date_gmt":"2024-12-15T09:12:47","guid":{"rendered":"https:\/\/www.tenis-krka.org\/?p=5101"},"modified":"2025-03-28T10:18:16","modified_gmt":"2025-03-28T08:18:16","slug":"marko-retelj-postal-drzavni-prvak-u18","status":"publish","type":"post","link":"http:\/\/www.tenis-krka.org\/?p=5101","title":{"rendered":"Marko Retelj postal dr\u017eavni prvak U18!"},"content":{"rendered":"<p>Na\u0161 \u010dlan Marko Retelj je osvoji zimsko dr\u017eavno prvenstvo kategorije U18, ki se je odvijalo v TK Branik Maribor. \u010cestitke Marku za izjemen uspeh!<\/p>\n<p><a href=\"http:\/\/www.tenis-krka.org\/wp-content\/uploads\/2024\/12\/Marko-drzavni-prvak-U18.jpg\"><img loading=\"lazy\" decoding=\"async\" class=\"size-medium wp-image-5102 alignnone\" src=\"http:\/\/www.tenis-krka.org\/wp-content\/uploads\/2024\/12\/Marko-drzavni-prvak-U18-225x300.jpg\" alt=\"\" width=\"225\" height=\"300\" srcset=\"http:\/\/www.tenis-krka.org\/wp-content\/uploads\/2024\/12\/Marko-drzavni-prvak-U18-225x300.jpg 225w, http:\/\/www.tenis-krka.org\/wp-content\/uploads\/2024\/12\/Marko-drzavni-prvak-U18-768x1024.jpg 768w, http:\/\/www.tenis-krka.org\/wp-content\/uploads\/2024\/12\/Marko-drzavni-prvak-U18.jpg 1057w\" sizes=\"auto, (max-width: 225px) 100vw, 225px\" \/><\/a><\/p>\n<p><span style=\"text-decoration: underline;\">\u010cetrtfinale<\/span><br \/>\nMatija\u0161i\u010d G. \u2013 Surla M. 6:4, 6:1<br \/>\nBe\u010dirovi\u010d Novak M. \u2013 Laubi\u010d M. 1:6, 6:2, 6:1<br \/>\nBaj\u017eelj M. \u2013 Goren\u0161ek K. 6:3, 7:6(2)<br \/>\nRetelj M. \u2013 Hribar M. 6:3, 6:2<\/p>\n<p><span style=\"text-decoration: underline;\">Polfinale<\/span><br \/>\nBe\u010dirovi\u010d Novak M. &#8211; Matija\u0161i\u010d G. 6:4, 3:6, 7:5<br \/>\nRetelj M. &#8211; Baj\u017eelj M. 6:3 6:3<\/p>\n<p><span style=\"text-decoration: underline;\">Finale<\/span><br \/>\nRetelj M. &#8211; Be\u010dirovi\u010d Novak M. 4:6, 6:3, 6:4<\/p>\n<p>&nbsp;<\/p>\n","protected":false},"excerpt":{"rendered":"<p>Na\u0161 \u010dlan Marko Retelj je osvoji zimsko dr\u017eavno prvenstvo kategorije U18, ki se je odvijalo v TK Branik Maribor. \u010cestitke Marku za izjemen uspeh! \u010cetrtfinale Matija\u0161i\u010d G. \u2013 Surla M. 6:4, 6:1 Be\u010dirovi\u010d Novak M. \u2013 Laubi\u010d M. 1:6, 6:2, 6:1 Baj\u017eelj M. \u2013 Goren\u0161ek K. 6:3, 7:6(2) Retelj M. \u2013 Hribar M. 6:3, 6:2 [&hellip;]<\/p>\n","protected":false},"author":3,"featured_media":0,"comment_status":"closed","ping_status":"closed","sticky":false,"template":"","format":"standard","meta":{"ngg_post_thumbnail":0,"footnotes":""},"categories":[49,6,5],"tags":[],"class_list":["post-5101","post","type-post","status-publish","format-standard","hentry","category-marko-retelj","category-rezult","category-tekm"],"aioseo_notices":[],"_links":{"self":[{"href":"http:\/\/www.tenis-krka.org\/index.php?rest_route=\/wp\/v2\/posts\/5101","targetHints":{"allow":["GET"]}}],"collection":[{"href":"http:\/\/www.tenis-krka.org\/index.php?rest_route=\/wp\/v2\/posts"}],"about":[{"href":"http:\/\/www.tenis-krka.org\/index.php?rest_route=\/wp\/v2\/types\/post"}],"author":[{"embeddable":true,"href":"http:\/\/www.tenis-krka.org\/index.php?rest_route=\/wp\/v2\/users\/3"}],"replies":[{"embeddable":true,"href":"http:\/\/www.tenis-krka.org\/index.php?rest_route=%2Fwp%2Fv2%2Fcomments&post=5101"}],"version-history":[{"count":4,"href":"http:\/\/www.tenis-krka.org\/index.php?rest_route=\/wp\/v2\/posts\/5101\/revisions"}],"predecessor-version":[{"id":5107,"href":"http:\/\/www.tenis-krka.org\/index.php?rest_route=\/wp\/v2\/posts\/5101\/revisions\/5107"}],"wp:attachment":[{"href":"http:\/\/www.tenis-krka.org\/index.php?rest_route=%2Fwp%2Fv2%2Fmedia&parent=5101"}],"wp:term":[{"taxonomy":"category","embeddable":true,"href":"http:\/\/www.tenis-krka.org\/index.php?rest_route=%2Fwp%2Fv2%2Fcategories&post=5101"},{"taxonomy":"post_tag","embeddable":true,"href":"http:\/\/www.tenis-krka.org\/index.php?rest_route=%2Fwp%2Fv2%2Ftags&post=5101"}],"curies":[{"name":"wp","href":"https:\/\/api.w.org\/{rel}","templated":true}]}}