{"id":5096,"date":"2024-11-18T08:55:06","date_gmt":"2024-11-18T06:55:06","guid":{"rendered":"https:\/\/www.tenis-krka.org\/?p=5096"},"modified":"2025-03-28T10:18:24","modified_gmt":"2025-03-28T08:18:24","slug":"marko-retelj-osvojil-mladinski-mednarodni-turnir-wtt-v-mariboru","status":"publish","type":"post","link":"http:\/\/www.tenis-krka.org\/?p=5096","title":{"rendered":"Marko Retelj osvojil mladinski mednarodni turnir WTT v Mariboru"},"content":{"rendered":"<p>V izjemnih dveh nizih je Marko Retelj osvojil mladinski mednarodni turnir WTT v Mariboru. V finalu je izzval 1. nosilca Gaschiela in ga brez te\u017eav premagal. Z rezultatom 6:3 in 6:1 je osvojil najve\u010djo lovoriko in zmagal \u017ee drugi mladinski turnir serije WTT v tem letu. Najbolj\u0161i je bil tudi v Rijeki na Hrva\u0161kem, kjer je igral na pe\u0161\u010deni podlagi.<\/p>\n<p><a href=\"http:\/\/www.tenis-krka.org\/wp-content\/uploads\/2024\/11\/Marko-ITF-Maribor-november-2024.jpg\"><img loading=\"lazy\" decoding=\"async\" class=\"wp-image-5097 size-medium alignnone\" src=\"http:\/\/www.tenis-krka.org\/wp-content\/uploads\/2024\/11\/Marko-ITF-Maribor-november-2024-150x300.jpg\" alt=\"\" width=\"150\" height=\"300\" srcset=\"http:\/\/www.tenis-krka.org\/wp-content\/uploads\/2024\/11\/Marko-ITF-Maribor-november-2024-150x300.jpg 150w, http:\/\/www.tenis-krka.org\/wp-content\/uploads\/2024\/11\/Marko-ITF-Maribor-november-2024-512x1024.jpg 512w, http:\/\/www.tenis-krka.org\/wp-content\/uploads\/2024\/11\/Marko-ITF-Maribor-november-2024-768x1536.jpg 768w, http:\/\/www.tenis-krka.org\/wp-content\/uploads\/2024\/11\/Marko-ITF-Maribor-november-2024.jpg 800w\" sizes=\"auto, (max-width: 150px) 100vw, 150px\" \/><\/a><\/p>\n","protected":false},"excerpt":{"rendered":"<p>V izjemnih dveh nizih je Marko Retelj osvojil mladinski mednarodni turnir WTT v Mariboru. V finalu je izzval 1. nosilca Gaschiela in ga brez te\u017eav premagal. Z rezultatom 6:3 in 6:1 je osvojil najve\u010djo lovoriko in zmagal \u017ee drugi mladinski turnir serije WTT v tem letu. Najbolj\u0161i je bil tudi v Rijeki na Hrva\u0161kem, kjer [&hellip;]<\/p>\n","protected":false},"author":3,"featured_media":0,"comment_status":"closed","ping_status":"closed","sticky":false,"template":"","format":"standard","meta":{"ngg_post_thumbnail":0,"footnotes":""},"categories":[49,6],"tags":[],"class_list":["post-5096","post","type-post","status-publish","format-standard","hentry","category-marko-retelj","category-rezult"],"aioseo_notices":[],"_links":{"self":[{"href":"http:\/\/www.tenis-krka.org\/index.php?rest_route=\/wp\/v2\/posts\/5096","targetHints":{"allow":["GET"]}}],"collection":[{"href":"http:\/\/www.tenis-krka.org\/index.php?rest_route=\/wp\/v2\/posts"}],"about":[{"href":"http:\/\/www.tenis-krka.org\/index.php?rest_route=\/wp\/v2\/types\/post"}],"author":[{"embeddable":true,"href":"http:\/\/www.tenis-krka.org\/index.php?rest_route=\/wp\/v2\/users\/3"}],"replies":[{"embeddable":true,"href":"http:\/\/www.tenis-krka.org\/index.php?rest_route=%2Fwp%2Fv2%2Fcomments&post=5096"}],"version-history":[{"count":2,"href":"http:\/\/www.tenis-krka.org\/index.php?rest_route=\/wp\/v2\/posts\/5096\/revisions"}],"predecessor-version":[{"id":5099,"href":"http:\/\/www.tenis-krka.org\/index.php?rest_route=\/wp\/v2\/posts\/5096\/revisions\/5099"}],"wp:attachment":[{"href":"http:\/\/www.tenis-krka.org\/index.php?rest_route=%2Fwp%2Fv2%2Fmedia&parent=5096"}],"wp:term":[{"taxonomy":"category","embeddable":true,"href":"http:\/\/www.tenis-krka.org\/index.php?rest_route=%2Fwp%2Fv2%2Fcategories&post=5096"},{"taxonomy":"post_tag","embeddable":true,"href":"http:\/\/www.tenis-krka.org\/index.php?rest_route=%2Fwp%2Fv2%2Ftags&post=5096"}],"curies":[{"name":"wp","href":"https:\/\/api.w.org\/{rel}","templated":true}]}}