{"id":5091,"date":"2024-11-18T08:48:55","date_gmt":"2024-11-18T06:48:55","guid":{"rendered":"https:\/\/www.tenis-krka.org\/?p=5091"},"modified":"2024-11-18T08:48:55","modified_gmt":"2024-11-18T06:48:55","slug":"marko-novak-v-finalu-clanskega-op-v-celju","status":"publish","type":"post","link":"http:\/\/www.tenis-krka.org\/?p=5091","title":{"rendered":"Marko Novak v finalu \u010dlanskega OP v Celju"},"content":{"rendered":"<p>Odprto \u010dlansko prvenstvo se je za\u010delo v soboto, 2. novembra, in se zaklju\u010dilo v nedeljo, 3. novembra. Tekmovalci so se pomerili na igri\u0161\u010dih TK Celje. Izmed vseh je bil najbolj\u0161i Tino Kova\u010di\u010d (\u017dTKMB), tudi 1. nosilec, ki je v finalu ugnal na\u0161ega Marka Novaka (OTO\u010cE) z rezultatom 6:1 in 6:4.<\/p>\n<p>&nbsp;<\/p>\n<p><a href=\"http:\/\/www.tenis-krka.org\/wp-content\/uploads\/2024\/11\/2024-11_Novak_OP_Celje_IMG_20241103_171631-scaled.jpg\"><img loading=\"lazy\" decoding=\"async\" class=\"wp-image-5092 size-medium\" src=\"http:\/\/www.tenis-krka.org\/wp-content\/uploads\/2024\/11\/2024-11_Novak_OP_Celje_IMG_20241103_171631-300x225.jpg\" alt=\"\" width=\"300\" height=\"225\" srcset=\"http:\/\/www.tenis-krka.org\/wp-content\/uploads\/2024\/11\/2024-11_Novak_OP_Celje_IMG_20241103_171631-300x225.jpg 300w, http:\/\/www.tenis-krka.org\/wp-content\/uploads\/2024\/11\/2024-11_Novak_OP_Celje_IMG_20241103_171631-1024x768.jpg 1024w, http:\/\/www.tenis-krka.org\/wp-content\/uploads\/2024\/11\/2024-11_Novak_OP_Celje_IMG_20241103_171631-768x576.jpg 768w, http:\/\/www.tenis-krka.org\/wp-content\/uploads\/2024\/11\/2024-11_Novak_OP_Celje_IMG_20241103_171631-1536x1152.jpg 1536w, http:\/\/www.tenis-krka.org\/wp-content\/uploads\/2024\/11\/2024-11_Novak_OP_Celje_IMG_20241103_171631-2048x1536.jpg 2048w\" sizes=\"auto, (max-width: 300px) 100vw, 300px\" \/><\/a><\/p>\n","protected":false},"excerpt":{"rendered":"<p>Odprto \u010dlansko prvenstvo se je za\u010delo v soboto, 2. novembra, in se zaklju\u010dilo v nedeljo, 3. novembra. Tekmovalci so se pomerili na igri\u0161\u010dih TK Celje. Izmed vseh je bil najbolj\u0161i Tino Kova\u010di\u010d (\u017dTKMB), tudi 1. nosilec, ki je v finalu ugnal na\u0161ega Marka Novaka (OTO\u010cE) z rezultatom 6:1 in 6:4. &nbsp;<\/p>\n","protected":false},"author":3,"featured_media":0,"comment_status":"closed","ping_status":"closed","sticky":false,"template":"","format":"standard","meta":{"ngg_post_thumbnail":0,"footnotes":""},"categories":[1],"tags":[],"class_list":["post-5091","post","type-post","status-publish","format-standard","hentry","category-uncategorized"],"aioseo_notices":[],"_links":{"self":[{"href":"http:\/\/www.tenis-krka.org\/index.php?rest_route=\/wp\/v2\/posts\/5091","targetHints":{"allow":["GET"]}}],"collection":[{"href":"http:\/\/www.tenis-krka.org\/index.php?rest_route=\/wp\/v2\/posts"}],"about":[{"href":"http:\/\/www.tenis-krka.org\/index.php?rest_route=\/wp\/v2\/types\/post"}],"author":[{"embeddable":true,"href":"http:\/\/www.tenis-krka.org\/index.php?rest_route=\/wp\/v2\/users\/3"}],"replies":[{"embeddable":true,"href":"http:\/\/www.tenis-krka.org\/index.php?rest_route=%2Fwp%2Fv2%2Fcomments&post=5091"}],"version-history":[{"count":3,"href":"http:\/\/www.tenis-krka.org\/index.php?rest_route=\/wp\/v2\/posts\/5091\/revisions"}],"predecessor-version":[{"id":5095,"href":"http:\/\/www.tenis-krka.org\/index.php?rest_route=\/wp\/v2\/posts\/5091\/revisions\/5095"}],"wp:attachment":[{"href":"http:\/\/www.tenis-krka.org\/index.php?rest_route=%2Fwp%2Fv2%2Fmedia&parent=5091"}],"wp:term":[{"taxonomy":"category","embeddable":true,"href":"http:\/\/www.tenis-krka.org\/index.php?rest_route=%2Fwp%2Fv2%2Fcategories&post=5091"},{"taxonomy":"post_tag","embeddable":true,"href":"http:\/\/www.tenis-krka.org\/index.php?rest_route=%2Fwp%2Fv2%2Ftags&post=5091"}],"curies":[{"name":"wp","href":"https:\/\/api.w.org\/{rel}","templated":true}]}}