{"id":5048,"date":"2024-03-19T14:07:36","date_gmt":"2024-03-19T12:07:36","guid":{"rendered":"http:\/\/www.tenis-krka.org\/?p=5048"},"modified":"2024-03-19T14:07:36","modified_gmt":"2024-03-19T12:07:36","slug":"spomladanske-priprave","status":"publish","type":"post","link":"http:\/\/www.tenis-krka.org\/?p=5048","title":{"rendered":"Spomladanske priprave"},"content":{"rendered":"<p>Med 14. in 17. marcem smo v Teni\u0161kem klubu Krka Oto\u010dec ponovno organizirali spomladanske priprave v Portoro\u017eu! Udele\u017eilo se jih je kar 25 otrok, ki se niso zabavali le na teni\u0161kih igri\u0161\u010dih temve\u010d tudi med \u0161tevilnimi drugimi aktivnostmi!<\/p>\n<p>Utrujeni vendar zadovoljni obrazi otrok in trenerjev so motivacija za nadaljnje delo in organizacijo podobnih aktivnosti. Upamo, da so bile priprave tudi za otroke dodatna motivacija za treniranje in udele\u017eevanje tekmovanj!<\/p>\n<p>Hvala vsem star\u0161em in otrokom za zaupanje in trenerjem za odli\u010dno organizacijo!<\/p>\nngg_shortcode_0_placeholder\n","protected":false},"excerpt":{"rendered":"<p>Med 14. in 17. marcem smo v Teni\u0161kem klubu Krka Oto\u010dec ponovno organizirali spomladanske priprave v Portoro\u017eu! Udele\u017eilo se jih je kar 25 otrok, ki se niso zabavali le na teni\u0161kih igri\u0161\u010dih temve\u010d tudi med \u0161tevilnimi drugimi aktivnostmi! Utrujeni vendar zadovoljni obrazi otrok in trenerjev so motivacija za nadaljnje delo in organizacijo podobnih aktivnosti. Upamo, [&hellip;]<\/p>\n","protected":false},"author":1,"featured_media":5059,"comment_status":"closed","ping_status":"closed","sticky":false,"template":"","format":"standard","meta":{"ngg_post_thumbnail":0,"footnotes":""},"categories":[7],"tags":[],"class_list":["post-5048","post","type-post","status-publish","format-standard","has-post-thumbnail","hentry","category-tsola"],"aioseo_notices":[],"_links":{"self":[{"href":"http:\/\/www.tenis-krka.org\/index.php?rest_route=\/wp\/v2\/posts\/5048","targetHints":{"allow":["GET"]}}],"collection":[{"href":"http:\/\/www.tenis-krka.org\/index.php?rest_route=\/wp\/v2\/posts"}],"about":[{"href":"http:\/\/www.tenis-krka.org\/index.php?rest_route=\/wp\/v2\/types\/post"}],"author":[{"embeddable":true,"href":"http:\/\/www.tenis-krka.org\/index.php?rest_route=\/wp\/v2\/users\/1"}],"replies":[{"embeddable":true,"href":"http:\/\/www.tenis-krka.org\/index.php?rest_route=%2Fwp%2Fv2%2Fcomments&post=5048"}],"version-history":[{"count":1,"href":"http:\/\/www.tenis-krka.org\/index.php?rest_route=\/wp\/v2\/posts\/5048\/revisions"}],"predecessor-version":[{"id":5060,"href":"http:\/\/www.tenis-krka.org\/index.php?rest_route=\/wp\/v2\/posts\/5048\/revisions\/5060"}],"wp:featuredmedia":[{"embeddable":true,"href":"http:\/\/www.tenis-krka.org\/index.php?rest_route=\/wp\/v2\/media\/5059"}],"wp:attachment":[{"href":"http:\/\/www.tenis-krka.org\/index.php?rest_route=%2Fwp%2Fv2%2Fmedia&parent=5048"}],"wp:term":[{"taxonomy":"category","embeddable":true,"href":"http:\/\/www.tenis-krka.org\/index.php?rest_route=%2Fwp%2Fv2%2Fcategories&post=5048"},{"taxonomy":"post_tag","embeddable":true,"href":"http:\/\/www.tenis-krka.org\/index.php?rest_route=%2Fwp%2Fv2%2Ftags&post=5048"}],"curies":[{"name":"wp","href":"https:\/\/api.w.org\/{rel}","templated":true}]}}