{"id":4951,"date":"2023-06-10T17:39:17","date_gmt":"2023-06-10T15:39:17","guid":{"rendered":"http:\/\/www.tenis-krka.org\/?p=4951"},"modified":"2023-06-10T17:59:03","modified_gmt":"2023-06-10T15:59:03","slug":"uspesno-izpeljana-dva-zaporedna-profesionalna-turnirja-z-nagradnim-skladom-40-000","status":"publish","type":"post","link":"http:\/\/www.tenis-krka.org\/?p=4951","title":{"rendered":"Uspe\u0161no izpeljana dva zaporedna profesionalna turnirja z nagradnim skladom $40 000!"},"content":{"rendered":"<p>Za nami sta dva naporna tedna, ko sta na Oto\u010dcu potekala dva zaporedna profesionalna \u017eenska turnirja z nagradnim skladom 40 000$. Po treh letih uspe\u0161ne organizacije profesionalnih turnirjev &#8211; najprej leta 2020 z organizacijo turnirja W15, kjer je slavila na\u0161a \u017diva Falkner, in nato 2 zaporedni leti z organizacijo dveh zaporednih tekmovanj W25 smo pridobili zaupanje tako Teni\u0161ke zveze Slovenija kot tudi mednarodne zveze ITF in organizirali tako rank tekmovanja \u0161e povi\u0161ali. Na obeh turnirjih je v glavnem delu nastopilo 48 igralk, obakrat pa smo imeli tudi poln kvalifikacijski \u017ereb z 32 igralkami.&nbsp;<\/p>\n<div id=\"attachment_4960\" style=\"width: 210px\" class=\"wp-caption alignleft\"><a href=\"http:\/\/www.tenis-krka.org\/wp-content\/uploads\/2023\/06\/20230524_083700-1-scaled.jpg\"><img loading=\"lazy\" decoding=\"async\" aria-describedby=\"caption-attachment-4960\" class=\"wp-image-4960\" src=\"http:\/\/www.tenis-krka.org\/wp-content\/uploads\/2023\/06\/20230524_083700-1-300x225.jpg\" alt=\"\" width=\"200\" height=\"150\" srcset=\"http:\/\/www.tenis-krka.org\/wp-content\/uploads\/2023\/06\/20230524_083700-1-300x225.jpg 300w, http:\/\/www.tenis-krka.org\/wp-content\/uploads\/2023\/06\/20230524_083700-1-1024x768.jpg 1024w, http:\/\/www.tenis-krka.org\/wp-content\/uploads\/2023\/06\/20230524_083700-1-768x576.jpg 768w, http:\/\/www.tenis-krka.org\/wp-content\/uploads\/2023\/06\/20230524_083700-1-1536x1152.jpg 1536w, http:\/\/www.tenis-krka.org\/wp-content\/uploads\/2023\/06\/20230524_083700-1-2048x1536.jpg 2048w\" sizes=\"auto, (max-width: 200px) 100vw, 200px\" \/><\/a><p id=\"caption-attachment-4960\" class=\"wp-caption-text\">Ekipa, ki je zagotovila, da so tekme potekale po urniku, je s pripravo igri\u0161\u010d za\u010dela \u017ee navsezgodaj zjutraj.<\/p><\/div>\n<div id=\"attachment_4996\" style=\"width: 210px\" class=\"wp-caption alignleft\"><a href=\"http:\/\/www.tenis-krka.org\/wp-content\/uploads\/2023\/06\/w40-otocec-060-230523-gv-1.jpg\"><img loading=\"lazy\" decoding=\"async\" aria-describedby=\"caption-attachment-4996\" class=\"wp-image-4996\" src=\"http:\/\/www.tenis-krka.org\/wp-content\/uploads\/2023\/06\/w40-otocec-060-230523-gv-1-300x200.jpg\" alt=\"\" width=\"200\" height=\"133\" srcset=\"http:\/\/www.tenis-krka.org\/wp-content\/uploads\/2023\/06\/w40-otocec-060-230523-gv-1-300x200.jpg 300w, http:\/\/www.tenis-krka.org\/wp-content\/uploads\/2023\/06\/w40-otocec-060-230523-gv-1-1024x683.jpg 1024w, http:\/\/www.tenis-krka.org\/wp-content\/uploads\/2023\/06\/w40-otocec-060-230523-gv-1-768x512.jpg 768w, http:\/\/www.tenis-krka.org\/wp-content\/uploads\/2023\/06\/w40-otocec-060-230523-gv-1.jpg 1200w\" sizes=\"auto, (max-width: 200px) 100vw, 200px\" \/><\/a><p id=\"caption-attachment-4996\" class=\"wp-caption-text\">Falkner Ziva (SLO) during ITF WTT W40 Otocec 2023, on 23 May 2023,TK Otocec, Slovenia. Photo by Grega Valancic \/ Sportida<\/p><\/div>\n<div id=\"attachment_5002\" style=\"width: 210px\" class=\"wp-caption alignleft\"><a href=\"http:\/\/www.tenis-krka.org\/wp-content\/uploads\/2023\/06\/20230527_171457-scaled.jpg\"><img loading=\"lazy\" decoding=\"async\" aria-describedby=\"caption-attachment-5002\" class=\"wp-image-5002\" src=\"http:\/\/www.tenis-krka.org\/wp-content\/uploads\/2023\/06\/20230527_171457-300x225.jpg\" alt=\"\" width=\"200\" height=\"150\" srcset=\"http:\/\/www.tenis-krka.org\/wp-content\/uploads\/2023\/06\/20230527_171457-300x225.jpg 300w, http:\/\/www.tenis-krka.org\/wp-content\/uploads\/2023\/06\/20230527_171457-1024x768.jpg 1024w, http:\/\/www.tenis-krka.org\/wp-content\/uploads\/2023\/06\/20230527_171457-768x576.jpg 768w, http:\/\/www.tenis-krka.org\/wp-content\/uploads\/2023\/06\/20230527_171457-1536x1152.jpg 1536w, http:\/\/www.tenis-krka.org\/wp-content\/uploads\/2023\/06\/20230527_171457-2048x1536.jpg 2048w\" sizes=\"auto, (max-width: 200px) 100vw, 200px\" \/><\/a><p id=\"caption-attachment-5002\" class=\"wp-caption-text\">Finalistke v konkurenci dvojic.<\/p><\/div>\n<p>&nbsp;<\/p>\n<p>&nbsp;<\/p>\n<p>&nbsp;<\/p>\n<p>&nbsp;<\/p>\n<p>&nbsp;<\/p>\n<p>&nbsp;<\/p>\n<p>&nbsp;<\/p>\n<p>&nbsp;<\/p>\n<p>Prvi turnir z nazivom KRKA OPEN je potekal med 21. in 28. majem. Prva nosilka je bila 28-letna Irina Maria Bara iz Romunije, ki trenutno zaseda 186. mesto na lestvici WTA. Turnir je potekal brez zapletov in kljub slabemu vremenu smo vse tekme na igri\u0161\u010da spravili ob uri, predvideni na urniku.<\/p>\n<p>Na turnirju je nastopila tudi na\u0161a \u017diva Falkner, ki pa je izgubila v prvem krogu proti igralki Ilinci Dalini Amariei iz Romunije. Nekaj ve\u010d sre\u010de je imela v dvojicah, kjer se je v paru s \u010cehinjo Deniso Hindovo prebila do \u010detrtfinala.<\/p>\n<p>Posebej velja izpostaviti uspeh Veronike Erjavec, ki se je na turnirju prebila vse do polfinala! Tam je po izredno napetem dvoboju izgubila proti kasnej\u0161i zmagovalki Slovakinji Rebecci Sramkovi z rezultatom 36 64 67 (4). Uvrstitvi v polfinale pa je dodala zmago v konkurenci dvojic, kjer je slavila s \u010cehinjo Dominiko Salkovo.<\/p>\n<p>Zmagovalka turnirja KRKA OPEN je postala Slovakinja Rebecca Sramkova, ki je v finalu premagala igralko iz Avstralije &#8211; Seone Mendez z rezultatom 63 76(2). Tenis, ki smo ga lahko spremljali v finalu, je bil na vrhunskem nivoju in lahko bi rekli, da tako kvalitetnega \u017eenskega dvoboja na Oto\u010dcu \u0161e nismo videli.<\/p>\n<div id=\"attachment_4991\" style=\"width: 210px\" class=\"wp-caption alignleft\"><a href=\"http:\/\/www.tenis-krka.org\/wp-content\/uploads\/2023\/06\/itf-otocec-0036-230528-mkv.jpg\"><img loading=\"lazy\" decoding=\"async\" aria-describedby=\"caption-attachment-4991\" class=\"wp-image-4991\" src=\"http:\/\/www.tenis-krka.org\/wp-content\/uploads\/2023\/06\/itf-otocec-0036-230528-mkv-300x200.jpg\" alt=\"\" width=\"200\" height=\"134\" srcset=\"http:\/\/www.tenis-krka.org\/wp-content\/uploads\/2023\/06\/itf-otocec-0036-230528-mkv-300x200.jpg 300w, http:\/\/www.tenis-krka.org\/wp-content\/uploads\/2023\/06\/itf-otocec-0036-230528-mkv-1024x684.jpg 1024w, http:\/\/www.tenis-krka.org\/wp-content\/uploads\/2023\/06\/itf-otocec-0036-230528-mkv-768x513.jpg 768w, http:\/\/www.tenis-krka.org\/wp-content\/uploads\/2023\/06\/itf-otocec-0036-230528-mkv.jpg 1200w\" sizes=\"auto, (max-width: 200px) 100vw, 200px\" \/><\/a><p id=\"caption-attachment-4991\" class=\"wp-caption-text\">Seone Mendez (AUS) and Rebecca Sramkova (SVK) during final at ITF WTT W40 Otocec 2023, on 28 May 2023,TK Otocec, Slovenia. Photo by Matic Klansek Velej \/ Sportida<\/p><\/div>\n<div id=\"attachment_4988\" style=\"width: 210px\" class=\"wp-caption alignleft\"><a href=\"http:\/\/www.tenis-krka.org\/wp-content\/uploads\/2023\/06\/itf-otocec-0032-230528-mkv.jpg\"><img loading=\"lazy\" decoding=\"async\" aria-describedby=\"caption-attachment-4988\" class=\"wp-image-4988\" src=\"http:\/\/www.tenis-krka.org\/wp-content\/uploads\/2023\/06\/itf-otocec-0032-230528-mkv-300x200.jpg\" alt=\"\" width=\"200\" height=\"133\" srcset=\"http:\/\/www.tenis-krka.org\/wp-content\/uploads\/2023\/06\/itf-otocec-0032-230528-mkv-300x200.jpg 300w, http:\/\/www.tenis-krka.org\/wp-content\/uploads\/2023\/06\/itf-otocec-0032-230528-mkv-1024x683.jpg 1024w, http:\/\/www.tenis-krka.org\/wp-content\/uploads\/2023\/06\/itf-otocec-0032-230528-mkv-768x512.jpg 768w, http:\/\/www.tenis-krka.org\/wp-content\/uploads\/2023\/06\/itf-otocec-0032-230528-mkv.jpg 1200w\" sizes=\"auto, (max-width: 200px) 100vw, 200px\" \/><\/a><p id=\"caption-attachment-4988\" class=\"wp-caption-text\">Rebecca Sramkova (SVK) with ball kids during final at ITF WTT W40 Otocec 2023, on 28 May 2023,TK Otocec, Slovenia. Photo by Matic Klansek Velej \/ Sportida<\/p><\/div>\n<div id=\"attachment_4987\" style=\"width: 210px\" class=\"wp-caption alignleft\"><a href=\"http:\/\/www.tenis-krka.org\/wp-content\/uploads\/2023\/06\/itf-otocec-0027-230528-mkv.jpg\"><img loading=\"lazy\" decoding=\"async\" aria-describedby=\"caption-attachment-4987\" class=\"wp-image-4987\" src=\"http:\/\/www.tenis-krka.org\/wp-content\/uploads\/2023\/06\/itf-otocec-0027-230528-mkv-300x200.jpg\" alt=\"\" width=\"200\" height=\"133\" srcset=\"http:\/\/www.tenis-krka.org\/wp-content\/uploads\/2023\/06\/itf-otocec-0027-230528-mkv-300x200.jpg 300w, http:\/\/www.tenis-krka.org\/wp-content\/uploads\/2023\/06\/itf-otocec-0027-230528-mkv-1024x683.jpg 1024w, http:\/\/www.tenis-krka.org\/wp-content\/uploads\/2023\/06\/itf-otocec-0027-230528-mkv-768x512.jpg 768w, http:\/\/www.tenis-krka.org\/wp-content\/uploads\/2023\/06\/itf-otocec-0027-230528-mkv.jpg 1200w\" sizes=\"auto, (max-width: 200px) 100vw, 200px\" \/><\/a><p id=\"caption-attachment-4987\" class=\"wp-caption-text\">Rebecca Sramkova (SVK) during final at ITF WTT W40 Otocec 2023, on 28 May 2023,TK Otocec, Slovenia. Photo by Matic Klansek Velej \/ Sportida<\/p><\/div>\n<p>&nbsp;<\/p>\n<p>&nbsp;<\/p>\n<p>&nbsp;<\/p>\n<p>&nbsp;<\/p>\n<p>&nbsp;<\/p>\n<p>&nbsp;<\/p>\n<p>&nbsp;<\/p>\n<p>&nbsp;<\/p>\n<p>&nbsp;<\/p>\n<p>&nbsp;<\/p>\n<p>V torek 23. 5. je v sklopu turnirja potekala tudi novinarska konferenca, na kateri so sodelovali Gregor Kru\u0161i\u010d, direktor teni\u0161ke zveze, Vinko Zupan\u010di\u010d, predsednik TK Krka Oto\u010dec, Andrej Petkovi\u010d, direktor turnirjev in Noka Juri\u010d, perspektivna mlada slovenska teni\u0161ka igralka.&nbsp;<\/p>\n<div id=\"attachment_5000\" style=\"width: 310px\" class=\"wp-caption alignnone\"><a href=\"http:\/\/www.tenis-krka.org\/wp-content\/uploads\/2023\/06\/w40-otocec-378-230523-gv.jpg\"><img loading=\"lazy\" decoding=\"async\" aria-describedby=\"caption-attachment-5000\" class=\"size-medium wp-image-5000\" src=\"http:\/\/www.tenis-krka.org\/wp-content\/uploads\/2023\/06\/w40-otocec-378-230523-gv-300x200.jpg\" alt=\"\" width=\"300\" height=\"200\" srcset=\"http:\/\/www.tenis-krka.org\/wp-content\/uploads\/2023\/06\/w40-otocec-378-230523-gv-300x200.jpg 300w, http:\/\/www.tenis-krka.org\/wp-content\/uploads\/2023\/06\/w40-otocec-378-230523-gv-1024x683.jpg 1024w, http:\/\/www.tenis-krka.org\/wp-content\/uploads\/2023\/06\/w40-otocec-378-230523-gv-768x512.jpg 768w, http:\/\/www.tenis-krka.org\/wp-content\/uploads\/2023\/06\/w40-otocec-378-230523-gv.jpg 1200w\" sizes=\"auto, (max-width: 300px) 100vw, 300px\" \/><\/a><p id=\"caption-attachment-5000\" class=\"wp-caption-text\">Press conference for WTT W40 Krka Open 2023 during ITF WTT W40 Otocec 2023, on 23 May 2023,TK Otocec, Slovenia. Photo by Grega Valancic \/ Sportida<\/p><\/div>\n<p>Med 28. majem in 4. junijem je potekal \u0161e drugi turnir z nazivom BTC CITY OPEN, ki je bil ob\u010dutno mo\u010dnej\u0161i, saj je na njem igralo kar nekaj igralk, ki so teden pred tem nastopile v kvalifikacijah za Roland Garros &#8211; Maja Chwalinska (POL), Susan Bandecchi (SUI), Jaimee Fourlis (AUS), Antonia Ruzic (CRO), Valentini Grammatikopoulou (GRE), Darya Astakhova in tudi Polona Hercog &#8211; ena izmed najbolj prepoznavnih slovenskih teni\u0161kih igralk, ki se po odsotnosti vra\u010da na igri\u0161\u010da.&nbsp;<\/p>\n<p>Prva nosilka na drugem turnirju je bila Jaimee Fourlis iz Avstralije, ki trenutno zaseda 152. mesto na lestvici WTA. \u0160e teden prej je nastopila v tretjem krogu kvalifikacij za Roland Garros, tukaj pa je morala zaradi po\u0161kodbe predati dvoboj \u017ee v drugem krogu tekmovanja. Druga nosilka pa je bila Valentini Grammatikopoulou iz Gr\u010dije, ki trenutno zaseda 189. mesto na lestvici WTA.&nbsp;<\/p>\n<p>Na drugem turnirju se je do zmage v glavnem delu prebila tudi \u017diva Falkner, ki je bila bolj\u0161a od Japonke Yuki Naito z rezultatom 61 64. V drugem krogu pa jo je \u010dakala 32-letna Japonka Misaki Doi &#8211; nekdanja 30. igralka sveta, ki je bila od \u017dive bolj\u0161a z rezultatom 63 63.&nbsp;<\/p>\n<p>V konkurenci dvojic sta na koncu slavili Ameri\u010danka Elvina Kalieva in Ekaterine Gorgodze iz Gruzije, med posameznicami pa Valentini Grammatikopolou iz Gr\u010dije, ki je bila v finalu bolj\u0161a od zmagovalke Krka Open &#8211; Rebecce Sramkove z rezultatom 64 64.<\/p>\n<div id=\"attachment_4984\" style=\"width: 210px\" class=\"wp-caption alignleft\"><a href=\"http:\/\/www.tenis-krka.org\/wp-content\/uploads\/2023\/06\/347561307_689155549686930_5627558130067481325_n.jpg\"><img loading=\"lazy\" decoding=\"async\" aria-describedby=\"caption-attachment-4984\" class=\"wp-image-4984\" src=\"http:\/\/www.tenis-krka.org\/wp-content\/uploads\/2023\/06\/347561307_689155549686930_5627558130067481325_n-300x200.jpg\" alt=\"\" width=\"200\" height=\"133\" srcset=\"http:\/\/www.tenis-krka.org\/wp-content\/uploads\/2023\/06\/347561307_689155549686930_5627558130067481325_n-300x200.jpg 300w, http:\/\/www.tenis-krka.org\/wp-content\/uploads\/2023\/06\/347561307_689155549686930_5627558130067481325_n-1024x683.jpg 1024w, http:\/\/www.tenis-krka.org\/wp-content\/uploads\/2023\/06\/347561307_689155549686930_5627558130067481325_n-768x512.jpg 768w, http:\/\/www.tenis-krka.org\/wp-content\/uploads\/2023\/06\/347561307_689155549686930_5627558130067481325_n-1536x1025.jpg 1536w, http:\/\/www.tenis-krka.org\/wp-content\/uploads\/2023\/06\/347561307_689155549686930_5627558130067481325_n.jpg 2048w\" sizes=\"auto, (max-width: 200px) 100vw, 200px\" \/><\/a><p id=\"caption-attachment-4984\" class=\"wp-caption-text\">Valentini Grammatikopoulou of Greece and Rebecca Sramkova of Slovakia with ball boys at trophy ceremony after final at ITF WTT W40 Otocec 2023, on June 4, 2023, in TK Otocec, Novo mesto, Slovenia. Photo by Vid Ponikvar \/ Sportida<\/p><\/div>\n<div id=\"attachment_4982\" style=\"width: 210px\" class=\"wp-caption alignleft\"><a href=\"http:\/\/www.tenis-krka.org\/wp-content\/uploads\/2023\/06\/347394421_6044246952364657_7633345431849503239_n.jpg\"><img loading=\"lazy\" decoding=\"async\" aria-describedby=\"caption-attachment-4982\" class=\"wp-image-4982\" src=\"http:\/\/www.tenis-krka.org\/wp-content\/uploads\/2023\/06\/347394421_6044246952364657_7633345431849503239_n-300x198.jpg\" alt=\"\" width=\"200\" height=\"132\" srcset=\"http:\/\/www.tenis-krka.org\/wp-content\/uploads\/2023\/06\/347394421_6044246952364657_7633345431849503239_n-300x198.jpg 300w, http:\/\/www.tenis-krka.org\/wp-content\/uploads\/2023\/06\/347394421_6044246952364657_7633345431849503239_n-1024x677.jpg 1024w, http:\/\/www.tenis-krka.org\/wp-content\/uploads\/2023\/06\/347394421_6044246952364657_7633345431849503239_n-768x507.jpg 768w, http:\/\/www.tenis-krka.org\/wp-content\/uploads\/2023\/06\/347394421_6044246952364657_7633345431849503239_n-1536x1015.jpg 1536w, http:\/\/www.tenis-krka.org\/wp-content\/uploads\/2023\/06\/347394421_6044246952364657_7633345431849503239_n.jpg 2048w\" sizes=\"auto, (max-width: 200px) 100vw, 200px\" \/><\/a><p id=\"caption-attachment-4982\" class=\"wp-caption-text\">Valentini Grammatikopoulou of Greece (R) and Rebecca Sramkova of Slovakia at trophy ceremony after final at ITF WTT W40 Otocec 2023, on June 4, 2023, in TK Otocec, Novo mesto, Slovenia. Photo by Vid Ponikvar \/ Sportida<\/p><\/div>\n<div id=\"attachment_4986\" style=\"width: 210px\" class=\"wp-caption alignleft\"><a href=\"http:\/\/www.tenis-krka.org\/wp-content\/uploads\/2023\/06\/itf-otocec-0023-230528-mkv.jpg\"><img loading=\"lazy\" decoding=\"async\" aria-describedby=\"caption-attachment-4986\" class=\"wp-image-4986\" src=\"http:\/\/www.tenis-krka.org\/wp-content\/uploads\/2023\/06\/itf-otocec-0023-230528-mkv-300x200.jpg\" alt=\"\" width=\"200\" height=\"133\" srcset=\"http:\/\/www.tenis-krka.org\/wp-content\/uploads\/2023\/06\/itf-otocec-0023-230528-mkv-300x200.jpg 300w, http:\/\/www.tenis-krka.org\/wp-content\/uploads\/2023\/06\/itf-otocec-0023-230528-mkv-1024x683.jpg 1024w, http:\/\/www.tenis-krka.org\/wp-content\/uploads\/2023\/06\/itf-otocec-0023-230528-mkv-768x512.jpg 768w, http:\/\/www.tenis-krka.org\/wp-content\/uploads\/2023\/06\/itf-otocec-0023-230528-mkv.jpg 1200w\" sizes=\"auto, (max-width: 200px) 100vw, 200px\" \/><\/a><p id=\"caption-attachment-4986\" class=\"wp-caption-text\">Fans during final at ITF WTT W40 Otocec 2023, on 28 May 2023,TK Otocec, Slovenia. Photo by Matic Klansek Velej \/ Sportida<\/p><\/div>\n<p>&nbsp;<\/p>\n<p>&nbsp;<\/p>\n<p>&nbsp;<\/p>\n<p>&nbsp;<\/p>\n<p>&nbsp;<\/p>\n<p>&nbsp;<\/p>\n<p>&nbsp;<\/p>\n<p>&nbsp;<\/p>\n<p>&nbsp;<\/p>\n<p>&nbsp;<\/p>\n<p>S ponosom tudi poudarjamo, da smo v \u010dasu turnirjev energijo namenili tudi dobrodelnosti. Vse zavr\u017eene plastenke vode, zama\u0161ke in prazne plo\u010devinke \u017eogic smo zbirali in odva\u017eali ter tako prispevali v sklad \u0160portnik sem Zveze prijateljev mladina. Pri tem se jim zahvaljujemo za zaupanje in upamo, da bomo v prihodnje \u0161e sodelovali.<\/p>\n<p>Zaklju\u010dek obeh tednov je povzela ITF supervisorka Lucie Adamovska, brez katere ne bi zmogli:<\/p>\n<blockquote><p>For the level of W40 we had incredible matches this week and the level of tennis was more like a WTA level than ITF W40 so I am really glad we had such strong draw. It&#8217;s not easy to hold a W40 draw and organisers have managed even 2 weeks in a row.&nbsp;<\/p><\/blockquote>\n<p>Z organizacijo je bil prav tako zadovoljen predsednik kluba Vinko Zupan\u010di\u010d:<\/p>\n<blockquote><p>Glede na prve pogovore s tekmovalci lahko upamo da je to, lansko leto tudi uradno, eden izmed najbolje organiziranih turnirjev ITF in je tudi v leto\u0161njem letu verjetno v samem vrhu.<\/p><\/blockquote>\n<p>&nbsp;<\/p>\n<p>Na koncu bi se seveda radi zahvalili vsem, ki so omogo\u010dili organizacijo turnirjev na tako visokem nivoju.<\/p>\n<div id=\"attachment_4966\" style=\"width: 310px\" class=\"wp-caption aligncenter\"><a href=\"http:\/\/www.tenis-krka.org\/wp-content\/uploads\/2023\/06\/20230527_171142-scaled.jpg\"><img loading=\"lazy\" decoding=\"async\" aria-describedby=\"caption-attachment-4966\" class=\"size-medium wp-image-4966\" src=\"http:\/\/www.tenis-krka.org\/wp-content\/uploads\/2023\/06\/20230527_171142-300x225.jpg\" alt=\"\" width=\"300\" height=\"225\" srcset=\"http:\/\/www.tenis-krka.org\/wp-content\/uploads\/2023\/06\/20230527_171142-300x225.jpg 300w, http:\/\/www.tenis-krka.org\/wp-content\/uploads\/2023\/06\/20230527_171142-1024x768.jpg 1024w, http:\/\/www.tenis-krka.org\/wp-content\/uploads\/2023\/06\/20230527_171142-768x576.jpg 768w, http:\/\/www.tenis-krka.org\/wp-content\/uploads\/2023\/06\/20230527_171142-1536x1152.jpg 1536w, http:\/\/www.tenis-krka.org\/wp-content\/uploads\/2023\/06\/20230527_171142-2048x1536.jpg 2048w\" sizes=\"auto, (max-width: 300px) 100vw, 300px\" \/><\/a><p id=\"caption-attachment-4966\" class=\"wp-caption-text\">Sponzorji turnirjev.<\/p><\/div>\n","protected":false},"excerpt":{"rendered":"<p>Za nami sta dva naporna tedna, ko sta na Oto\u010dcu potekala dva zaporedna profesionalna \u017eenska turnirja z nagradnim skladom 40 000$. Po treh letih uspe\u0161ne organizacije profesionalnih turnirjev &#8211; najprej leta 2020 z organizacijo turnirja W15, kjer je slavila na\u0161a \u017diva Falkner, in nato 2 zaporedni leti z organizacijo dveh zaporednih tekmovanj W25 smo pridobili [&hellip;]<\/p>\n","protected":false},"author":1,"featured_media":4984,"comment_status":"closed","ping_status":"closed","sticky":false,"template":"","format":"standard","meta":{"ngg_post_thumbnail":0,"footnotes":""},"categories":[4,58,5,47],"tags":[],"class_list":["post-4951","post","type-post","status-publish","format-standard","has-post-thumbnail","hentry","category-dog","category-krka-open-2023","category-tekm","category-ziva-falkner"],"aioseo_notices":[],"_links":{"self":[{"href":"http:\/\/www.tenis-krka.org\/index.php?rest_route=\/wp\/v2\/posts\/4951","targetHints":{"allow":["GET"]}}],"collection":[{"href":"http:\/\/www.tenis-krka.org\/index.php?rest_route=\/wp\/v2\/posts"}],"about":[{"href":"http:\/\/www.tenis-krka.org\/index.php?rest_route=\/wp\/v2\/types\/post"}],"author":[{"embeddable":true,"href":"http:\/\/www.tenis-krka.org\/index.php?rest_route=\/wp\/v2\/users\/1"}],"replies":[{"embeddable":true,"href":"http:\/\/www.tenis-krka.org\/index.php?rest_route=%2Fwp%2Fv2%2Fcomments&post=4951"}],"version-history":[{"count":12,"href":"http:\/\/www.tenis-krka.org\/index.php?rest_route=\/wp\/v2\/posts\/4951\/revisions"}],"predecessor-version":[{"id":5031,"href":"http:\/\/www.tenis-krka.org\/index.php?rest_route=\/wp\/v2\/posts\/4951\/revisions\/5031"}],"wp:featuredmedia":[{"embeddable":true,"href":"http:\/\/www.tenis-krka.org\/index.php?rest_route=\/wp\/v2\/media\/4984"}],"wp:attachment":[{"href":"http:\/\/www.tenis-krka.org\/index.php?rest_route=%2Fwp%2Fv2%2Fmedia&parent=4951"}],"wp:term":[{"taxonomy":"category","embeddable":true,"href":"http:\/\/www.tenis-krka.org\/index.php?rest_route=%2Fwp%2Fv2%2Fcategories&post=4951"},{"taxonomy":"post_tag","embeddable":true,"href":"http:\/\/www.tenis-krka.org\/index.php?rest_route=%2Fwp%2Fv2%2Ftags&post=4951"}],"curies":[{"name":"wp","href":"https:\/\/api.w.org\/{rel}","templated":true}]}}