{"id":495,"date":"2009-07-11T22:16:43","date_gmt":"2009-07-11T20:16:43","guid":{"rendered":"http:\/\/www.tenis-krka.org\/?p=495"},"modified":"2019-05-27T15:16:55","modified_gmt":"2019-05-27T13:16:55","slug":"davis-cup-slovenija-litva-otocec10-12-julija-2009","status":"publish","type":"post","link":"http:\/\/www.tenis-krka.org\/?p=495","title":{"rendered":"DAVIS CUP SLOVENIJA : LITVA (Oto\u010dec\/10.- 12. julija 2009)"},"content":{"rendered":"<p>Na igri\u0161\u010dih \u0160RC OTO\u010cEC v organizaciji TK KRKA OTO\u010cEC in TZS poteka 10.-12.07.2009  najpresti\u017enej\u0161e tekmovanje v tenisu\u2026..<\/p>\n<p align=\"justify\">12.07.2009\/Oto\u010dec: Slovenija je zadnji dan tekme proti Litvi zabele\u017eila \u0161e dve  posami\u010dni zmagi, tako da je bil skupni rezultat 5\/0 za na\u0161e. V prvem dvoboju  dan\u0161njega dne je Janez Semrajc zamenjal Bla\u017ea Kav\u010di\u010da in premagal Ricardasa  Berankisa s 63 75, Grega \u017demlja pa v zadnjem dvoboju Dovydasa Sakinisa s 64 26  61. Slovenska reprezentanca se bo v zadnji tekmi druge evro-afri\u0161ke skupine v  gosteh pomerila z Latvijo, zmaga pa vodi k napredovanju v prvo skupino. <a style=\"display: none;\">TUKAJ.<\/a><\/p>\n<p>11.07.2009\/Oto\u010dec: Slovenija je v tekmi drugega kroga druge skupine evro-afri\u0161ke cone tekmovanja za Davisov pokal proti Litvi povedla z 3\/0. Grega \u017demlja je v uvodnem dvoboju premagal Ricardasa Berankisa s 61 64 63, Bla\u017e Kav\u010di\u010d pa v drugem dvoboju dneva Gvidasa Sabeckinsa s 62 63 61. Danes so odigrali \u0161e dvoboj dvojic, zaigrala sta \u017demlja in Kra\u010dman in z zmago 3\/0 v nizih na\u0161i reprezentanci \u017ee zagotovila nastop v finalu proti zmagovalcu v tekmi Bolgarija\/Latvija (po prvem dnevu vodijo Latvijci z 2\/0)..<\/p>\n<p>V nadaljevanju si oglejte galerijo slik.<\/p>\n<p>Povezava na uradno stran Davisovega pokala: <a href=\"http:\/\/www.daviscup.com\/results\/ea2.asp\" target=\"_blank\">http:\/\/www.daviscup.com\/results\/ea2.asp<\/a><\/p>\n<p><!--more--><\/p>\nngg_shortcode_0_placeholder\n","protected":false},"excerpt":{"rendered":"<p>Na igri\u0161\u010dih \u0160RC OTO\u010cEC v organizaciji TK KRKA OTO\u010cEC in TZS poteka 10.-12.07.2009 najpresti\u017enej\u0161e tekmovanje v tenisu\u2026.. 12.07.2009\/Oto\u010dec: Slovenija je zadnji dan tekme proti Litvi zabele\u017eila \u0161e dve posami\u010dni zmagi, tako da je bil skupni rezultat 5\/0 za na\u0161e. V prvem dvoboju dan\u0161njega dne je Janez Semrajc zamenjal Bla\u017ea Kav\u010di\u010da in premagal Ricardasa Berankisa s [&hellip;]<\/p>\n","protected":false},"author":3,"featured_media":0,"comment_status":"closed","ping_status":"closed","sticky":false,"template":"","format":"standard","meta":{"ngg_post_thumbnail":0,"footnotes":""},"categories":[4,6,5],"tags":[27],"class_list":["post-495","post","type-post","status-publish","format-standard","hentry","category-dog","category-rezult","category-tekm","tag-davis-cup"],"aioseo_notices":[],"_links":{"self":[{"href":"http:\/\/www.tenis-krka.org\/index.php?rest_route=\/wp\/v2\/posts\/495","targetHints":{"allow":["GET"]}}],"collection":[{"href":"http:\/\/www.tenis-krka.org\/index.php?rest_route=\/wp\/v2\/posts"}],"about":[{"href":"http:\/\/www.tenis-krka.org\/index.php?rest_route=\/wp\/v2\/types\/post"}],"author":[{"embeddable":true,"href":"http:\/\/www.tenis-krka.org\/index.php?rest_route=\/wp\/v2\/users\/3"}],"replies":[{"embeddable":true,"href":"http:\/\/www.tenis-krka.org\/index.php?rest_route=%2Fwp%2Fv2%2Fcomments&post=495"}],"version-history":[{"count":9,"href":"http:\/\/www.tenis-krka.org\/index.php?rest_route=\/wp\/v2\/posts\/495\/revisions"}],"predecessor-version":[{"id":504,"href":"http:\/\/www.tenis-krka.org\/index.php?rest_route=\/wp\/v2\/posts\/495\/revisions\/504"}],"wp:attachment":[{"href":"http:\/\/www.tenis-krka.org\/index.php?rest_route=%2Fwp%2Fv2%2Fmedia&parent=495"}],"wp:term":[{"taxonomy":"category","embeddable":true,"href":"http:\/\/www.tenis-krka.org\/index.php?rest_route=%2Fwp%2Fv2%2Fcategories&post=495"},{"taxonomy":"post_tag","embeddable":true,"href":"http:\/\/www.tenis-krka.org\/index.php?rest_route=%2Fwp%2Fv2%2Ftags&post=495"}],"curies":[{"name":"wp","href":"https:\/\/api.w.org\/{rel}","templated":true}]}}