{"id":4872,"date":"2023-04-11T23:50:08","date_gmt":"2023-04-11T21:50:08","guid":{"rendered":"http:\/\/www.tenis-krka.org\/?p=4872"},"modified":"2023-04-11T23:52:22","modified_gmt":"2023-04-11T21:52:22","slug":"podelitev-spriceval-v-teniski-soli","status":"publish","type":"post","link":"http:\/\/www.tenis-krka.org\/?p=4872","title":{"rendered":"Podelitev spri\u010deval v teni\u0161ki \u0161oli"},"content":{"rendered":"<p>V teni\u0161ki \u0161oli smo vsem igralcem podelili spri\u010devala ob uspe\u0161no zaklju\u010denem prvem ocenjevalnem obdobju.&nbsp;<\/p>\n<p>S podelitvijo spri\u010deval \u017eelimo otroke nagraditi za napredek in redno udele\u017ebo na treningih, hkrati pa jih \u017eelimo motivirati, da bodo na treningih vztrajali in svoje znanje preizkusili tudi na kak\u0161nem turnirju!<\/p>\n<p>Naslednjo prilo\u017enost bodo otroci imeli \u017ee 22. aprila, ko bo na Oto\u010dcu po ve\u010d letih zopet potekal turnir 8 &#8211; 11 let.<\/p>\nngg_shortcode_0_placeholder\n","protected":false},"excerpt":{"rendered":"<p>V teni\u0161ki \u0161oli smo vsem igralcem podelili spri\u010devala ob uspe\u0161no zaklju\u010denem prvem ocenjevalnem obdobju.&nbsp; S podelitvijo spri\u010deval \u017eelimo otroke nagraditi za napredek in redno udele\u017ebo na treningih, hkrati pa jih \u017eelimo motivirati, da bodo na treningih vztrajali in svoje znanje preizkusili tudi na kak\u0161nem turnirju! Naslednjo prilo\u017enost bodo otroci imeli \u017ee 22. aprila, ko bo [&hellip;]<\/p>\n","protected":false},"author":1,"featured_media":4886,"comment_status":"closed","ping_status":"closed","sticky":false,"template":"","format":"standard","meta":{"ngg_post_thumbnail":0,"footnotes":""},"categories":[1],"tags":[],"class_list":["post-4872","post","type-post","status-publish","format-standard","has-post-thumbnail","hentry","category-uncategorized"],"aioseo_notices":[],"_links":{"self":[{"href":"http:\/\/www.tenis-krka.org\/index.php?rest_route=\/wp\/v2\/posts\/4872","targetHints":{"allow":["GET"]}}],"collection":[{"href":"http:\/\/www.tenis-krka.org\/index.php?rest_route=\/wp\/v2\/posts"}],"about":[{"href":"http:\/\/www.tenis-krka.org\/index.php?rest_route=\/wp\/v2\/types\/post"}],"author":[{"embeddable":true,"href":"http:\/\/www.tenis-krka.org\/index.php?rest_route=\/wp\/v2\/users\/1"}],"replies":[{"embeddable":true,"href":"http:\/\/www.tenis-krka.org\/index.php?rest_route=%2Fwp%2Fv2%2Fcomments&post=4872"}],"version-history":[{"count":2,"href":"http:\/\/www.tenis-krka.org\/index.php?rest_route=\/wp\/v2\/posts\/4872\/revisions"}],"predecessor-version":[{"id":4892,"href":"http:\/\/www.tenis-krka.org\/index.php?rest_route=\/wp\/v2\/posts\/4872\/revisions\/4892"}],"wp:featuredmedia":[{"embeddable":true,"href":"http:\/\/www.tenis-krka.org\/index.php?rest_route=\/wp\/v2\/media\/4886"}],"wp:attachment":[{"href":"http:\/\/www.tenis-krka.org\/index.php?rest_route=%2Fwp%2Fv2%2Fmedia&parent=4872"}],"wp:term":[{"taxonomy":"category","embeddable":true,"href":"http:\/\/www.tenis-krka.org\/index.php?rest_route=%2Fwp%2Fv2%2Fcategories&post=4872"},{"taxonomy":"post_tag","embeddable":true,"href":"http:\/\/www.tenis-krka.org\/index.php?rest_route=%2Fwp%2Fv2%2Ftags&post=4872"}],"curies":[{"name":"wp","href":"https:\/\/api.w.org\/{rel}","templated":true}]}}