{"id":4869,"date":"2023-04-11T23:43:50","date_gmt":"2023-04-11T21:43:50","guid":{"rendered":"http:\/\/www.tenis-krka.org\/?p=4869"},"modified":"2023-04-11T23:51:16","modified_gmt":"2023-04-11T21:51:16","slug":"marko-retelj-uspesen-na-losinju","status":"publish","type":"post","link":"http:\/\/www.tenis-krka.org\/?p=4869","title":{"rendered":"Marko Retelj uspe\u0161en na Lo\u0161inju!"},"content":{"rendered":"<p>Marko Retelj se je v marcu udele\u017eil mednarodnega turnirja U16 Adriatic Cup Veli Lo\u0161inj.<\/p>\n<p>Med posamezniki se je prebil skozi kvalifikacije, v prvem krogu glavnega turnirja pa je bil od njega mo\u010dnej\u0161i Jan Kluczynski (POL) z rezultatom 75 64.<\/p>\n<p>V paru z Maticem Hribarjem pa sta se prebila vse do finala turnirja dvojic, kjer sta prvopostavljena nasprotnika nadigrala z rezultatom 61 60.<\/p>\n<p>Iskrene \u010destitke Marko!<\/p>\n<p><a href=\"http:\/\/www.tenis-krka.org\/wp-content\/uploads\/2023\/04\/marko.jpg\"><img loading=\"lazy\" decoding=\"async\" class=\"alignnone size-medium wp-image-4870\" src=\"http:\/\/www.tenis-krka.org\/wp-content\/uploads\/2023\/04\/marko-300x182.jpg\" alt=\"\" width=\"300\" height=\"182\" srcset=\"http:\/\/www.tenis-krka.org\/wp-content\/uploads\/2023\/04\/marko-300x182.jpg 300w, http:\/\/www.tenis-krka.org\/wp-content\/uploads\/2023\/04\/marko.jpg 750w\" sizes=\"auto, (max-width: 300px) 100vw, 300px\" \/><\/a><\/p>\n","protected":false},"excerpt":{"rendered":"<p>Marko Retelj se je v marcu udele\u017eil mednarodnega turnirja U16 Adriatic Cup Veli Lo\u0161inj. Med posamezniki se je prebil skozi kvalifikacije, v prvem krogu glavnega turnirja pa je bil od njega mo\u010dnej\u0161i Jan Kluczynski (POL) z rezultatom 75 64. V paru z Maticem Hribarjem pa sta se prebila vse do finala turnirja dvojic, kjer sta [&hellip;]<\/p>\n","protected":false},"author":1,"featured_media":4870,"comment_status":"closed","ping_status":"closed","sticky":false,"template":"","format":"standard","meta":{"ngg_post_thumbnail":0,"footnotes":""},"categories":[49],"tags":[],"class_list":["post-4869","post","type-post","status-publish","format-standard","has-post-thumbnail","hentry","category-marko-retelj"],"aioseo_notices":[],"_links":{"self":[{"href":"http:\/\/www.tenis-krka.org\/index.php?rest_route=\/wp\/v2\/posts\/4869","targetHints":{"allow":["GET"]}}],"collection":[{"href":"http:\/\/www.tenis-krka.org\/index.php?rest_route=\/wp\/v2\/posts"}],"about":[{"href":"http:\/\/www.tenis-krka.org\/index.php?rest_route=\/wp\/v2\/types\/post"}],"author":[{"embeddable":true,"href":"http:\/\/www.tenis-krka.org\/index.php?rest_route=\/wp\/v2\/users\/1"}],"replies":[{"embeddable":true,"href":"http:\/\/www.tenis-krka.org\/index.php?rest_route=%2Fwp%2Fv2%2Fcomments&post=4869"}],"version-history":[{"count":2,"href":"http:\/\/www.tenis-krka.org\/index.php?rest_route=\/wp\/v2\/posts\/4869\/revisions"}],"predecessor-version":[{"id":4891,"href":"http:\/\/www.tenis-krka.org\/index.php?rest_route=\/wp\/v2\/posts\/4869\/revisions\/4891"}],"wp:featuredmedia":[{"embeddable":true,"href":"http:\/\/www.tenis-krka.org\/index.php?rest_route=\/wp\/v2\/media\/4870"}],"wp:attachment":[{"href":"http:\/\/www.tenis-krka.org\/index.php?rest_route=%2Fwp%2Fv2%2Fmedia&parent=4869"}],"wp:term":[{"taxonomy":"category","embeddable":true,"href":"http:\/\/www.tenis-krka.org\/index.php?rest_route=%2Fwp%2Fv2%2Fcategories&post=4869"},{"taxonomy":"post_tag","embeddable":true,"href":"http:\/\/www.tenis-krka.org\/index.php?rest_route=%2Fwp%2Fv2%2Ftags&post=4869"}],"curies":[{"name":"wp","href":"https:\/\/api.w.org\/{rel}","templated":true}]}}