{"id":4853,"date":"2023-03-26T14:23:41","date_gmt":"2023-03-26T12:23:41","guid":{"rendered":"http:\/\/www.tenis-krka.org\/?p=4853"},"modified":"2023-03-26T14:23:41","modified_gmt":"2023-03-26T12:23:41","slug":"nasi-najmlajsi-na-regijskem-satelitu-v-novem-mestu","status":"publish","type":"post","link":"http:\/\/www.tenis-krka.org\/?p=4853","title":{"rendered":"Na\u0161i najmlaj\u0161i na regijskem satelitu v Novem mestu!"},"content":{"rendered":"<p>Na\u0161i najmlaj\u0161i igralci iz teni\u0161ke \u0161ole so se ponovno udele\u017eili regijskega satelita v kategorijah mini, midi in maxi tenis, ki je tokrat potekal na igri\u0161\u010dih TK Portovald v Novem mestu.<\/p>\n<p>Udele\u017eilo se ga je ve\u010d kot 20 igralcev iz na\u0161ega kluba in za nekatere je bil to prvi nastop na tekmovanju. Vsem igralcem \u010destitamo za pogum!<\/p>\n<p>Zahvaljujemo se Teni\u0161ki zvezi Slovenija za spodbujanje takih projektov in organizatorju tekmovanja!<\/p>\nngg_shortcode_0_placeholder\n","protected":false},"excerpt":{"rendered":"<p>Na\u0161i najmlaj\u0161i igralci iz teni\u0161ke \u0161ole so se ponovno udele\u017eili regijskega satelita v kategorijah mini, midi in maxi tenis, ki je tokrat potekal na igri\u0161\u010dih TK Portovald v Novem mestu. Udele\u017eilo se ga je ve\u010d kot 20 igralcev iz na\u0161ega kluba in za nekatere je bil to prvi nastop na tekmovanju. Vsem igralcem \u010destitamo za [&hellip;]<\/p>\n","protected":false},"author":1,"featured_media":4859,"comment_status":"closed","ping_status":"closed","sticky":false,"template":"","format":"standard","meta":{"ngg_post_thumbnail":0,"footnotes":""},"categories":[7],"tags":[],"class_list":["post-4853","post","type-post","status-publish","format-standard","has-post-thumbnail","hentry","category-tsola"],"aioseo_notices":[],"_links":{"self":[{"href":"http:\/\/www.tenis-krka.org\/index.php?rest_route=\/wp\/v2\/posts\/4853","targetHints":{"allow":["GET"]}}],"collection":[{"href":"http:\/\/www.tenis-krka.org\/index.php?rest_route=\/wp\/v2\/posts"}],"about":[{"href":"http:\/\/www.tenis-krka.org\/index.php?rest_route=\/wp\/v2\/types\/post"}],"author":[{"embeddable":true,"href":"http:\/\/www.tenis-krka.org\/index.php?rest_route=\/wp\/v2\/users\/1"}],"replies":[{"embeddable":true,"href":"http:\/\/www.tenis-krka.org\/index.php?rest_route=%2Fwp%2Fv2%2Fcomments&post=4853"}],"version-history":[{"count":1,"href":"http:\/\/www.tenis-krka.org\/index.php?rest_route=\/wp\/v2\/posts\/4853\/revisions"}],"predecessor-version":[{"id":4861,"href":"http:\/\/www.tenis-krka.org\/index.php?rest_route=\/wp\/v2\/posts\/4853\/revisions\/4861"}],"wp:featuredmedia":[{"embeddable":true,"href":"http:\/\/www.tenis-krka.org\/index.php?rest_route=\/wp\/v2\/media\/4859"}],"wp:attachment":[{"href":"http:\/\/www.tenis-krka.org\/index.php?rest_route=%2Fwp%2Fv2%2Fmedia&parent=4853"}],"wp:term":[{"taxonomy":"category","embeddable":true,"href":"http:\/\/www.tenis-krka.org\/index.php?rest_route=%2Fwp%2Fv2%2Fcategories&post=4853"},{"taxonomy":"post_tag","embeddable":true,"href":"http:\/\/www.tenis-krka.org\/index.php?rest_route=%2Fwp%2Fv2%2Ftags&post=4853"}],"curies":[{"name":"wp","href":"https:\/\/api.w.org\/{rel}","templated":true}]}}