{"id":4682,"date":"2022-04-19T13:48:13","date_gmt":"2022-04-19T11:48:13","guid":{"rendered":"http:\/\/www.tenis-krka.org\/?p=4682"},"modified":"2022-04-19T13:49:01","modified_gmt":"2022-04-19T11:49:01","slug":"ziva-falkner-zastopala-slovenijo-na-pokalu-billie-jean-king","status":"publish","type":"post","link":"http:\/\/www.tenis-krka.org\/?p=4682","title":{"rendered":"\u017diva Falkner zastopala Slovenijo na Pokalu Billie Jean King"},"content":{"rendered":"<p>Pretekli teden je \u017diva Falkner kot \u010dlanica slovenske \u017eenske reprezentance odpotovala v tur\u0161ko Antalyo. Slovenija je v prvi evro-afri\u0161ki skupini odigrala 6 dvobojev in si \u017ee v prvih \u0161tirih dnevih priborila 4 zmage proti Gruziji, Hrva\u0161ki, Bolgariji in Avstriji ter si tako zagotovila preboj v vi\u0161ji rang tekmovanja. Zadnja dvoboja proti \u0160vedski in Mad\u017earski je Slovenija sicer izgubila, vendar to ni vplivala na kon\u010den rezultat.&nbsp;<\/p>\n<p>Reprezentanco so poleg \u017dive sestavljale \u0161e Kaja Juvan, Tamara Zidan\u0161ek, Pia Lovri\u010d- in Lara Smjekal.<\/p>\n<p>\u017diva je na igri\u0161\u010de stopila 5-krat. V prvih dnevih tekmovanja je v dvojicah nastopila proti Bolgariji in Gruziji. Peti dan tekmovanja pa je dobila prvo prilo\u017enost za nastop v tekmo posamezno in jo tudi gladko izkoristila. Takoj zatem je odigrala \u0161e tekmo dvojic.<\/p>\n<p>Zadnji dan tekmovanja je ponovno dobila prilo\u017enost za tekmo posamezno, tokrat proti 72. igralki sveta &#8211; Anni Bondar, ki je bila bolj\u0161a od \u017dive z rezultatom 64 62. Po tekmi je \u017diva za Teni\u0161ko zvezo Slovenija podala izjavo:<\/p>\n<blockquote><p>&nbsp;\u201cOdigrala sem dobro tekmo. Ni bilo nobenega strahu. V dvoboju sem se borila za vsako to\u010dko. Prvi\u010d sem igrala proti TOP 100 igralki. Mislim, da sem se dobro upirala. Ima res dober servis. To je res lepa izku\u0161nja, videla sem, da se lahko kosam z najbolj\u0161imi na svetu. Bila je kot tiger na igri\u0161\u010du. Ima zelo mo\u010dno igro, sploh nima slabega udarca. Zdaj imam en teden prosto, potem pa se vra\u010dam na turnirje. Najprej v Zagrebu, potem pa grem \u0161e v Koper. \u201c<\/p><\/blockquote>\n<p>\u010cestitke!<\/p>\n<p>ngg_shortcode_0_placeholderFoto: Tenis Slovenija<\/p>\n","protected":false},"excerpt":{"rendered":"<p>Pretekli teden je \u017diva Falkner kot \u010dlanica slovenske \u017eenske reprezentance odpotovala v tur\u0161ko Antalyo. Slovenija je v prvi evro-afri\u0161ki skupini odigrala 6 dvobojev in si \u017ee v prvih \u0161tirih dnevih priborila 4 zmage proti Gruziji, Hrva\u0161ki, Bolgariji in Avstriji ter si tako zagotovila preboj v vi\u0161ji rang tekmovanja. Zadnja dvoboja proti \u0160vedski in Mad\u017earski je [&hellip;]<\/p>\n","protected":false},"author":1,"featured_media":4689,"comment_status":"closed","ping_status":"closed","sticky":false,"template":"","format":"standard","meta":{"ngg_post_thumbnail":0,"footnotes":""},"categories":[47],"tags":[],"class_list":["post-4682","post","type-post","status-publish","format-standard","has-post-thumbnail","hentry","category-ziva-falkner"],"aioseo_notices":[],"_links":{"self":[{"href":"http:\/\/www.tenis-krka.org\/index.php?rest_route=\/wp\/v2\/posts\/4682","targetHints":{"allow":["GET"]}}],"collection":[{"href":"http:\/\/www.tenis-krka.org\/index.php?rest_route=\/wp\/v2\/posts"}],"about":[{"href":"http:\/\/www.tenis-krka.org\/index.php?rest_route=\/wp\/v2\/types\/post"}],"author":[{"embeddable":true,"href":"http:\/\/www.tenis-krka.org\/index.php?rest_route=\/wp\/v2\/users\/1"}],"replies":[{"embeddable":true,"href":"http:\/\/www.tenis-krka.org\/index.php?rest_route=%2Fwp%2Fv2%2Fcomments&post=4682"}],"version-history":[{"count":2,"href":"http:\/\/www.tenis-krka.org\/index.php?rest_route=\/wp\/v2\/posts\/4682\/revisions"}],"predecessor-version":[{"id":4691,"href":"http:\/\/www.tenis-krka.org\/index.php?rest_route=\/wp\/v2\/posts\/4682\/revisions\/4691"}],"wp:featuredmedia":[{"embeddable":true,"href":"http:\/\/www.tenis-krka.org\/index.php?rest_route=\/wp\/v2\/media\/4689"}],"wp:attachment":[{"href":"http:\/\/www.tenis-krka.org\/index.php?rest_route=%2Fwp%2Fv2%2Fmedia&parent=4682"}],"wp:term":[{"taxonomy":"category","embeddable":true,"href":"http:\/\/www.tenis-krka.org\/index.php?rest_route=%2Fwp%2Fv2%2Fcategories&post=4682"},{"taxonomy":"post_tag","embeddable":true,"href":"http:\/\/www.tenis-krka.org\/index.php?rest_route=%2Fwp%2Fv2%2Ftags&post=4682"}],"curies":[{"name":"wp","href":"https:\/\/api.w.org\/{rel}","templated":true}]}}