{"id":4678,"date":"2022-04-15T14:20:14","date_gmt":"2022-04-15T12:20:14","guid":{"rendered":"http:\/\/www.tenis-krka.org\/?p=4678"},"modified":"2022-04-15T14:20:14","modified_gmt":"2022-04-15T12:20:14","slug":"nasi-najmlajsi-na-turnirju-v-termah-catez","status":"publish","type":"post","link":"http:\/\/www.tenis-krka.org\/?p=4678","title":{"rendered":"Na\u0161i najmlaj\u0161i na turnirju v Termah \u010cate\u017e"},"content":{"rendered":"<p>Pretekli vikend je na teni\u0161kih igri\u0161\u010dih v Termah \u010cate\u017e potekal turnir 8-11 let katerega so se udele\u017eili tudi \u010dlani na\u0161ega kluba.<\/p>\n<p>V mini in midi tenisu so nastopili \u010crt \u0160a\u0161ek, Erik Tubak in Erik \u0160krbec. V obeh kategorijah so najprej odigrali tekme v skupinskem, nato pa \u0161e v glavnem ali tola\u017eilnem delu. Vsem trem \u010destitamo za pogumno udele\u017ebo!<\/p>\n<p>V kategorijah tenis do 10 in tenis do 11 let pa je nastopila Lina Sarhatli\u0107. V kategoriji do 10 let je osvojila odli\u010dno 2. mesto, v tenisu do 11 let pa je zmagala v tola\u017eilnem delu.<\/p>\n<p>\u010cestitamo!<\/p>\n<p><a href=\"http:\/\/www.tenis-krka.org\/wp-content\/uploads\/2022\/04\/image0000008.jpg\"><img loading=\"lazy\" decoding=\"async\" class=\"alignnone size-medium wp-image-4679\" src=\"http:\/\/www.tenis-krka.org\/wp-content\/uploads\/2022\/04\/image0000008-169x300.jpg\" alt=\"\" width=\"169\" height=\"300\" srcset=\"http:\/\/www.tenis-krka.org\/wp-content\/uploads\/2022\/04\/image0000008-169x300.jpg 169w, http:\/\/www.tenis-krka.org\/wp-content\/uploads\/2022\/04\/image0000008.jpg 360w\" sizes=\"auto, (max-width: 169px) 100vw, 169px\" \/><\/a><\/p>\n","protected":false},"excerpt":{"rendered":"<p>Pretekli vikend je na teni\u0161kih igri\u0161\u010dih v Termah \u010cate\u017e potekal turnir 8-11 let katerega so se udele\u017eili tudi \u010dlani na\u0161ega kluba. V mini in midi tenisu so nastopili \u010crt \u0160a\u0161ek, Erik Tubak in Erik \u0160krbec. V obeh kategorijah so najprej odigrali tekme v skupinskem, nato pa \u0161e v glavnem ali tola\u017eilnem delu. Vsem trem \u010destitamo [&hellip;]<\/p>\n","protected":false},"author":1,"featured_media":4679,"comment_status":"closed","ping_status":"closed","sticky":false,"template":"","format":"standard","meta":{"ngg_post_thumbnail":0,"footnotes":""},"categories":[6],"tags":[],"class_list":["post-4678","post","type-post","status-publish","format-standard","has-post-thumbnail","hentry","category-rezult"],"aioseo_notices":[],"_links":{"self":[{"href":"http:\/\/www.tenis-krka.org\/index.php?rest_route=\/wp\/v2\/posts\/4678","targetHints":{"allow":["GET"]}}],"collection":[{"href":"http:\/\/www.tenis-krka.org\/index.php?rest_route=\/wp\/v2\/posts"}],"about":[{"href":"http:\/\/www.tenis-krka.org\/index.php?rest_route=\/wp\/v2\/types\/post"}],"author":[{"embeddable":true,"href":"http:\/\/www.tenis-krka.org\/index.php?rest_route=\/wp\/v2\/users\/1"}],"replies":[{"embeddable":true,"href":"http:\/\/www.tenis-krka.org\/index.php?rest_route=%2Fwp%2Fv2%2Fcomments&post=4678"}],"version-history":[{"count":2,"href":"http:\/\/www.tenis-krka.org\/index.php?rest_route=\/wp\/v2\/posts\/4678\/revisions"}],"predecessor-version":[{"id":4681,"href":"http:\/\/www.tenis-krka.org\/index.php?rest_route=\/wp\/v2\/posts\/4678\/revisions\/4681"}],"wp:featuredmedia":[{"embeddable":true,"href":"http:\/\/www.tenis-krka.org\/index.php?rest_route=\/wp\/v2\/media\/4679"}],"wp:attachment":[{"href":"http:\/\/www.tenis-krka.org\/index.php?rest_route=%2Fwp%2Fv2%2Fmedia&parent=4678"}],"wp:term":[{"taxonomy":"category","embeddable":true,"href":"http:\/\/www.tenis-krka.org\/index.php?rest_route=%2Fwp%2Fv2%2Fcategories&post=4678"},{"taxonomy":"post_tag","embeddable":true,"href":"http:\/\/www.tenis-krka.org\/index.php?rest_route=%2Fwp%2Fv2%2Ftags&post=4678"}],"curies":[{"name":"wp","href":"https:\/\/api.w.org\/{rel}","templated":true}]}}