{"id":4673,"date":"2022-04-10T13:56:05","date_gmt":"2022-04-10T11:56:05","guid":{"rendered":"http:\/\/www.tenis-krka.org\/?p=4673"},"modified":"2022-04-10T13:56:05","modified_gmt":"2022-04-10T11:56:05","slug":"ziva-falkner-v-turciji-na-tekmovanju-billie-jean-king-cup","status":"publish","type":"post","link":"http:\/\/www.tenis-krka.org\/?p=4673","title":{"rendered":"\u017diva Falkner v Tur\u010diji na tekmovanju Billie Jean King Cup"},"content":{"rendered":"<p>\u017diva Falkner se je prvi\u010d uvrstila v slovensko \u010dlansko reprezentanco in bo v tur\u0161ki Antalyi zastopala Slovenijo skupaj z obema najbolj\u0161ima igralkama &#8211; Tamaro Zidan\u0161ek in Kajo Juvan, s svojo dobro prijateljico Pio Lovri\u010d in najbolj\u0161o mladinko Laro Smejkal.<\/p>\n<p>\u017diva je \u017ee od za\u010detka leta 2022 na poti. Odigrala je 3 turnirje W15&nbsp; v Egiptu in nato 3 turnirje W15 v Antalyi, kjer sedaj \u010daka, da se ji pridru\u017eijo preostale \u010dlanice reprezentance. Na turnirjih sicer ni pri\u0161la do uspehov, ki si jih je \u017eelela, vendar se po\u010duti pripravljeno. Za Teni\u0161ko zvezo Slovenija je povedala:<\/p>\n<blockquote><p><em>Jaz sem \u017ee 6 tednov na poti, zdaj pa sem \u017ee v Antalyi. Danes sem si ogledala prizori\u0161\u010de. Turkinje so danes \u017ee trenirale. Igri\u0161\u010da se mi zdijo zelo po\u010dasna, kar je, vsaj zame, dobro. Vreme je lepo. Sama sem prvi\u010d v \u010dlanski reprezentanci. Veselim se in sem po\u010da\u0161\u010dena, da sem del ekipe. \u010ceprav rezultati tega ne ka\u017eejo pa sem trenutno v dobri formi. Iz tedna v teden igram bolj\u0161i tenis.<\/em><\/p><\/blockquote>\n<p>Tekme skupinskega dela bodo potekale od 11. &#8211; 15. aprila, play-off pa v soboto 16. aprila. Selektor ekipe je Andrej Kra\u0161evec, njegov pomo\u010dnik pa Bla\u017e Kav\u010di\u010d.&nbsp;<\/p>\n<p><a href=\"http:\/\/www.tenis-krka.org\/wp-content\/uploads\/2022\/04\/Screenshot_20220407-184837_Instagram.jpg\"><img loading=\"lazy\" decoding=\"async\" class=\"alignnone size-medium wp-image-4674\" src=\"http:\/\/www.tenis-krka.org\/wp-content\/uploads\/2022\/04\/Screenshot_20220407-184837_Instagram-300x273.jpg\" alt=\"\" width=\"300\" height=\"273\" srcset=\"http:\/\/www.tenis-krka.org\/wp-content\/uploads\/2022\/04\/Screenshot_20220407-184837_Instagram-300x273.jpg 300w, http:\/\/www.tenis-krka.org\/wp-content\/uploads\/2022\/04\/Screenshot_20220407-184837_Instagram-1024x933.jpg 1024w, http:\/\/www.tenis-krka.org\/wp-content\/uploads\/2022\/04\/Screenshot_20220407-184837_Instagram-768x700.jpg 768w, http:\/\/www.tenis-krka.org\/wp-content\/uploads\/2022\/04\/Screenshot_20220407-184837_Instagram.jpg 1080w\" sizes=\"auto, (max-width: 300px) 100vw, 300px\" \/><\/a><\/p>\n","protected":false},"excerpt":{"rendered":"<p>\u017diva Falkner se je prvi\u010d uvrstila v slovensko \u010dlansko reprezentanco in bo v tur\u0161ki Antalyi zastopala Slovenijo skupaj z obema najbolj\u0161ima igralkama &#8211; Tamaro Zidan\u0161ek in Kajo Juvan, s svojo dobro prijateljico Pio Lovri\u010d in najbolj\u0161o mladinko Laro Smejkal. \u017diva je \u017ee od za\u010detka leta 2022 na poti. Odigrala je 3 turnirje W15&nbsp; v Egiptu [&hellip;]<\/p>\n","protected":false},"author":1,"featured_media":4674,"comment_status":"closed","ping_status":"closed","sticky":false,"template":"","format":"standard","meta":{"ngg_post_thumbnail":0,"footnotes":""},"categories":[47],"tags":[],"class_list":["post-4673","post","type-post","status-publish","format-standard","has-post-thumbnail","hentry","category-ziva-falkner"],"aioseo_notices":[],"_links":{"self":[{"href":"http:\/\/www.tenis-krka.org\/index.php?rest_route=\/wp\/v2\/posts\/4673","targetHints":{"allow":["GET"]}}],"collection":[{"href":"http:\/\/www.tenis-krka.org\/index.php?rest_route=\/wp\/v2\/posts"}],"about":[{"href":"http:\/\/www.tenis-krka.org\/index.php?rest_route=\/wp\/v2\/types\/post"}],"author":[{"embeddable":true,"href":"http:\/\/www.tenis-krka.org\/index.php?rest_route=\/wp\/v2\/users\/1"}],"replies":[{"embeddable":true,"href":"http:\/\/www.tenis-krka.org\/index.php?rest_route=%2Fwp%2Fv2%2Fcomments&post=4673"}],"version-history":[{"count":1,"href":"http:\/\/www.tenis-krka.org\/index.php?rest_route=\/wp\/v2\/posts\/4673\/revisions"}],"predecessor-version":[{"id":4675,"href":"http:\/\/www.tenis-krka.org\/index.php?rest_route=\/wp\/v2\/posts\/4673\/revisions\/4675"}],"wp:featuredmedia":[{"embeddable":true,"href":"http:\/\/www.tenis-krka.org\/index.php?rest_route=\/wp\/v2\/media\/4674"}],"wp:attachment":[{"href":"http:\/\/www.tenis-krka.org\/index.php?rest_route=%2Fwp%2Fv2%2Fmedia&parent=4673"}],"wp:term":[{"taxonomy":"category","embeddable":true,"href":"http:\/\/www.tenis-krka.org\/index.php?rest_route=%2Fwp%2Fv2%2Fcategories&post=4673"},{"taxonomy":"post_tag","embeddable":true,"href":"http:\/\/www.tenis-krka.org\/index.php?rest_route=%2Fwp%2Fv2%2Ftags&post=4673"}],"curies":[{"name":"wp","href":"https:\/\/api.w.org\/{rel}","templated":true}]}}